{"id":178862,"date":"2019-07-07T10:46:09","date_gmt":"2019-07-07T07:46:09","guid":{"rendered":"http:\/\/www.tvturk.com\/index.php\/kuzey-irakin-ofislerini-turk-mobilyalari-susleyecek\/"},"modified":"2019-07-07T10:46:09","modified_gmt":"2019-07-07T07:46:09","slug":"kuzey-irakin-ofislerini-turk-mobilyalari-susleyecek","status":"publish","type":"post","link":"http:\/\/www.tvturk.com\/index.php\/kuzey-irakin-ofislerini-turk-mobilyalari-susleyecek\/","title":{"rendered":"Kuzey Irak\u2019\u0131n ofislerini T\u00fcrk mobilyalar\u0131 s\u00fcsleyecek"},"content":{"rendered":"<p>Kuzey Irak\u2019\u0131n ofislerini 2023 y\u0131l\u0131 i\u00e7in 250 milyon dolar ihracat hedefi koyan T\u00fcrk ofis mobilyalar\u0131 sekt\u00f6r\u00fc donatacak.<\/p>\n<p>T\u00fcrkiye\u2019nin mobilya ihracat\u0131nda \u00f6nemli kalemlerden biri olan ofis mobilyalar\u0131 sekt\u00f6r\u00fc, T\u00fcrkiye\u2019nin mobilya ihracat\u0131nda lider konumdaki Kuzey Irak\u2019ta konumunu g\u00fc\u00e7lendirmek i\u00e7in Erbil\u2019e &#8220;Sekt\u00f6rel Ticaret Heyeti Organizasyonu&#8221; ger\u00e7ekle\u015ftirdi. Ofis Mobilyalar\u0131 Sanayicileri Derne\u011fi (OF\u0130SMOD) Y\u00f6netim Kurulu Ba\u015fkan\u0131 G\u00f6khan Hepkafadar\u2019\u0131n ba\u015fkanl\u0131\u011f\u0131ndaki heyet, Kuzey Irak\u2019\u0131n en b\u00fcy\u00fck kenti Erbil\u2019de ofis mobilyalar\u0131 ithalat\u00e7\u0131lar\u0131yla bir araya gelerek ikili g\u00f6r\u00fc\u015fmeler yapt\u0131.<\/p>\n<p>Ege \u0130hracat\u00e7\u0131 Birlikleri verilerine g\u00f6re T\u00fcrkiye\u2019nin 2018 y\u0131l\u0131nda 3.1 milyar dolar mobilya ihracat\u0131 yapt\u0131\u011f\u0131n\u0131, Irak\u2019\u0131n mobilya ihracat\u0131nda 460 milyon dolarl\u0131k tutarla lider pazar oldu\u011funu dile getiren OF\u0130SMOD Y\u00f6netim Kurulu Ba\u015fkan\u0131 G\u00f6khan Hepkafadar, &#8220;Erbil Havaliman\u0131\u2019n\u0131n yan\u0131nda yeni b\u00fcy\u00fck bir \u015fehir kuruluyor. T\u00fcrk \u00fcr\u00fcnlerine b\u00fcy\u00fck bir ilgi ve sempatileri var. \u0130hracat\u0131m\u0131z\u0131 artt\u0131rmak i\u00e7in son derece uygun bir ortam var. Son derece verimli ikili i\u015f g\u00f6r\u00fc\u015fmelerimiz oldu. G\u00f6r\u00fc\u015fmelerimizin yak\u0131n zamanda ihracat sipari\u015flerine d\u00f6n\u00fc\u015fmesini bekliyoruz&#8221; \u015feklinde konu\u015ftu.<\/p>\n<p>Erbil Ba\u015fkonsoloslu\u011fu Ticaret Ata\u015fesi Zihni Tu\u011frul ile verimli bir g\u00f6r\u00fc\u015fme yapt\u0131klar\u0131n\u0131 belirten Hepkafadar, s\u00f6zlerini \u015f\u00f6yle tamamlad\u0131:<\/p>\n<p>&#8220;Say\u0131n Ticaret Ata\u015femiz Zihni Tu\u011frul, Irak pazar\u0131nda daha etkin nas\u0131l olabilece\u011fimiz konusunda bize \u00e7ok g\u00fczel t\u00fcyolar verdi. Erbil\u2019in b\u00f6lgede \u015fu an en g\u00fcvenli kent oldu\u011funu ancak ticarette \u00e7ok dikkatli olmam\u0131z gerekti\u011fini, kesinlikle pe\u015fin \u00e7al\u0131\u015f\u0131lmas\u0131 gerekti\u011fini bildirdiler. Ge\u00e7mi\u015f y\u0131llarda \u00e7ok fazla say\u0131da T\u00fcrk firmas\u0131n\u0131n bu y\u00fczden ma\u011fdur oldu\u011funu belirttiler. Fakat buna kar\u015f\u0131l\u0131k Erbil\u2019in \u00e7ok h\u0131zl\u0131 b\u00fcy\u00fcd\u00fc\u011f\u00fcn\u00fc, T\u00fcrk firmalar\u0131na a\u015f\u0131r\u0131 talep oldu\u011funu s\u00f6ylediler.&#8221;<\/p>\n<p>OF\u0130SMOD\u2019un Kuzey Irak i\u015f gezisine OF\u0130SMOD Y\u00f6netim Kurulu Ba\u015fkan\u0131 G\u00f6khan Hepkafadar ile birlikte OF\u0130SMOD \u00fcyesi olan Offix Koltuklar\u0131\u2019ndan G\u00fcrkan \u00c7i\u011fdem ve Serdar \u00c7i\u011fdem, Ofixnotte firmas\u0131ndan U\u011fur \u00c7akmak, Safa Duman e\u015flik etti.<\/p>\n","protected":false},"excerpt":{"rendered":"<p>KUZEY IRAK&#8217;IN OF\u0130SLER\u0130N\u0130 2023 YILI \u0130\u00c7\u0130N 250 M\u0130LYON DOLAR \u0130HRACAT HEDEF\u0130 KOYAN T\u00dcRK OF\u0130S MOB\u0130LYALARI SEKT\u00d6R\u00dc DONATACAK.  (SOLDAN SA\u011eA; U\u011eUR \u00c7AKMAK, G\u00d6KHAN HEPKAFADAR, Z\u0130HN\u0130 TU\u011eRUL (ERB\u0130L T\u0130CARET ATA\u015eES\u0130), G\u00dcRKAN \u00c7\u0130\u011eDEM, SERDAR \u00c7\u0130\u011eDEM VE SAFA DUMAN)<\/p>\n","protected":false},"author":1,"featured_media":178863,"comment_status":"closed","ping_status":"open","sticky":false,"template":"","format":"standard","meta":{"jetpack_post_was_ever_published":false,"_jetpack_newsletter_access":"","_jetpack_dont_email_post_to_subs":false,"_jetpack_newsletter_tier_id":0,"_jetpack_memberships_contains_paywalled_content":false,"_jetpack_memberships_contains_paid_content":false,"footnotes":"","jetpack_publicize_message":"","jetpack_publicize_feature_enabled":true,"jetpack_social_post_already_shared":true,"jetpack_social_options":{"image_generator_settings":{"template":"highway","default_image_id":0,"font":"","enabled":false},"version":2}},"categories":[19],"tags":[7859,9741,43881,43880,12433,957],"class_list":["post-178862","post","type-post","status-publish","format-standard","has-post-thumbnail","hentry","category-ekonomi","tag-irakin","tag-kuzey","tag-mobilyalari","tag-ofislerini","tag-susleyecek","tag-turk"],"jetpack_publicize_connections":[],"jetpack_featured_media_url":"https:\/\/i0.wp.com\/www.tvturk.com\/wp-content\/uploads\/2019\/07\/kuzey-irakin-ofislerini-turk-mobilyalari-susleyecek_074f5b3.jpg?fit=1000%2C750","jetpack_sharing_enabled":true,"jetpack_shortlink":"https:\/\/wp.me\/paKIfm-KwS","_links":{"self":[{"href":"http:\/\/www.tvturk.com\/index.php\/wp-json\/wp\/v2\/posts\/178862","targetHints":{"allow":["GET"]}}],"collection":[{"href":"http:\/\/www.tvturk.com\/index.php\/wp-json\/wp\/v2\/posts"}],"about":[{"href":"http:\/\/www.tvturk.com\/index.php\/wp-json\/wp\/v2\/types\/post"}],"author":[{"embeddable":true,"href":"http:\/\/www.tvturk.com\/index.php\/wp-json\/wp\/v2\/users\/1"}],"replies":[{"embeddable":true,"href":"http:\/\/www.tvturk.com\/index.php\/wp-json\/wp\/v2\/comments?post=178862"}],"version-history":[{"count":0,"href":"http:\/\/www.tvturk.com\/index.php\/wp-json\/wp\/v2\/posts\/178862\/revisions"}],"wp:featuredmedia":[{"embeddable":true,"href":"http:\/\/www.tvturk.com\/index.php\/wp-json\/wp\/v2\/media\/178863"}],"wp:attachment":[{"href":"http:\/\/www.tvturk.com\/index.php\/wp-json\/wp\/v2\/media?parent=178862"}],"wp:term":[{"taxonomy":"category","embeddable":true,"href":"http:\/\/www.tvturk.com\/index.php\/wp-json\/wp\/v2\/categories?post=178862"},{"taxonomy":"post_tag","embeddable":true,"href":"http:\/\/www.tvturk.com\/index.php\/wp-json\/wp\/v2\/tags?post=178862"}],"curies":[{"name":"wp","href":"https:\/\/api.w.org\/{rel}","templated":true}]}}