{"id":178874,"date":"2019-07-07T11:16:10","date_gmt":"2019-07-07T08:16:10","guid":{"rendered":"http:\/\/www.tvturk.com\/index.php\/sehirlesme-artti-bu-meslege-ilgi-de-azaldi\/"},"modified":"2019-07-07T11:16:10","modified_gmt":"2019-07-07T08:16:10","slug":"sehirlesme-artti-bu-meslege-ilgi-de-azaldi","status":"publish","type":"post","link":"http:\/\/www.tvturk.com\/index.php\/sehirlesme-artti-bu-meslege-ilgi-de-azaldi\/","title":{"rendered":"\u015eehirle\u015fme artt\u0131 bu mesle\u011fe ilgi de azald\u0131"},"content":{"rendered":"<p>\u00dclkemizde son y\u0131llarda \u00f6zellikle \u015fehirlerdeki yap\u0131la\u015fma nedeniyle tar\u0131m alanlar\u0131n\u0131n say\u0131s\u0131 h\u0131zla azalt\u0131rken baz\u0131 meslek gruplar\u0131 da bundan olumsuz \u015fekilde etkileniyor.<\/p>\n<p>Trabzon merkezde eskiden \u00e7ift\u00e7iler  bah\u00e7e ve tarlalarda  demirciler taraf\u0131ndan yap\u0131lan bel ve kazmalar\u0131 kullan\u0131l\u0131rken son y\u0131llarda  h\u0131zl\u0131 yap\u0131la\u015fma nedeniyle  bu alanlar\u0131n azalarak yerini beton binalara b\u0131rakmas\u0131  demircilerin i\u015fini durma noktas\u0131na getirdi.<\/p>\n<p>Trabzon\u2019da dededen kalma \u00fc\u00e7 ku\u015fakt\u0131r demircilik mesle\u011fini icra eden 40 y\u0131ll\u0131k demirci ustas\u0131 Murat Sevin\u00e7, art\u0131k kimsenin tarlaya gitmedi\u011fini belirterek buna ba\u011fl\u0131 olarak da i\u015flerinin art\u0131k bitme noktas\u0131na geldi\u011fini s\u00f6yledi.<\/p>\n<p>Trabzon\u2019un B\u00fcy\u00fck\u015fehir olmas\u0131n\u0131n ard\u0131ndan imarla\u015fmayla birlikte beton binalar\u0131n artt\u0131\u011f\u0131na dikkat \u00e7eken Sevin\u00e7, Ortahisar il\u00e7esinde bir zamanlar 10 kadar olan demirci d\u00fckkan\u0131ndan sadece 2 tanesinin ayakta  kald\u0131\u011f\u0131n\u0131 s\u00f6yledi.<\/p>\n<p>Tarlalar\u0131n bellenme d\u00f6nemi olan 3. ve 4. ayda yakla\u015f\u0131k 150 kadar bel yapt\u0131klar\u0131n\u0131 \u015fimdi ise bu say\u0131n\u0131n iki elin parma\u011f\u0131n\u0131 ge\u00e7medi\u011fini belirten Sevin\u00e7, \u201cBu mesle\u011fi \u00fc\u00e7 ku\u015fakt\u0131r s\u00fcrd\u00fcr\u00fcyoruz. Birinci ku\u015fak b\u00fcy\u00fck babam, ikinci ku\u015fak babam, \u00fc\u00e7\u00fcnc\u00fc ku\u015fak da benim. Eskiden bel, kazma, orak \u00e7ok yapard\u0131k. G\u00fcnde 10-15 tane sadece bel tamiri i\u00e7in gelen olurdu. Bunun yan\u0131nda kazmalar, baltalar \u00e7ok daha fazlayd\u0131. Say\u0131 baya\u011f\u0131 vard\u0131. D\u00fckkanda 3 ki\u015fi \u00e7al\u0131\u015f\u0131rd\u0131k. 40-50 y\u0131l \u00f6nce \u015fehir merkezinde yakla\u015f\u0131k 10 d\u00fckkan vard\u0131. \u015eimdi 2 tane kald\u0131. \u0130\u015flerimiz ise genelde y\u00fcksek kesimlerde tarla i\u015fiyle u\u011fra\u015fanlar\u0131n tamir i\u00e7in getirdikleri oraklar, beller ve kazalara kald\u0131. Eskiden sahil kesime yak\u0131n yerler domates, salatal\u0131k bah\u00e7esiydi. \u015eimdi yap\u0131la\u015fma oldu\u011fu i\u00e7in maalesef ekili alanlar kalmad\u0131. \u0130mar, yap\u0131la\u015fma Trabzon\u2019un verimli arazilerini bitirdi. \u00d6zellikle b\u00fcy\u00fck\u015fehir olduktan sonra \u015fimdi imar bar\u0131\u015f\u0131 da \u00e7\u0131k\u0131nca art\u0131k her yer binalarla doldu. \u0130\u015flenebilir arazi say\u0131s\u0131 \u00e7ok azald\u0131. Dolay\u0131s\u0131yla bizim i\u015fimizde bundan olumsuz y\u00f6nde etkilendi. Art\u0131k kapatma noktas\u0131na geldik diyebiliriz\u201d diye konu\u015ftu.<\/p>\n","protected":false},"excerpt":{"rendered":"<p>TRABZON\u2019DA DEDEN KALMA \u00dc\u00c7 KU\u015eAKTIR DEM\u0130RC\u0130L\u0130K MESLE\u011e\u0130N\u0130 \u0130CRA EDEN 40 YILLIK DEM\u0130RC\u0130 USTASI MURAT SEV\u0130N\u00c7, ARTIK K\u0130MSEN\u0130N TARLAYA G\u0130TMED\u0130\u011e\u0130N\u0130 BEL\u0130RTEREK BUNA BA\u011eLI OLARAK DA \u0130\u015eLER\u0130N\u0130N ARTIK B\u0130TME NOKTASINA GELD\u0130\u011e\u0130N\u0130 S\u00d6YLED\u0130.<\/p>\n","protected":false},"author":1,"featured_media":178875,"comment_status":"closed","ping_status":"open","sticky":false,"template":"","format":"standard","meta":{"jetpack_post_was_ever_published":false,"_jetpack_newsletter_access":"","_jetpack_dont_email_post_to_subs":false,"_jetpack_newsletter_tier_id":0,"_jetpack_memberships_contains_paywalled_content":false,"_jetpack_memberships_contains_paid_content":false,"footnotes":"","jetpack_publicize_message":"","jetpack_publicize_feature_enabled":true,"jetpack_social_post_already_shared":true,"jetpack_social_options":{"image_generator_settings":{"template":"highway","default_image_id":0,"font":"","enabled":false},"version":2}},"categories":[19],"tags":[2929,9703,1726,22939,43885],"class_list":["post-178874","post","type-post","status-publish","format-standard","has-post-thumbnail","hentry","category-ekonomi","tag-artti","tag-azaldi","tag-ilgi","tag-meslege","tag-sehirlesme"],"jetpack_publicize_connections":[],"jetpack_featured_media_url":"https:\/\/i0.wp.com\/www.tvturk.com\/wp-content\/uploads\/2019\/07\/sehirlesme-artti-bu-meslege-ilgi-de-azaldi_fb40a68.jpg?fit=1000%2C662","jetpack_sharing_enabled":true,"jetpack_shortlink":"https:\/\/wp.me\/paKIfm-Kx4","_links":{"self":[{"href":"http:\/\/www.tvturk.com\/index.php\/wp-json\/wp\/v2\/posts\/178874","targetHints":{"allow":["GET"]}}],"collection":[{"href":"http:\/\/www.tvturk.com\/index.php\/wp-json\/wp\/v2\/posts"}],"about":[{"href":"http:\/\/www.tvturk.com\/index.php\/wp-json\/wp\/v2\/types\/post"}],"author":[{"embeddable":true,"href":"http:\/\/www.tvturk.com\/index.php\/wp-json\/wp\/v2\/users\/1"}],"replies":[{"embeddable":true,"href":"http:\/\/www.tvturk.com\/index.php\/wp-json\/wp\/v2\/comments?post=178874"}],"version-history":[{"count":0,"href":"http:\/\/www.tvturk.com\/index.php\/wp-json\/wp\/v2\/posts\/178874\/revisions"}],"wp:featuredmedia":[{"embeddable":true,"href":"http:\/\/www.tvturk.com\/index.php\/wp-json\/wp\/v2\/media\/178875"}],"wp:attachment":[{"href":"http:\/\/www.tvturk.com\/index.php\/wp-json\/wp\/v2\/media?parent=178874"}],"wp:term":[{"taxonomy":"category","embeddable":true,"href":"http:\/\/www.tvturk.com\/index.php\/wp-json\/wp\/v2\/categories?post=178874"},{"taxonomy":"post_tag","embeddable":true,"href":"http:\/\/www.tvturk.com\/index.php\/wp-json\/wp\/v2\/tags?post=178874"}],"curies":[{"name":"wp","href":"https:\/\/api.w.org\/{rel}","templated":true}]}}