{"id":178892,"date":"2019-07-07T11:16:59","date_gmt":"2019-07-07T08:16:59","guid":{"rendered":"http:\/\/www.tvturk.com\/index.php\/adil-gevrek-bir-kac-oyuncuyla-resmiyete-yakiniz\/"},"modified":"2019-07-07T11:16:59","modified_gmt":"2019-07-07T08:16:59","slug":"adil-gevrek-bir-kac-oyuncuyla-resmiyete-yakiniz","status":"publish","type":"post","link":"http:\/\/www.tvturk.com\/index.php\/adil-gevrek-bir-kac-oyuncuyla-resmiyete-yakiniz\/","title":{"rendered":"Adil Gevrek: &#8220;Bir ka\u00e7 oyuncuyla resmiyete yak\u0131n\u0131z&#8221;"},"content":{"rendered":"<p>Transfer \u00e7al\u0131\u015fmalar\u0131na ili\u015fkin a\u00e7\u0131klamalarda bulunan Evkur Yeni Malatyaspor Ba\u015fkan\u0131 Adil Gevrek, &#8220;25 Temmuz\u2019da Avrupa ma\u00e7\u0131m\u0131z var. Bu tarih \u00f6ncesinde kadromuza bir ka\u00e7 takviye daha yapmak u\u011fra\u015f\u0131nday\u0131z. Bu y\u00f6nde yo\u011fun bir mesai harc\u0131yoruz. \u0130n\u015fallah g\u00f6r\u00fc\u015ft\u00fc\u011f\u00fcm\u00fcz bir ka\u00e7 oyuncuyla resmiyete olduk\u00e7a yak\u0131n\u0131z&#8221; dedi.<\/p>\n<p>UEFA Avrupa Ligi\u2019nde m\u00fccadele edecek olan Evkur Yeni Malatyaspor, yeni sezon haz\u0131rl\u0131klar\u0131n\u0131 Bolu\u2019da s\u00fcrd\u00fcr\u00fcyor. Bolu kamp\u0131n\u0131 Ba\u015fkan Adil Gevrek de takip ediyor. Gevrek, s\u0131k s\u0131k Teknik Direkt\u00f6r Sergen Yal\u00e7\u0131n\u2019dan tak\u0131m\u0131n son durumuna ili\u015fkin de bilgi al\u0131yor.<\/p>\n<p>&#8220;Kadromuza bir ka\u00e7 takviye daha yapaca\u011f\u0131z&#8221;<\/p>\n<p>Tak\u0131m\u0131n \u00e7al\u0131\u015fmalar\u0131n\u0131 iyi \u015fekilde s\u00fcrd\u00fcrd\u00fc\u011f\u00fcn\u00fc dile getiren Adil Gevrek, &#8220;Hem ligde hem de UEFA Avrupa Ligi\u2019nde g\u00fczel sonu\u00e7lar almak istiyoruz. Bu y\u00f6nde \u00e7al\u0131\u015fmalar\u0131m\u0131z\u0131 s\u00fcrd\u00fcr\u00fcyoruz. Transferde bize faydal\u0131 olaca\u011f\u0131na inand\u0131\u011f\u0131m\u0131z isimleri kadromuza katt\u0131k. Bu isimlerden Malatyaspor sadece bu sene de\u011fil, \u00f6n\u00fcm\u00fczdeki sezonlarda da faydalanacakt\u0131r. Tabii 25 Temmuz\u2019da Avrupa ma\u00e7\u0131m\u0131z var. Bu tarih \u00f6ncesinde kadromuza bir ka\u00e7 takviye daha yapmak u\u011fra\u015f\u0131nday\u0131z. Bu y\u00f6nde yo\u011fun bir mesai harc\u0131yoruz. \u0130n\u015fallah g\u00f6r\u00fc\u015ft\u00fc\u011f\u00fcm\u00fcz oyuncularla resmiyete olduk\u00e7a yak\u0131n\u0131z&#8221; ifadelerini kulland\u0131.<\/p>\n<p>&#8220;Kamp verimli ge\u00e7iyor&#8221;<\/p>\n<p>Gevrek, kamp\u0131n verimli ge\u00e7ti\u011fini de kaydederek, &#8220;Hocam\u0131zla da konu\u015ftum, kamp\u0131m\u0131z gayet verimli ge\u00e7iyor. Kendisi gidi\u015fattan gayet memnun. Tabii onun elini g\u00fc\u00e7lendirmemiz i\u00e7in bir ka\u00e7 takviye daha yapmam\u0131z laz\u0131m. \u0130n\u015fallah bu sezon iyi bir tak\u0131m izlettirece\u011fimizi d\u00fc\u015f\u00fcn\u00fcyorum&#8221; diye konu\u015ftu.<\/p>\n","protected":false},"excerpt":{"rendered":"<p>TRANSFER \u00c7ALI\u015eMALARINA \u0130L\u0130\u015eK\u0130N A\u00c7IKLAMALARDA BULUNAN EVKUR YEN\u0130 MALATYASPOR BA\u015eKANI AD\u0130L GEVREK, &#8220;25 TEMMUZ&#8217;DA AVRUPA MA\u00c7IMIZ VAR. BU TAR\u0130H \u00d6NCES\u0130NDE KADROMUZA B\u0130R KA\u00c7 TAKV\u0130YE DAHA YAPMAK U\u011eRA\u015eINDAYIZ. BU Y\u00d6NDE YO\u011eUN B\u0130R MESA\u0130 HARCIYORUZ. \u0130N\u015eALLAH G\u00d6R\u00dc\u015eT\u00dc\u011e\u00dcM\u00dcZ B\u0130R KA\u00c7 OYUNCUYLA RESM\u0130YETE OLDUK\u00c7A YAKINIZ&#8221; DED\u0130.<\/p>\n","protected":false},"author":1,"featured_media":178893,"comment_status":"closed","ping_status":"open","sticky":false,"template":"","format":"standard","meta":{"jetpack_post_was_ever_published":false,"_jetpack_newsletter_access":"","_jetpack_dont_email_post_to_subs":false,"_jetpack_newsletter_tier_id":0,"_jetpack_memberships_contains_paywalled_content":false,"_jetpack_memberships_contains_paid_content":false,"footnotes":"","jetpack_publicize_message":"","jetpack_publicize_feature_enabled":true,"jetpack_social_post_already_shared":true,"jetpack_social_options":{"image_generator_settings":{"template":"highway","default_image_id":0,"font":"","enabled":false},"version":2}},"categories":[657],"tags":[1586,8118,125,19735,43893,43894,43895],"class_list":["post-178892","post","type-post","status-publish","format-standard","has-post-thumbnail","hentry","category-spor","tag-kac","tag-adil","tag-bir","tag-gevrek","tag-oyuncuyla","tag-resmiyete","tag-yakiniz"],"jetpack_publicize_connections":[],"jetpack_featured_media_url":"https:\/\/i0.wp.com\/www.tvturk.com\/wp-content\/uploads\/2019\/07\/adil-gevrek-bir-kac-oyuncuyla-resmiyete-yakiniz_1915a81.jpg?fit=1000%2C1000","jetpack_sharing_enabled":true,"jetpack_shortlink":"https:\/\/wp.me\/paKIfm-Kxm","_links":{"self":[{"href":"http:\/\/www.tvturk.com\/index.php\/wp-json\/wp\/v2\/posts\/178892","targetHints":{"allow":["GET"]}}],"collection":[{"href":"http:\/\/www.tvturk.com\/index.php\/wp-json\/wp\/v2\/posts"}],"about":[{"href":"http:\/\/www.tvturk.com\/index.php\/wp-json\/wp\/v2\/types\/post"}],"author":[{"embeddable":true,"href":"http:\/\/www.tvturk.com\/index.php\/wp-json\/wp\/v2\/users\/1"}],"replies":[{"embeddable":true,"href":"http:\/\/www.tvturk.com\/index.php\/wp-json\/wp\/v2\/comments?post=178892"}],"version-history":[{"count":0,"href":"http:\/\/www.tvturk.com\/index.php\/wp-json\/wp\/v2\/posts\/178892\/revisions"}],"wp:featuredmedia":[{"embeddable":true,"href":"http:\/\/www.tvturk.com\/index.php\/wp-json\/wp\/v2\/media\/178893"}],"wp:attachment":[{"href":"http:\/\/www.tvturk.com\/index.php\/wp-json\/wp\/v2\/media?parent=178892"}],"wp:term":[{"taxonomy":"category","embeddable":true,"href":"http:\/\/www.tvturk.com\/index.php\/wp-json\/wp\/v2\/categories?post=178892"},{"taxonomy":"post_tag","embeddable":true,"href":"http:\/\/www.tvturk.com\/index.php\/wp-json\/wp\/v2\/tags?post=178892"}],"curies":[{"name":"wp","href":"https:\/\/api.w.org\/{rel}","templated":true}]}}