{"id":178906,"date":"2019-07-07T11:46:26","date_gmt":"2019-07-07T08:46:26","guid":{"rendered":"http:\/\/www.tvturk.com\/index.php\/tesk-genel-baskani-palandoken-2\/"},"modified":"2019-07-07T11:46:26","modified_gmt":"2019-07-07T08:46:26","slug":"tesk-genel-baskani-palandoken-2","status":"publish","type":"post","link":"http:\/\/www.tvturk.com\/index.php\/tesk-genel-baskani-palandoken-2\/","title":{"rendered":"TESK Genel Ba\u015fkan\u0131 Paland\u00f6ken:"},"content":{"rendered":"<p>TESK Genel Ba\u015fkan\u0131 Bendevi Paland\u00f6ken, meyve ve sebzelerin mevsimsel olarak fiyat de\u011fi\u015fikli\u011fine u\u011framas\u0131 konusunda de\u011ferlendirmelerde bulundu. Paland\u00f6ken, &#8220;Yaz\u0131n bereketli ve ucuz olan \u00fcr\u00fcnleri farkl\u0131 yollardan muhafaza ederek k\u0131\u015f\u0131n t\u00fcketmeliyiz&#8221; dedi.<\/p>\n<p>G\u0131da israf\u0131yla m\u00fccadelenin h\u0131z kesmeden devam etmesi gerekti\u011fine i\u015faret eden TESK Genel Ba\u015fkan\u0131 Bendevi Paland\u00f6ken, \u201cYaz mevsiminde sebze ve meyve fiyatlar\u0131n\u0131n ucuzlamas\u0131yla birlikte, g\u0131da israf\u0131na verilen \u00f6nem ne yaz\u0131k ki azal\u0131yor. Ancak, israf edilen g\u0131dalar\u0131n faturas\u0131 \u00fclke olarak her birimizin cebinden \u00e7\u0131k\u0131yor. \u0130sraf edilen tonlarca g\u0131dan\u0131n maliyetiyle \u00fclkemizde onlarca okul, hastane, k\u00f6pr\u00fc ve yol yap\u0131labilir. Bu y\u00fczden \u00f6zellikle yaz aylar\u0131nda sebze ve meyve bollu\u011fu varken do\u011fru al\u0131\u015fveri\u015f yapmal\u0131, yaz\u0131n bereketli ve ucuz olan \u00fcr\u00fcnleri farkl\u0131 yollardan muhafaza ederek k\u0131\u015f\u0131n t\u00fcketmeliyiz. Yani su akarken testiyi doldurmal\u0131y\u0131z ki sonra sular kesilince susuz kalmayal\u0131m\u201d dedi.<\/p>\n<p>&#8220;Yaz\u0131n t\u00fcketim al\u0131\u015fkanl\u0131klar\u0131 g\u0131da israf\u0131n\u0131 art\u0131r\u0131yor&#8221;<\/p>\n<p>G\u0131da israf\u0131n\u0131n \u00f6n\u00fcne bir t\u00fcrl\u00fc ge\u00e7ilemedi\u011fini ve yaz aylar\u0131ndaki t\u00fcketim al\u0131\u015fkanl\u0131klar\u0131n\u0131n israf\u0131 artt\u0131rd\u0131\u011f\u0131n\u0131 s\u00f6yleyen T\u00fcrkiye Esnaf ve Sanatkarlar\u0131 Konfederasyonu (TESK) Genel Ba\u015fkan\u0131 Bendevi Paland\u00f6ken, \u201c\u00dclkemizde her y\u0131l yakla\u015f\u0131k 1.7 milyar ekmek ve 18 milyon tonun \u00fczerinde meyve sebze israf ediliyor. \u0130sraf edilen g\u0131dalarla birlikte eme\u011fimiz, param\u0131z, enerjimiz ve milli servetimiz \u00e7\u00f6pe gidiyor. Ara\u015ft\u0131rmalara g\u00f6re, g\u0131da israf\u0131n\u0131n y\u0131ll\u0131k maliyeti yakla\u015f\u0131k 214 milyar liray\u0131 buluyor. \u00dclkemizde evlerdeki israf\u0131n yan\u0131 s\u0131ra lokanta, kafe, restoran, kamu kurumlar\u0131na ait yemekhaneler ve oteller gibi toplu alanlarda g\u0131da israf\u0131 \u00e7ok y\u00fcksek boyutlara ula\u015f\u0131yor. Yemek servisi yapan t\u00fcm yerlerde t\u00fcketicinin talebine ve sipari\u015fe g\u00f6re yiyecek pi\u015firilmeli. T\u00fcketiciler de tabaklar\u0131na t\u00fcketebilecekleri kadar yiyecek almal\u0131. \u00d6zellikle her \u015fey dahil otellerde ne de olsa paras\u0131n\u0131 \u00f6dedik diye gereksiz yiyecek al\u0131p israfa neden olunmamal\u0131\u201d ifadelerini kulland\u0131.<\/p>\n<p>\u201cYaz\u0131n ucuza sebze ve meyve alarak k\u0131\u015fa haz\u0131rl\u0131k yapmal\u0131y\u0131z&#8221;<\/p>\n<p>G\u0131da israf\u0131yla m\u00fccadelede yaln\u0131zca kamu spotlar\u0131 ve kampanyalar\u0131n tek ba\u015f\u0131na yeterli olmad\u0131\u011f\u0131n\u0131 aktaran Paland\u00f6ken, \u201c\u0130srafla m\u00fccadele i\u00e7in yediden yetmi\u015fe herkes, \u00fczerine d\u00fc\u015fen sorumlulu\u011fu yerine getirmeli. \u00dclkemizde, yaz\u0131n sebze ve meyve \u00fcretimi de t\u00fcketimi de art\u0131yor. Fiyatlar ucuzluyor, adeta bolluk ve bereket ya\u015fan\u0131yor. Yaz\u0131n manava, pazara gitti\u011fimizde tezgahtaki \u00fcr\u00fcn \u00e7e\u015fitlili\u011fi bizi cezbediyor ve ihtiya\u00e7 fazlas\u0131 \u00fcr\u00fcn sat\u0131n al\u0131yoruz. D\u00fcnyada 821 milyon a\u00e7 insan varken ihtiya\u00e7 fazlas\u0131 \u00fcr\u00fcnleri kesinlikle israf etmemeliyiz. Annelerimizin ve b\u00fcy\u00fcklerimizin yapt\u0131\u011f\u0131 gibi yaz\u0131n bol ve ucuz olan \u00fcr\u00fcnleri kurutarak, dondurarak, konserve haline getirerek re\u00e7el, tarhana, tur\u015fu vb. gibi bir\u00e7ok \u015fekilde t\u00fcketebiliriz. K\u0131\u015f\u0131n abart\u0131l\u0131 fiyatlara \u00fcr\u00fcn sat\u0131n almak istemiyorsak yazdaki bolluk ve bereketi iyi de\u011ferlendirmeliyiz. Sebze ve meyvede k\u0131\u015f\u0131n ya\u015fanan fiyat dengesizli\u011finin \u015fimdiden \u00f6n\u00fcne ge\u00e7mek i\u00e7in k\u0131\u015fa haz\u0131rl\u0131k yapmay\u0131 unutmamal\u0131y\u0131z. Bu sayede hem israf\u0131n \u00f6n\u00fcne ge\u00e7eriz hem de \u00fcr\u00fcn fiyatlar\u0131n\u0131 dengelemi\u015f oluruz\u201d \u015feklinde konu\u015ftu.<\/p>\n","protected":false},"excerpt":{"rendered":"<p>TESK GENEL BA\u015eKANI BENDEV\u0130 PALAND\u00d6KEN, MEYVE VE SEBZELER\u0130N MEVS\u0130MSEL OLARAK F\u0130YAT DE\u011e\u0130\u015e\u0130KL\u0130\u011e\u0130NE U\u011eRAMASI KONUSUNDA DE\u011eERLEND\u0130RMELERDE BULUNDU. PALAND\u00d6KEN, &#8220;YAZIN BEREKETL\u0130 VE UCUZ OLAN \u00dcR\u00dcNLER\u0130 FARKLI YOLLARDAN MUHAFAZA EDEREK KI\u015eIN T\u00dcKETMEL\u0130Y\u0130Z&#8221; DED\u0130.<\/p>\n","protected":false},"author":1,"featured_media":178907,"comment_status":"closed","ping_status":"open","sticky":false,"template":"","format":"standard","meta":{"jetpack_post_was_ever_published":false,"_jetpack_newsletter_access":"","_jetpack_dont_email_post_to_subs":false,"_jetpack_newsletter_tier_id":0,"_jetpack_memberships_contains_paywalled_content":false,"_jetpack_memberships_contains_paid_content":false,"footnotes":"","jetpack_publicize_message":"","jetpack_publicize_feature_enabled":true,"jetpack_social_post_already_shared":true,"jetpack_social_options":{"image_generator_settings":{"template":"highway","default_image_id":0,"font":"","enabled":false},"version":2}},"categories":[1],"tags":[216,869,8073,12357],"class_list":["post-178906","post","type-post","status-publish","format-standard","has-post-thumbnail","hentry","category-genel","tag-baskani","tag-genel","tag-palandoken","tag-tesk"],"jetpack_publicize_connections":[],"jetpack_featured_media_url":"https:\/\/i0.wp.com\/www.tvturk.com\/wp-content\/uploads\/2019\/07\/tesk-genel-baskani-palandoken_e84de87.jpg?fit=1000%2C664","jetpack_sharing_enabled":true,"jetpack_shortlink":"https:\/\/wp.me\/paKIfm-KxA","_links":{"self":[{"href":"http:\/\/www.tvturk.com\/index.php\/wp-json\/wp\/v2\/posts\/178906","targetHints":{"allow":["GET"]}}],"collection":[{"href":"http:\/\/www.tvturk.com\/index.php\/wp-json\/wp\/v2\/posts"}],"about":[{"href":"http:\/\/www.tvturk.com\/index.php\/wp-json\/wp\/v2\/types\/post"}],"author":[{"embeddable":true,"href":"http:\/\/www.tvturk.com\/index.php\/wp-json\/wp\/v2\/users\/1"}],"replies":[{"embeddable":true,"href":"http:\/\/www.tvturk.com\/index.php\/wp-json\/wp\/v2\/comments?post=178906"}],"version-history":[{"count":0,"href":"http:\/\/www.tvturk.com\/index.php\/wp-json\/wp\/v2\/posts\/178906\/revisions"}],"wp:featuredmedia":[{"embeddable":true,"href":"http:\/\/www.tvturk.com\/index.php\/wp-json\/wp\/v2\/media\/178907"}],"wp:attachment":[{"href":"http:\/\/www.tvturk.com\/index.php\/wp-json\/wp\/v2\/media?parent=178906"}],"wp:term":[{"taxonomy":"category","embeddable":true,"href":"http:\/\/www.tvturk.com\/index.php\/wp-json\/wp\/v2\/categories?post=178906"},{"taxonomy":"post_tag","embeddable":true,"href":"http:\/\/www.tvturk.com\/index.php\/wp-json\/wp\/v2\/tags?post=178906"}],"curies":[{"name":"wp","href":"https:\/\/api.w.org\/{rel}","templated":true}]}}