{"id":178936,"date":"2019-07-07T12:32:08","date_gmt":"2019-07-07T09:32:08","guid":{"rendered":"http:\/\/www.tvturk.com\/index.php\/altinordu-genc-yeteneklerine-guveniyor\/"},"modified":"2019-07-07T12:32:08","modified_gmt":"2019-07-07T09:32:08","slug":"altinordu-genc-yeteneklerine-guveniyor","status":"publish","type":"post","link":"http:\/\/www.tvturk.com\/index.php\/altinordu-genc-yeteneklerine-guveniyor\/","title":{"rendered":"Alt\u0131nordu gen\u00e7 yeteneklerine g\u00fcveniyor"},"content":{"rendered":"<p>Alt\u0131nordu Futbol Akademisi patentli 15 gen\u00e7 ile yeni sezon haz\u0131rl\u0131klar\u0131na ba\u015flayan k\u0131rm\u0131z\u0131-lacivertli ekip, y\u0131ld\u0131z adaylar\u0131n\u0131 bir alt\u0131n gibi i\u015fleyecek.<\/p>\n<p>Alt\u0131nordu Teknik Direkt\u00f6r\u00fc H\u00fcseyin Ero\u011flu, Alt\u0131nordu Futbol Akademisi\u2018ni (ALFA) \u2019alt\u0131n madeni\u2019 olarak nitelendirerek, \u201cBu sezon madenimizden \u00e7\u0131kan cevherlerin i\u015flenip g\u00f6z al\u0131c\u0131 eserlere d\u00f6nd\u00fc\u011f\u00fc bir y\u0131l olacak\u201d vurgusu yapt\u0131. ALFA\u2019daki donan\u0131m d\u00f6neminin sona erdi\u011fini, art\u0131k yaz\u0131l\u0131m\u0131n ba\u015flad\u0131\u011f\u0131n\u0131 vurgulayan Ero\u011flu, \u201cALFA, bizim alt\u0131n madenimiz. 2012\u2019den bu yana \u00e7\u0131kard\u0131\u011f\u0131m\u0131z alt\u0131n cevherini, A Tak\u0131m\u2019da i\u015fleyece\u011fiz. Her bir gencimiz, farkl\u0131 \u00f6zelliklerde ve de\u011ferli par\u00e7alar olacak\u201d dedi.<\/p>\n<p>Ge\u00e7en sezonu Ni\u011fde Anadolu FK\u2019da ge\u00e7iren Fatih Aktay, Musa Caner Akta\u015f, Egehan G\u00f6k, Onur Taha Tak\u0131r, Ali Emre Yanar ve Yusuf Yal\u00e7\u0131n Arslan\u2019\u0131n Alt\u0131nordu\u2019ya d\u00f6nd\u00fc\u011f\u00fcn\u00fc, ALFA\u2019dan Atalay Y\u0131ld\u0131r\u0131m, Mertcan Da\u011fl\u0131, Ravil Tagir ve Burak \u0130nce\u2019nin A Tak\u0131m\u2019a y\u00fckseldi\u011fini, ge\u00e7en sezonki kadrodan Kerim Al\u0131c\u0131, Erce Karde\u015fler, Yusuf Acer, O\u011fulcan \u00dclg\u00fcn ve Ali Mert Ayd\u0131n\u2019\u0131n yola devam etti\u011fini belirten Ero\u011flu, \u201c25 ki\u015filik kadromuzun en az 15\u2019i madenimizden \u00e7\u0131kan alt\u0131nlardan olu\u015fuyor\u201d diye konu\u015ftu.<\/p>\n<p>ALFA yeti\u015ftirmeye devam edecek<\/p>\n<p>\u00c7a\u011flar S\u00f6y\u00fcnc\u00fc, Cengiz \u00dcnder, Bar\u0131\u015f Al\u0131c\u0131, Berke \u00d6zer ve Alican \u00d6zfesli gibi de\u011ferlerin de bu \u015fekilde yeti\u015fti\u011fini s\u00f6zlerine ekleyen Ero\u011flu, \u201cALFA, Avrupa\u2019n\u0131n en \u00fcnl\u00fc kul\u00fcpleri taraf\u0131ndan da dikkatle takip edilen bir yap\u0131. Kurulu\u015f ve geli\u015fme d\u00f6nemlerimizi yedi y\u0131lda geride b\u0131rakt\u0131k. Art\u0131k kusursuz \u00e7al\u0131\u015fan bir sistem kuruldu. ALFA yeti\u015ftirecek, biz i\u015fleyece\u011fiz ve her bir gencimiz Alt\u0131nordu armas\u0131na olan borcunu \u00f6dedikten sonra Avrupa\u2019n\u0131n en iyi kul\u00fcplerine do\u011fru bir yolculu\u011fa ba\u015flayacak\u201d yorumunu yapt\u0131.<\/p>\n<p>Yeni sezona yeni Alt\u0131nordu<\/p>\n<p>Ero\u011flu, yeni sezonda gen\u00e7, enerjik, m\u00fccadeleci, tempolu ve co\u015fkulu bir Alt\u0131nordu izletme s\u00f6z\u00fc vererek, \u201cGeride kalan yedi sezonda iki \u015fampiyonluk ya\u015fad\u0131k, d\u00f6rt kez play-off iddiam\u0131z\u0131 son ma\u00e7a kadar ta\u015f\u0131d\u0131k. Alt\u0131nordu organizasyonundaki her birey ve her tak\u0131m, g\u00f6revini kusursuz bir \u015fekilde ve sonuna kadar inan\u00e7la yapar. Bu gen \u00f6zelli\u011fimizin, yeni sezonda da bizi gidebilece\u011fimiz en \u00fcst seviyeye ta\u015f\u0131yaca\u011f\u0131na inan\u0131yoruz\u201d dedi.<\/p>\n","protected":false},"excerpt":{"rendered":"<p>ALTINORDU FUTBOL AKADEM\u0130S\u0130 PATENTL\u0130 15 GEN\u00c7 \u0130LE YEN\u0130 SEZON HAZIRLIKLARINA BA\u015eLAYAN KIRMIZI-LAC\u0130VERTL\u0130 EK\u0130P, YILDIZ ADAYLARINI B\u0130R ALTIN G\u0130B\u0130 \u0130\u015eLEYECEK.<\/p>\n","protected":false},"author":1,"featured_media":178937,"comment_status":"closed","ping_status":"open","sticky":false,"template":"","format":"standard","meta":{"jetpack_post_was_ever_published":false,"_jetpack_newsletter_access":"","_jetpack_dont_email_post_to_subs":false,"_jetpack_newsletter_tier_id":0,"_jetpack_memberships_contains_paywalled_content":false,"_jetpack_memberships_contains_paid_content":false,"footnotes":"","jetpack_publicize_message":"","jetpack_publicize_feature_enabled":true,"jetpack_social_post_already_shared":true,"jetpack_social_options":{"image_generator_settings":{"template":"highway","default_image_id":0,"font":"","enabled":false},"version":2}},"categories":[657],"tags":[4324,803,21575,43908],"class_list":["post-178936","post","type-post","status-publish","format-standard","has-post-thumbnail","hentry","category-spor","tag-altinordu","tag-genc","tag-guveniyor","tag-yeteneklerine"],"jetpack_publicize_connections":[],"jetpack_featured_media_url":"https:\/\/i0.wp.com\/www.tvturk.com\/wp-content\/uploads\/2019\/07\/altinordu-genc-yeteneklerine-guveniyor_339c4d8.jpg?fit=1000%2C666","jetpack_sharing_enabled":true,"jetpack_shortlink":"https:\/\/wp.me\/paKIfm-Ky4","_links":{"self":[{"href":"http:\/\/www.tvturk.com\/index.php\/wp-json\/wp\/v2\/posts\/178936","targetHints":{"allow":["GET"]}}],"collection":[{"href":"http:\/\/www.tvturk.com\/index.php\/wp-json\/wp\/v2\/posts"}],"about":[{"href":"http:\/\/www.tvturk.com\/index.php\/wp-json\/wp\/v2\/types\/post"}],"author":[{"embeddable":true,"href":"http:\/\/www.tvturk.com\/index.php\/wp-json\/wp\/v2\/users\/1"}],"replies":[{"embeddable":true,"href":"http:\/\/www.tvturk.com\/index.php\/wp-json\/wp\/v2\/comments?post=178936"}],"version-history":[{"count":0,"href":"http:\/\/www.tvturk.com\/index.php\/wp-json\/wp\/v2\/posts\/178936\/revisions"}],"wp:featuredmedia":[{"embeddable":true,"href":"http:\/\/www.tvturk.com\/index.php\/wp-json\/wp\/v2\/media\/178937"}],"wp:attachment":[{"href":"http:\/\/www.tvturk.com\/index.php\/wp-json\/wp\/v2\/media?parent=178936"}],"wp:term":[{"taxonomy":"category","embeddable":true,"href":"http:\/\/www.tvturk.com\/index.php\/wp-json\/wp\/v2\/categories?post=178936"},{"taxonomy":"post_tag","embeddable":true,"href":"http:\/\/www.tvturk.com\/index.php\/wp-json\/wp\/v2\/tags?post=178936"}],"curies":[{"name":"wp","href":"https:\/\/api.w.org\/{rel}","templated":true}]}}