{"id":178946,"date":"2019-07-07T12:47:00","date_gmt":"2019-07-07T09:47:00","guid":{"rendered":"http:\/\/www.tvturk.com\/index.php\/ryan-babelden-yeni-sezon-mesaji\/"},"modified":"2019-07-07T12:47:00","modified_gmt":"2019-07-07T09:47:00","slug":"ryan-babelden-yeni-sezon-mesaji","status":"publish","type":"post","link":"http:\/\/www.tvturk.com\/index.php\/ryan-babelden-yeni-sezon-mesaji\/","title":{"rendered":"Ryan Babel\u2019den yeni sezon mesaj\u0131"},"content":{"rendered":"<p>Galatasaray\u2019\u0131n yeni transferi Ryan Babel, yeni sezon i\u00e7in haz\u0131r ve a\u00e7 oldu\u011funu s\u00f6yledi.<\/p>\n<p>Galatasaray\u2019\u0131n bu yaz transfer d\u00f6neminde bonservis \u00f6demeden kadrosuna katt\u0131\u011f\u0131 Hollandal\u0131 futbolcu Ryan Babel, sosyal medya hesab\u0131ndan yapt\u0131\u011f\u0131 payla\u015f\u0131mda, &#8220;Benim sezon bug\u00fcn ba\u015fl\u0131yor. Ba\u015fka bir harika sezon i\u00e7in haz\u0131r\u0131m ve a\u00e7\u0131m&#8221; ifadelerini kulland\u0131. 32 ya\u015f\u0131ndaki futbolcu bu notu photoshop ile aslan di\u015fleri eklendi\u011fi foto\u011fraf\u0131yla birlikte takip\u00e7ileriyle payla\u015ft\u0131.<\/p>\n","protected":false},"excerpt":{"rendered":"<p>RYAN BABEL, &#8220;BEN\u0130M SEZON BUG\u00dcN BA\u015eLIYOR. BA\u015eKA B\u0130R HAR\u0130KA SEZON \u0130\u00c7\u0130N HAZIRIM VE A\u00c7IM&#8221; \u0130FADELER\u0130N\u0130 KULLANDI. 32 YA\u015eINDAK\u0130 FUTBOLCU BU NOTU PHOTOSHOP \u0130LE ASLAN D\u0130\u015eLER\u0130 EKLED\u0130\u011e\u0130 FOTO\u011eRAFIYLA B\u0130RL\u0130KTE TAK\u0130P\u00c7\u0130LER\u0130YLE PAYLA\u015eTI.<\/p>\n","protected":false},"author":1,"featured_media":178947,"comment_status":"closed","ping_status":"open","sticky":false,"template":"","format":"standard","meta":{"jetpack_post_was_ever_published":false,"_jetpack_newsletter_access":"","_jetpack_dont_email_post_to_subs":false,"_jetpack_newsletter_tier_id":0,"_jetpack_memberships_contains_paywalled_content":false,"_jetpack_memberships_contains_paid_content":false,"footnotes":"","jetpack_publicize_message":"","jetpack_publicize_feature_enabled":true,"jetpack_social_post_already_shared":true,"jetpack_social_options":{"image_generator_settings":{"template":"highway","default_image_id":0,"font":"","enabled":false},"version":2}},"categories":[657],"tags":[43911,3121,24363,4954,87],"class_list":["post-178946","post","type-post","status-publish","format-standard","has-post-thumbnail","hentry","category-spor","tag-babelden","tag-mesaji","tag-ryan","tag-sezon","tag-yeni"],"jetpack_publicize_connections":[],"jetpack_featured_media_url":"https:\/\/i0.wp.com\/www.tvturk.com\/wp-content\/uploads\/2019\/07\/ryan-babelden-yeni-sezon-mesaji_91a404d.jpg?fit=739%2C935","jetpack_sharing_enabled":true,"jetpack_shortlink":"https:\/\/wp.me\/paKIfm-Kye","_links":{"self":[{"href":"http:\/\/www.tvturk.com\/index.php\/wp-json\/wp\/v2\/posts\/178946","targetHints":{"allow":["GET"]}}],"collection":[{"href":"http:\/\/www.tvturk.com\/index.php\/wp-json\/wp\/v2\/posts"}],"about":[{"href":"http:\/\/www.tvturk.com\/index.php\/wp-json\/wp\/v2\/types\/post"}],"author":[{"embeddable":true,"href":"http:\/\/www.tvturk.com\/index.php\/wp-json\/wp\/v2\/users\/1"}],"replies":[{"embeddable":true,"href":"http:\/\/www.tvturk.com\/index.php\/wp-json\/wp\/v2\/comments?post=178946"}],"version-history":[{"count":0,"href":"http:\/\/www.tvturk.com\/index.php\/wp-json\/wp\/v2\/posts\/178946\/revisions"}],"wp:featuredmedia":[{"embeddable":true,"href":"http:\/\/www.tvturk.com\/index.php\/wp-json\/wp\/v2\/media\/178947"}],"wp:attachment":[{"href":"http:\/\/www.tvturk.com\/index.php\/wp-json\/wp\/v2\/media?parent=178946"}],"wp:term":[{"taxonomy":"category","embeddable":true,"href":"http:\/\/www.tvturk.com\/index.php\/wp-json\/wp\/v2\/categories?post=178946"},{"taxonomy":"post_tag","embeddable":true,"href":"http:\/\/www.tvturk.com\/index.php\/wp-json\/wp\/v2\/tags?post=178946"}],"curies":[{"name":"wp","href":"https:\/\/api.w.org\/{rel}","templated":true}]}}