{"id":178980,"date":"2019-07-07T14:16:36","date_gmt":"2019-07-07T11:16:36","guid":{"rendered":"http:\/\/www.tvturk.com\/index.php\/ashane-personelinin-dikkati-hayat-kurtardi\/"},"modified":"2019-07-07T14:16:36","modified_gmt":"2019-07-07T11:16:36","slug":"ashane-personelinin-dikkati-hayat-kurtardi","status":"publish","type":"post","link":"http:\/\/www.tvturk.com\/index.php\/ashane-personelinin-dikkati-hayat-kurtardi\/","title":{"rendered":"A\u015fhane personelinin dikkati hayat kurtard\u0131"},"content":{"rendered":"<p>Mersin\u2019de yaln\u0131z ya\u015fad\u0131\u011f\u0131 evinde fenala\u015farak bay\u0131ld\u0131ktan sonra yere d\u00fc\u015fen ve kendine gelmesine ra\u011fmen kalkamayan 78 ya\u015f\u0131ndaki Mustafa Sar\u0131ta\u015f, pencereye b\u0131rakt\u0131klar\u0131 yeme\u011fin al\u0131nmad\u0131\u011f\u0131n\u0131 fark edip eve giren B\u00fcy\u00fck\u015fehir Belediyesi a\u015fhane personeli taraf\u0131ndan hastaneye kald\u0131r\u0131larak kurtar\u0131ld\u0131.<\/p>\n<p>Mersin B\u00fcy\u00fck\u015fehir Belediyesinden yap\u0131lan a\u00e7\u0131klamaya g\u00f6re, 2012 y\u0131l\u0131nda e\u015fini  kaybeden ve yakla\u015f\u0131k bir y\u0131ld\u0131r da y\u00fcr\u00fcme zorlu\u011fu \u00e7eken Mustafa Sar\u0131ta\u015f, merkez  Yeni\u015fehir il\u00e7esi Afetevler Mahallesi\u2019ndeki evinde yaln\u0131z ya\u015famaya ba\u015flad\u0131. Belediyenin a\u015fhane hizmetlerinden 4 y\u0131ld\u0131r faydalanan Sar\u0131ta\u015f\u2019\u0131n evine her g\u00fcn s\u0131cak ev yemekleri g\u00f6t\u00fcr\u00fclmeye devam ederken, a\u015fhane personellerinden Fevzi Han\u00e7er ile C\u00fcneyt \u00d6z, \u00f6nceki g\u00fcn hi\u00e7 al\u0131\u015f\u0131k olmad\u0131klar\u0131 bir olayla kar\u015f\u0131la\u015ft\u0131. Mutfak penceresinin \u00f6n\u00fcne b\u0131rak\u0131lan yeme\u011fin al\u0131nmad\u0131\u011f\u0131n\u0131 g\u00f6ren a\u015fhane personelleri, \u015f\u00fcphelenerek kom\u015fudan ald\u0131klar\u0131 yedek anahtar ile i\u00e7eriye girdiklerinde, Mustafa Sar\u0131ta\u015f\u2019\u0131n t\u00f6kezleyip evinin yatak odas\u0131nda d\u00fc\u015ft\u00fc\u011f\u00fcn\u00fc ve 4 g\u00fcn boyunca da yatt\u0131\u011f\u0131 yerden kalkamad\u0131\u011f\u0131n\u0131 fark etti.<\/p>\n<p>Susuz ve bitkin kalan Sar\u0131ta\u015f, su i\u00e7tikten sonra ambulans ile Mersin \u00dcniversitesi T\u0131p Fak\u00fcltesi Hastanesine g\u00f6t\u00fcr\u00fcld\u00fc. Sar\u0131ta\u015f, tedavisinin ard\u0131ndan taburcu edilerek tekrar evine d\u00f6nd\u00fc.<\/p>\n<p>Ya\u015fad\u0131klar\u0131n\u0131 g\u00f6zya\u015flar\u0131 i\u00e7inde anlatt\u0131<\/p>\n<p>Ya\u015fad\u0131\u011f\u0131 talihsiz olay\u0131 anlat\u0131rken g\u00f6zya\u015flar\u0131na hakim olmayan Mustafa Sar\u0131ta\u015f,  &#8220;Arkada\u015flar yeme\u011fimi getirirler. Pencereye gelir seslenirler, \u2018Amca yeme\u011fini getirdim\u2019 diye. Bazen kap\u0131ya asarlar, bazen i\u00e7eriye getirirler. \u0130\u015fleri g\u00fc\u00e7leri rast gelsin. Cuma g\u00fcn\u00fc ben \u00e7ama\u015f\u0131r y\u0131kamaya kalkt\u0131m. \u00c7ama\u015f\u0131r\u0131 y\u0131kad\u0131m, makineyi kapatay\u0131m derken aya\u011f\u0131m dola\u015ft\u0131 oraya d\u00fc\u015ft\u00fcm. Telefon falan elimden uza\u011fa gitti. 4 g\u00fcn orada ba\u011f\u0131rd\u0131m durdum. Sa\u011f olsun yeme\u011fi yine C\u00fcneyt getirdi\u011finde, kom\u015fumu aram\u0131\u015f. Hatice Han\u0131m demi\u015f ki, \u2019bende anahtar var.\u2019 Bunlar anahtar\u0131 vermi\u015fler ve C\u00fcneyt kap\u0131y\u0131 a\u00e7\u0131p girmi\u015f. Bu arada ben i\u00e7eride daha yat\u0131yorum. Tutunacak dal aray\u0131p bulam\u0131yorum. Kalkay\u0131m dedim kalkamad\u0131m&#8221; diye konu\u015ftu.<\/p>\n<p>\u201c\u00c7al\u0131\u015fanlar ile benim aram turp gibi\u201d<\/p>\n<p>Hastanede doktorlar\u0131n susuz kald\u0131\u011f\u0131n\u0131 s\u00f6yledi\u011fini ve orada bol su i\u00e7ip, tedavi  g\u00f6rd\u00fc\u011f\u00fcn\u00fc anlatan Sar\u0131ta\u015f, a\u015fhane hizmetlerinden \u00e7ok memnun oldu\u011funu  vurgulayarak, \u201cGetirilen yemekleri arkada\u015flar\u0131mla, kedilerimle beraber yiyoruz.  \u00c7al\u0131\u015fanlar ile benim aram turp gibi. Allah raz\u0131 olsun. Gelirler banyo yapt\u0131r\u0131rlar, evimi  temizlerler, halimi hat\u0131r\u0131m\u0131 sorarlar. Bir evlattan g\u00f6n\u00fcll\u00fcler. Allah belediyeden raz\u0131  olsun. \u015e\u00f6yle elimi tutan olsa. Hi\u00e7 oturam\u0131yorum. Kay\u0131p d\u00fc\u015f\u00fcyorum. Ellerim nas\u0131l  so\u011fuksa ayaklar\u0131m da \u00f6yle. \u0130yice uyu\u015ftu. Fazla kald\u0131ram\u0131yorum, t\u00f6kezleyip  d\u00fc\u015f\u00fcyorum&#8221; ifadelerini kulland\u0131<\/p>\n<p>Sar\u0131ta\u015f\u2019\u0131n k\u0131z\u0131 Yasemin Y\u0131lmaz da ya\u015fanan olay\u0131 duyunca apar topar Ankara\u2019dan  Mersin\u2019e geldi\u011fini s\u00f6yledi. Babas\u0131na sar\u0131l\u0131p \u00f6pen Y\u0131lmaz, belediye ekiplerine te\u015fekk\u00fcr etti.<\/p>\n","protected":false},"excerpt":{"rendered":"<p>78 YA\u015eINDAK\u0130 MUSTAFA SARITA\u015e, PENCEREYE BIRAKTIKLARI YEME\u011e\u0130N ALINMADI\u011eINI FARK ED\u0130P EVE G\u0130REN B\u00dcY\u00dcK\u015eEH\u0130R BELED\u0130YES\u0130 PERSONEL\u0130 TARAFINDAN HASTANEYE KALDIRILARAK KURTARILDI.<\/p>\n","protected":false},"author":1,"featured_media":178981,"comment_status":"closed","ping_status":"open","sticky":false,"template":"","format":"standard","meta":{"jetpack_post_was_ever_published":false,"_jetpack_newsletter_access":"","_jetpack_dont_email_post_to_subs":false,"_jetpack_newsletter_tier_id":0,"_jetpack_memberships_contains_paywalled_content":false,"_jetpack_memberships_contains_paid_content":false,"footnotes":"","jetpack_publicize_message":"","jetpack_publicize_feature_enabled":true,"jetpack_social_post_already_shared":true,"jetpack_social_options":{"image_generator_settings":{"template":"highway","default_image_id":0,"font":"","enabled":false},"version":2}},"categories":[1],"tags":[43926,10701,606,477,14802],"class_list":["post-178980","post","type-post","status-publish","format-standard","has-post-thumbnail","hentry","category-genel","tag-ashane","tag-dikkati","tag-hayat","tag-kurtardi","tag-personelinin"],"jetpack_publicize_connections":[],"jetpack_featured_media_url":"https:\/\/i0.wp.com\/www.tvturk.com\/wp-content\/uploads\/2019\/07\/ashane-personelinin-dikkati-hayat-kurtardi_761a28b.jpg?fit=1000%2C666","jetpack_sharing_enabled":true,"jetpack_shortlink":"https:\/\/wp.me\/paKIfm-KyM","_links":{"self":[{"href":"http:\/\/www.tvturk.com\/index.php\/wp-json\/wp\/v2\/posts\/178980","targetHints":{"allow":["GET"]}}],"collection":[{"href":"http:\/\/www.tvturk.com\/index.php\/wp-json\/wp\/v2\/posts"}],"about":[{"href":"http:\/\/www.tvturk.com\/index.php\/wp-json\/wp\/v2\/types\/post"}],"author":[{"embeddable":true,"href":"http:\/\/www.tvturk.com\/index.php\/wp-json\/wp\/v2\/users\/1"}],"replies":[{"embeddable":true,"href":"http:\/\/www.tvturk.com\/index.php\/wp-json\/wp\/v2\/comments?post=178980"}],"version-history":[{"count":0,"href":"http:\/\/www.tvturk.com\/index.php\/wp-json\/wp\/v2\/posts\/178980\/revisions"}],"wp:featuredmedia":[{"embeddable":true,"href":"http:\/\/www.tvturk.com\/index.php\/wp-json\/wp\/v2\/media\/178981"}],"wp:attachment":[{"href":"http:\/\/www.tvturk.com\/index.php\/wp-json\/wp\/v2\/media?parent=178980"}],"wp:term":[{"taxonomy":"category","embeddable":true,"href":"http:\/\/www.tvturk.com\/index.php\/wp-json\/wp\/v2\/categories?post=178980"},{"taxonomy":"post_tag","embeddable":true,"href":"http:\/\/www.tvturk.com\/index.php\/wp-json\/wp\/v2\/tags?post=178980"}],"curies":[{"name":"wp","href":"https:\/\/api.w.org\/{rel}","templated":true}]}}