{"id":178988,"date":"2019-07-07T14:31:44","date_gmt":"2019-07-07T11:31:44","guid":{"rendered":"http:\/\/www.tvturk.com\/index.php\/bakan-cavusoglunun-nostaljik-yayla-seruveni\/"},"modified":"2019-07-07T14:31:44","modified_gmt":"2019-07-07T11:31:44","slug":"bakan-cavusoglunun-nostaljik-yayla-seruveni","status":"publish","type":"post","link":"http:\/\/www.tvturk.com\/index.php\/bakan-cavusoglunun-nostaljik-yayla-seruveni\/","title":{"rendered":"Bakan \u00c7avu\u015fo\u011flu\u2019nun nostaljik yayla ser\u00fcveni"},"content":{"rendered":"<p>D\u0131\u015fi\u015fleri Bakan\u0131 Mevl\u00fct \u00c7avu\u015fo\u011flu, memleketi Alanya\u2019da, S\u00f6b\u00fc\u00e7imen Yaylas\u0131\u2019na \u00e7\u0131kt\u0131. \u00c7imlere uzan\u0131p minik kuzular\u0131 seven ve ailesiyle hasret gideren \u00c7avu\u015fo\u011flu, &#8220;Ke\u00e7ilerimiz, koyunlar\u0131m\u0131z, kuzular\u0131m\u0131z hala var. Gelecek nesillerimiz de bu gelene\u011fi devam ettirecektir. Kendi \u00e7ocu\u011fumda, k\u0131z\u0131m \u0130rem\u2019de de g\u00f6r\u00fcyorum&#8221; dedi.<\/p>\n<p>D\u0131\u015fi\u015fleri Bakan\u0131 Mevl\u00fct \u00c7avu\u015fo\u011flu, yo\u011fun ge\u00e7en Japonya ve \u00c7in ziyaretlerinin ard\u0131ndan hafta sonu baba oca\u011f\u0131 S\u00f6b\u00fc\u00e7imen E\u011frig\u00f6l Yaylas\u0131\u2019n\u0131 ziyaret etti. G\u00fcndo\u011fmu\u015f il\u00e7esine ba\u011fl\u0131 S\u00f6b\u00fc\u00e7imen Yaylas\u0131\u2019nda babas\u0131 Osman \u00c7avu\u015fo\u011flu, karde\u015fi Hasan \u00c7avu\u015fo\u011flu ve aile bireyleriyle hasret gideren D\u0131\u015fi\u015fleri Bakan\u0131 Mevl\u00fct \u00c7avu\u015fo\u011flu\u2019na Antalya Valisi M\u00fcnir Karalo\u011flu, \u0130l Emniyet M\u00fcd\u00fcr\u00fc, \u0130l Jandarma Komutan\u0131, G\u00fcndo\u011fmu\u015f Kaymakam\u0131 ve G\u00fcndo\u011fmu\u015f \u0130l\u00e7e Jandarma ekipleri de e\u015flik etti.<\/p>\n<p>&#8220;K\u0131z\u0131m \u0130rem\u2019de g\u00f6r\u00fcyorum&#8221;<\/p>\n<p>Bakan \u00c7avu\u015fo\u011flu, e\u015fofman tak\u0131m\u0131yla yaylada \u00e7oban k\u00f6pe\u011fi ile kuzular\u0131 sevip, do\u011fal kaynaktan akan sudan i\u00e7ti. Yaylan\u0131n tepelerinde ada\u00e7ay\u0131, kekik ve mantar toplayan \u00c7avu\u015fo\u011flu, zehirli mantarlara kar\u015f\u0131 da uyar\u0131da bulundu. \u00c7ocuklu\u011funun ge\u00e7ti\u011fi memleketini anlatan \u00c7avu\u015fo\u011flu, &#8220;Antalya ile Konya s\u0131n\u0131r\u0131nda yaylam\u0131z\u0131n ova k\u0131sm\u0131 tamamen do\u011fal \u00e7ay\u0131rlarla \u00e7imenlerle kapl\u0131. Bizim \u00e7ocuklu\u011fumuzda b\u00f6yle evler yoktu, elektrik, telefon yoktu. Ta\u015ftan \u00f6r\u00fclm\u00fc\u015f evlerimiz vard\u0131. K\u0131\u015f\u0131n kar iki \u00fc\u00e7 metre kadar \u00e7ok ya\u011fd\u0131\u011f\u0131 i\u00e7in bu evler y\u0131k\u0131l\u0131rd\u0131. Yaylaya g\u00f6\u00e7t\u00fc\u011f\u00fcm\u00fcz zaman bu evleri hep birlikte tekrar yapard\u0131k. Bug\u00fcn gelene\u011fi devam ettiriyoruz. \u00c7ocuklu\u011fumda hat\u0131rl\u0131yorum; buraya develerle atlarla gelirdik, yakla\u015f\u0131k 4 g\u00fcn s\u00fcrerdi. \u015eimdi ara\u00e7larla 2,5 saatte gelebiliyoruz. Bu gelene\u011fi hala s\u00fcrd\u00fcrmekten biz aile olarak b\u00fcy\u00fck bir mutluluk duyuyoruz. Ke\u00e7ilerimiz, koyunlar\u0131m\u0131z, kuzular\u0131m\u0131z hala var. Gelecek nesillerimiz de devam ettirecektir. Kendi \u00e7ocu\u011fumda, k\u0131z\u0131m \u0130rem\u2019de de g\u00f6r\u00fcyorum. Zaten onun da \u00e7ocuklu\u011fu buralarda ge\u00e7ti, her sene biz \u0130rem\u2019i buraya g\u00f6ndererek bu k\u00fclt\u00fcrde yeti\u015fmesini sa\u011flad\u0131k, \u00f6yle oldu\u011funu da g\u00f6r\u00fcyoruz&#8221; \u015feklinde konu\u015ftu.<\/p>\n<p>\u00c7avu\u015fo\u011flu yaz\u0131n sonuna kadar kar\u0131n erimedi\u011fi ma\u011faraya giderek, eskiden bu ma\u011faradan kar keserek eve g\u00f6t\u00fcr\u00fcp misafirlerine ikram ettiklerini anlatt\u0131. Bakan \u00c7avu\u015fo\u011flu\u2019nun siyaset d\u0131\u015f\u0131nda bu do\u011fa ortam\u0131ndaki samimi g\u00f6r\u00fcnt\u00fcleri sosyal medyada h\u0131zla yay\u0131ld\u0131.<\/p>\n","protected":false},"excerpt":{"rendered":"<p>DI\u015e\u0130\u015eLER\u0130 BAKANI MEVL\u00dcT \u00c7AVU\u015eO\u011eLU, MEMLEKET\u0130 ALANYA&#8217;DA, S\u00d6B\u00dc\u00c7\u0130MEN YAYLASI&#8217;NA \u00c7IKTI.<\/p>\n","protected":false},"author":1,"featured_media":178989,"comment_status":"closed","ping_status":"open","sticky":false,"template":"","format":"standard","meta":{"jetpack_post_was_ever_published":false,"_jetpack_newsletter_access":"","_jetpack_dont_email_post_to_subs":false,"_jetpack_newsletter_tier_id":0,"_jetpack_memberships_contains_paywalled_content":false,"_jetpack_memberships_contains_paid_content":false,"footnotes":"","jetpack_publicize_message":"","jetpack_publicize_feature_enabled":true,"jetpack_social_post_already_shared":true,"jetpack_social_options":{"image_generator_settings":{"template":"highway","default_image_id":0,"font":"","enabled":false},"version":2}},"categories":[1],"tags":[742,13882,12586,32682,21092],"class_list":["post-178988","post","type-post","status-publish","format-standard","has-post-thumbnail","hentry","category-genel","tag-bakan","tag-cavusoglunun","tag-nostaljik","tag-seruveni","tag-yayla"],"jetpack_publicize_connections":[],"jetpack_featured_media_url":"https:\/\/i0.wp.com\/www.tvturk.com\/wp-content\/uploads\/2019\/07\/bakan-cavusoglunun-nostaljik-yayla-seruveni_587afda.jpg?fit=1000%2C486","jetpack_sharing_enabled":true,"jetpack_shortlink":"https:\/\/wp.me\/paKIfm-KyU","_links":{"self":[{"href":"http:\/\/www.tvturk.com\/index.php\/wp-json\/wp\/v2\/posts\/178988","targetHints":{"allow":["GET"]}}],"collection":[{"href":"http:\/\/www.tvturk.com\/index.php\/wp-json\/wp\/v2\/posts"}],"about":[{"href":"http:\/\/www.tvturk.com\/index.php\/wp-json\/wp\/v2\/types\/post"}],"author":[{"embeddable":true,"href":"http:\/\/www.tvturk.com\/index.php\/wp-json\/wp\/v2\/users\/1"}],"replies":[{"embeddable":true,"href":"http:\/\/www.tvturk.com\/index.php\/wp-json\/wp\/v2\/comments?post=178988"}],"version-history":[{"count":0,"href":"http:\/\/www.tvturk.com\/index.php\/wp-json\/wp\/v2\/posts\/178988\/revisions"}],"wp:featuredmedia":[{"embeddable":true,"href":"http:\/\/www.tvturk.com\/index.php\/wp-json\/wp\/v2\/media\/178989"}],"wp:attachment":[{"href":"http:\/\/www.tvturk.com\/index.php\/wp-json\/wp\/v2\/media?parent=178988"}],"wp:term":[{"taxonomy":"category","embeddable":true,"href":"http:\/\/www.tvturk.com\/index.php\/wp-json\/wp\/v2\/categories?post=178988"},{"taxonomy":"post_tag","embeddable":true,"href":"http:\/\/www.tvturk.com\/index.php\/wp-json\/wp\/v2\/tags?post=178988"}],"curies":[{"name":"wp","href":"https:\/\/api.w.org\/{rel}","templated":true}]}}