{"id":178994,"date":"2019-07-07T14:46:08","date_gmt":"2019-07-07T11:46:08","guid":{"rendered":"http:\/\/www.tvturk.com\/index.php\/ankara-buyuksehir-belediye-baskani-yavas-moskovada-turk-is-adamlariyla-bir-araya-geldi\/"},"modified":"2019-07-07T14:46:08","modified_gmt":"2019-07-07T11:46:08","slug":"ankara-buyuksehir-belediye-baskani-yavas-moskovada-turk-is-adamlariyla-bir-araya-geldi","status":"publish","type":"post","link":"http:\/\/www.tvturk.com\/index.php\/ankara-buyuksehir-belediye-baskani-yavas-moskovada-turk-is-adamlariyla-bir-araya-geldi\/","title":{"rendered":"Ankara B\u00fcy\u00fck\u015fehir Belediye Ba\u015fkan\u0131 Yava\u015f, Moskova\u2019da T\u00fcrk i\u015f adamlar\u0131yla bir araya geldi"},"content":{"rendered":"<p>Ankara B\u00fcy\u00fck\u015fehir Belediye Ba\u015fkan\u0131 Mansur Yava\u015f, d\u00fcnyaca \u00fcnl\u00fc bir\u00e7ok belediye ba\u015fkan\u0131n\u0131n bir araya geldi\u011fi 9. Moskova Kentsel Forumu\u2019na kat\u0131ld\u0131. Ba\u015fkan Yava\u015f, Moskova\u2019daki T\u00fcrk i\u015f adamlar\u0131yla da bir araya geldi.<\/p>\n<p>Ankara B\u00fcy\u00fck\u015fehir Belediye Ba\u015fkan\u0131 olduktan sonraki ilk resmi ziyaretini Rusya\u2019ya ger\u00e7ekle\u015ftiren Mansur Yava\u015f, Moskova Belediye Ba\u015fkan\u0131 Sergey Sobyanin\u2019in davetlisi olarak kat\u0131ld\u0131\u011f\u0131 9. Moskova Kentsel Forumu\u2019nda \u201c\u015eehirler bug\u00fcn hangi de\u011ferlere odaklan\u0131yor?\u201d ba\u015fl\u0131kl\u0131 panelde bir de konu\u015fma yapt\u0131. Forum s\u00fcresince \u00e7ok say\u0131da panele kat\u0131lan Yava\u015f, bir\u00e7ok \u00fclkeden gelen belediye ba\u015fkanlar\u0131, bilim insanlar\u0131 ve \u015fehir planlamac\u0131lar\u0131yla bir araya gelerek, Ankara\u2019da yapmay\u0131 d\u00fc\u015f\u00fcnd\u00fckleri projeleri anlatt\u0131.<\/p>\n<p>Yava\u015f, Rusya\u2019y\u0131 ziyaretinde Moskova Belediye Ba\u015fkan\u0131 Sergey Sobyanin ile iki ba\u015fkent aras\u0131nda 2019-2021 y\u0131llar\u0131n\u0131 kapsayan bir i\u015f birli\u011fi protokol\u00fc de imzalad\u0131. Moskova Belediye Ba\u015fkan\u0131 Sobyanin ile ba\u015f ba\u015fa ve heyetler aras\u0131nda g\u00f6r\u00fc\u015fmeler ger\u00e7ekle\u015ftiren Yava\u015f, Ankara-Moskova aras\u0131ndaki ili\u015fkilerin geli\u015ftirilerek g\u00fc\u00e7lendirilmesi y\u00f6n\u00fcnde de g\u00f6r\u00fc\u015f al\u0131\u015fveri\u015fine bulundu.<\/p>\n<p>Ba\u015fkan Yava\u015f, Moskova\u2019daki resmi temaslar\u0131n\u0131n son g\u00fcn\u00fcnde Rus-T\u00fcrk \u0130\u015f Adamlar\u0131 Birli\u011fini (RT\u0130B) ziyaret etti. Rus-T\u00fcrk \u0130\u015f Adamlar\u0131 Birli\u011fi E\u015f Ba\u015fkan\u0131 Sabahattin Yavuz ve T\u00fcrk i\u015f adamlar\u0131 taraf\u0131ndan kar\u015f\u0131lanan Ba\u015fkan Yava\u015f\u2019a, ATO Y\u00f6netim Kurulu Ba\u015fkan Yard\u0131mc\u0131s\u0131 Halil \u0130brahim Y\u0131lmaz ve beraberindeki heyet e\u015flik etti. Yava\u015f\u2019\u0131n Rus-T\u00fcrk \u0130\u015f Adamlar\u0131 Birli\u011fini ziyaretinde i\u015f adamlar\u0131yla iki \u00fclke aras\u0131ndaki ekonomik i\u015fbirli\u011finin gelece\u011fi de masaya yat\u0131r\u0131ld\u0131. Moskova-Ankara aras\u0131nda ger\u00e7ekle\u015ftirilebilecek bir\u00e7ok konuda i\u015fbirli\u011fi oldu\u011funa dikkat \u00e7eken Ba\u015fkan Yava\u015f, \u201cRusya\u2019da olduk\u00e7a ba\u015far\u0131l\u0131 olmu\u015f i\u015f adamlar\u0131m\u0131z var. Ankara\u2019daki i\u015fsizlik oran\u0131n\u0131 a\u015fa\u011f\u0131ya \u00e7ekmek i\u00e7in T\u00fcrk ve Rus i\u015f adamlar\u0131n\u0131n Ankara\u2019ya yat\u0131r\u0131m yapmalar\u0131 davet ediyoruz. Ankara B\u00fcy\u00fck\u015fehir Belediyesi olarak da t\u00fcm katk\u0131y\u0131 yapmaya haz\u0131r\u0131z\u201d dedi.<\/p>\n<p>T\u00fcrkiye\u2019ye gelen 5 milyon 800 bin Rus turistin yakla\u015f\u0131k y\u00fczde 60\u2019\u0131n\u0131 getiren firmalar\u0131n Rusya\u2019da faaliyet g\u00f6steren T\u00fcrk firmalar\u0131 olmas\u0131ndan memnuniyet duydu\u011funu ifade eden Ba\u015fkan Yava\u015f, \u201cAnkara \u00e7evresindeki turizm b\u00f6lgeleriyle birlikte konaklama a\u00e7\u0131s\u0131ndan \u00e7ok de\u011ferli bir b\u00f6lgedir. T\u00fcrkiye-Rusya K\u00fclt\u00fcr Y\u0131l\u0131 \u00e7er\u00e7evesinde Ankara bu Rus turist grubundan mutlaka pay almal\u0131d\u0131r. Bu konuda sizlerin deste\u011fini bekliyorum\u201d diye konu\u015ftu.<\/p>\n<p>Yava\u015f, i\u015f adamlar\u0131na Ankara\u2019da Rusya-T\u00fcrkiye \u0130\u015f Formu gibi bir organizasyonunun yap\u0131lmas\u0131 halinde Ankara B\u00fcy\u00fck\u015fehir Belediyesinin bunu destekleyece\u011finin alt\u0131n\u0131 \u00e7izerek, Ankara\u2019ya de\u011fer katacak, istihdam sa\u011flayacak her t\u00fcrl\u00fc \u00e7al\u0131\u015fman\u0131n da arkas\u0131nda olaca\u011f\u0131n\u0131 vurgulad\u0131.<\/p>\n<p>RT\u0130B Y\u00f6netim Kurulu Ba\u015fkan\u0131 Sabahattin Yavuz, B\u00fcy\u00fck\u015fehir Belediye Ba\u015fkan\u0131 Mansur Yava\u015f\u2019\u0131n Moskova 9. Kentsel Forumu\u2019na kat\u0131lmas\u0131n\u0131n sonu\u00e7lar\u0131n\u0131 takip ettiklerini ifade ederek, \u201cRT\u0130B olarak Ankara ve Moskova Belediyesi aras\u0131nda imzalanan i\u015fbirli\u011fi protokol\u00fcne her t\u00fcrl\u00fc deste\u011fi verece\u011fimizi say\u0131n ba\u015fkana ilettik. Ankara Belediyesi ve Moskova Belediyesi aras\u0131ndaki bu ili\u015fkiyi kurmada k\u00f6pr\u00fc olma amac\u0131m\u0131z\u0131, iste\u011fimizi de kendilerine ilettik. \u00c7ok verimli ziyaret ger\u00e7ekle\u015ftirdiler. Ba\u015fkan\u0131n turizm, tar\u0131m ve ticaret gibi bir\u00e7ok konuda teklifleri ve davetleri oldu. RT\u0130B olarak Ankara\u2019n\u0131n ticaret kentine d\u00f6n\u00fc\u015ft\u00fcr\u00fclmesi i\u00e7in elimizden gelen her t\u00fcrl\u00fc deste\u011fi verece\u011fiz\u201d dedi.<\/p>\n<p>Konu\u015fmas\u0131nda Moskova\u2019ya ger\u00e7ekle\u015ftirdi\u011fi ziyareti de\u011ferlendiren Yava\u015f, Rusya\u2019daki mevkida\u015flar\u0131na, \u2019\u2019Ankara\u2019da a\u00e7\u0131lacak alan var, i\u015fbirli\u011fi yap\u0131labilir diye s\u00f6yledim. Ruslar T\u00fcrkiye\u2019den domates al\u0131yorlar. Gelin bunu beraber \u00fcretelim, kar\u015f\u0131l\u0131\u011f\u0131nda mal al\u0131r\u0131z\u2019\u2019 \u00e7a\u011fr\u0131s\u0131n\u0131 yapt\u0131\u011f\u0131n\u0131 kaydetti. Ba\u015fkan Yava\u015f, Moskova ziyaretinden olduk\u00e7a memnun ayr\u0131ld\u0131\u011f\u0131n\u0131 belirterek, \u015funlar\u0131 s\u00f6yledi:<\/p>\n<p>\u201cMemnun kald\u0131k. Gayet g\u00fczel a\u011f\u0131rlad\u0131lar. Moskova Belediye Ba\u015fkan\u0131\u2019n\u0131n yapt\u0131\u011f\u0131 g\u00fczel \u00e7al\u0131\u015fmalar\u0131n\u0131 \u00f6\u011frendik. Bu arada d\u00fcnyan\u0131n \u00e7e\u015fitli yerlerinden gelen belediye ba\u015fkanlar\u0131 hem kendi projelerini, hem de belediyecili\u011fe ve kente yeni bak\u0131\u015f a\u00e7\u0131lar\u0131n\u0131 anlatt\u0131lar. Art\u0131k belediyelerin, \u015fehirlerin ara\u00e7lardan kurtar\u0131l\u0131p insanlar\u0131n daha sa\u011fl\u0131kl\u0131 ya\u015fayabilece\u011fi, keyif alabilece\u011fi ortamlar olmas\u0131 i\u00e7in gelece\u011fe y\u00f6nelik ne gibi tedbirler al\u0131nmas\u0131 gerekti\u011finden bahsettiler ve bunun d\u0131\u015f\u0131nda herkes kar\u015f\u0131l\u0131kl\u0131 olarak birbirleriyle deneyimlerini payla\u015ft\u0131 ve bu konuda i\u015fbirli\u011fi yapman\u0131n t\u00fcm d\u00fcnyan\u0131n hayr\u0131na oldu\u011funu da s\u00f6ylediler. Buradan olduk\u00e7a olumlu izlenimlerle ayr\u0131l\u0131yoruz. Ankara\u2019m\u0131z\u0131 D\u00fcnya\u2019ya tan\u0131tacak projeleri hayata ge\u00e7irece\u011fiz. &#8220;<\/p>\n","protected":false},"excerpt":{"rendered":"<p>ANKARA B\u00dcY\u00dcK\u015eEH\u0130R BELED\u0130YE BA\u015eKANI MANSUR YAVA\u015e, D\u00dcNYACA \u00dcNL\u00dc B\u0130R\u00c7OK BELED\u0130YE BA\u015eKANININ B\u0130R ARAYA GELD\u0130\u011e\u0130 9. MOSKOVA KENTSEL FORUMU\u2019NA KATILDI. BA\u015eKAN YAVA\u015e, MOSKOVA\u2019DAK\u0130 T\u00dcRK \u0130\u015e ADAMLARIYLA DA B\u0130R ARAYA GELD\u0130.<\/p>\n","protected":false},"author":1,"featured_media":178995,"comment_status":"closed","ping_status":"open","sticky":false,"template":"","format":"standard","meta":{"jetpack_post_was_ever_published":false,"_jetpack_newsletter_access":"","_jetpack_dont_email_post_to_subs":false,"_jetpack_newsletter_tier_id":0,"_jetpack_memberships_contains_paywalled_content":false,"_jetpack_memberships_contains_paid_content":false,"footnotes":"","jetpack_publicize_message":"","jetpack_publicize_feature_enabled":true,"jetpack_social_post_already_shared":true,"jetpack_social_options":{"image_generator_settings":{"template":"highway","default_image_id":0,"font":"","enabled":false},"version":2}},"categories":[10],"tags":[7522,1475,126,216,134,125,191,127,432,8003,957,16885],"class_list":["post-178994","post","type-post","status-publish","format-standard","has-post-thumbnail","hentry","category-dunya","tag-adamlariyla","tag-ankara","tag-araya","tag-baskani","tag-belediye","tag-bir","tag-buyuksehir","tag-geldi","tag-is","tag-moskovada","tag-turk","tag-yavas"],"jetpack_publicize_connections":[],"jetpack_featured_media_url":"https:\/\/i0.wp.com\/www.tvturk.com\/wp-content\/uploads\/2019\/07\/ankara-buyuksehir-belediye-baskani-yavas-moskovada-turk-is-adamlariyla-bir-araya-geldi_2c7955c.jpg?fit=1000%2C750","jetpack_sharing_enabled":true,"jetpack_shortlink":"https:\/\/wp.me\/paKIfm-Kz0","_links":{"self":[{"href":"http:\/\/www.tvturk.com\/index.php\/wp-json\/wp\/v2\/posts\/178994","targetHints":{"allow":["GET"]}}],"collection":[{"href":"http:\/\/www.tvturk.com\/index.php\/wp-json\/wp\/v2\/posts"}],"about":[{"href":"http:\/\/www.tvturk.com\/index.php\/wp-json\/wp\/v2\/types\/post"}],"author":[{"embeddable":true,"href":"http:\/\/www.tvturk.com\/index.php\/wp-json\/wp\/v2\/users\/1"}],"replies":[{"embeddable":true,"href":"http:\/\/www.tvturk.com\/index.php\/wp-json\/wp\/v2\/comments?post=178994"}],"version-history":[{"count":0,"href":"http:\/\/www.tvturk.com\/index.php\/wp-json\/wp\/v2\/posts\/178994\/revisions"}],"wp:featuredmedia":[{"embeddable":true,"href":"http:\/\/www.tvturk.com\/index.php\/wp-json\/wp\/v2\/media\/178995"}],"wp:attachment":[{"href":"http:\/\/www.tvturk.com\/index.php\/wp-json\/wp\/v2\/media?parent=178994"}],"wp:term":[{"taxonomy":"category","embeddable":true,"href":"http:\/\/www.tvturk.com\/index.php\/wp-json\/wp\/v2\/categories?post=178994"},{"taxonomy":"post_tag","embeddable":true,"href":"http:\/\/www.tvturk.com\/index.php\/wp-json\/wp\/v2\/tags?post=178994"}],"curies":[{"name":"wp","href":"https:\/\/api.w.org\/{rel}","templated":true}]}}