{"id":179008,"date":"2019-07-07T15:46:05","date_gmt":"2019-07-07T12:46:05","guid":{"rendered":"http:\/\/www.tvturk.com\/index.php\/kanli-saldirilarin-golgesinde-taliban-ve-afganistan-baris-gorusmeleri\/"},"modified":"2019-07-07T15:46:05","modified_gmt":"2019-07-07T12:46:05","slug":"kanli-saldirilarin-golgesinde-taliban-ve-afganistan-baris-gorusmeleri","status":"publish","type":"post","link":"http:\/\/www.tvturk.com\/index.php\/kanli-saldirilarin-golgesinde-taliban-ve-afganistan-baris-gorusmeleri\/","title":{"rendered":"Kanl\u0131 sald\u0131r\u0131lar\u0131n g\u00f6lgesinde Taliban ve Afganistan bar\u0131\u015f g\u00f6r\u00fc\u015fmeleri"},"content":{"rendered":"<p>Taliban temsilcileri ile Afganistan h\u00fck\u00fcmetinden temsilciler ve di\u011fer kanaat \u00f6nderlerinden olu\u015fan Afgan heyeti, bug\u00fcn Katar\u2019\u0131n ba\u015fkenti Doha\u2019da bar\u0131\u015f g\u00f6r\u00fc\u015fmeleri i\u00e7in yeniden masaya oturdu. ABD\u2019nin kat\u0131lmayaca\u011f\u0131 g\u00f6r\u00fc\u015fmelere, Almanya ve Katar arac\u0131l\u0131k ediyor.<\/p>\n<p>Afganistan\u2019da Taliban\u2019\u0131n \u00f6l\u00fcmc\u00fcl sald\u0131r\u0131lar\u0131na devam ederken uluslararas\u0131 toplumun \u00e7abalar\u0131 neticesinde taraflar, bug\u00fcn Katar\u2019\u0131n ba\u015fkenti Doha\u2019da bar\u0131\u015f pazarl\u0131klar\u0131 i\u00e7in masaya oturdu. ABD\u2019nin Afganistan \u00d6zel Temsilcisi Zalmay Halilzad bug\u00fcn ba\u015flayan g\u00f6r\u00fc\u015fmelere ili\u015fkin, Taliban ile devam eden g\u00f6r\u00fc\u015fmelerde olumlu geli\u015fmelerin kaydedildi\u011fini aktard\u0131.<\/p>\n<p>Taliban ile Afganistan h\u00fck\u00fcmetinin, 18 y\u0131ld\u0131r devam eden i\u00e7 sava\u015f\u0131 bitirmek ve \u00fclkede bar\u0131\u015f\u0131n temini i\u00e7in Doha\u2019da y\u00fcr\u00fctecekleri 2 g\u00fcn s\u00fcrecek bar\u0131\u015f g\u00f6r\u00fc\u015fmeleri bug\u00fcn ba\u015flad\u0131.<\/p>\n<p>Almanya ve Katar taraf\u0131ndan d\u00fczenlenen g\u00f6r\u00fc\u015fmelere ABD bu sefer do\u011frudan bir kat\u0131l\u0131mda bulunmayacak. Benzer g\u00f6r\u00fc\u015fmeler, \u015eubat ve May\u0131s aylar\u0131nda Moskova\u2019da d\u00fczenlenmi\u015fti.<\/p>\n<p>Almanya\u2019n\u0131n Afganistan ve Pakistan \u00d6zel Temsilcisi Markus Potzel, pazartesi g\u00fcn\u00fc yapt\u0131\u011f\u0131 bas\u0131n a\u00e7\u0131klamas\u0131nda Afgan taraflar\u0131n toplant\u0131ya &#8220;yaln\u0131zca ki\u015fisel kapasitelerine ve e\u015fit ko\u015fullarda&#8221; kat\u0131laca\u011f\u0131n\u0131 bildirdi. Potzel, \u201cAfganistan, bar\u0131\u015fa do\u011fru ilerleyece\u011fi kritik bir noktada duruyor. Afgan taraflar aras\u0131ndaki do\u011frudan anla\u015fma, bu s\u00fcrecin temel bile\u015feni olacak\u201d dedi.<\/p>\n<p>ABD D\u0131\u015fi\u015fleri Bakan\u0131 Mike Pompeo, ge\u00e7ti\u011fimiz hafta Kabil\u2019e s\u00fcrpriz bir ziyaret ger\u00e7ekle\u015ftirmi\u015f ve 1 Eyl\u00fcl\u2019den \u00f6nce Afganistan\u2019dan \u00e7ekilmek istediklerini s\u00f6ylemi\u015fti.<\/p>\n<p>\u201cAfganistan ter\u00f6ristlerin Harvard\u2019\u0131\u201d<\/p>\n<p>Washington y\u00f6netimi, Eyl\u00fcl ay\u0131nda Afganistan\u2019da yap\u0131lacak genel se\u00e7imler \u00f6ncesinde anla\u015fmay\u0131 ba\u011flayarak Afganistan\u2019da bulunan g\u00fc\u00e7lerini geri \u00e7ekmenin yollar\u0131n\u0131 ar\u0131yor. ABD Ba\u015fkan\u0131 Donald Trump, Pazartesi g\u00fcn\u00fc verdi\u011fi r\u00f6portajda Amerikan g\u00fc\u00e7lerini Afganistan\u2019dan \u00e7ekmeyi istedi\u011fini, ancak \u00fclkede g\u00fc\u00e7l\u00fc bir istihbarat varl\u0131\u011f\u0131 b\u0131rakaca\u011f\u0131n\u0131 s\u00f6ylemi\u015fti. A\u00e7\u0131klamas\u0131na, \u201cTer\u00f6ristler i\u00e7in bir laboratuvar gibi g\u00f6r\u00fcn\u00fcyor. Ben buna ter\u00f6ristlerin Harvard\u2019\u0131 diyorum\u201d s\u00f6zleriyle devam eden ABD Ba\u015fkan\u0131 Trump, ABD\u2019nin en uzun sava\u015f\u0131 olarak g\u00f6rd\u00fc\u011f\u00fc Afganistan\u2019da hala asker bulundurman\u0131n hem finansal hem de askeri olarak anlams\u0131z oldu\u011funu d\u00fc\u015f\u00fcnd\u00fc\u011f\u00fcn\u00fc belirtti.<\/p>\n<p>Amerika Birle\u015fik Devletleri, \u00fc\u00e7 ayd\u0131r Afganistan\u2019da bar\u0131\u015f\u0131n sa\u011flanmas\u0131 amac\u0131yla Taliban ile Kabil y\u00f6netimi aras\u0131nda d\u00fczenlenecek siyasi g\u00f6r\u00fc\u015fmeler i\u00e7in giri\u015fimlerde bulunuyordu. G\u00f6r\u00fc\u015fmelerin yedincisi, ABD\u2019nin Afganistan \u00d6zel Temsilcisi Zalmay Halilzad\u2019\u0131n kat\u0131l\u0131m\u0131yla 29 Haziran\u2019da d\u00fczenlenmi\u015fti. Taliban, Afganistan Cumhurba\u015fkan\u0131 Muhammed E\u015fref Gani ile Nisan ay\u0131nda Doha\u2019da bar\u0131\u015f g\u00f6r\u00fc\u015fmelerini ba\u015flatmas\u0131 i\u00e7in gelen tekliflerini reddetmi\u015fti.<\/p>\n<p>Taliban\u2019\u0131n Katar\u2019da bulunan S\u00f6zc\u00fcs\u00fc S\u00fcheyl \u015eahin bug\u00fcn ba\u015flayan g\u00f6r\u00fc\u015fmeler \u00f6ncesinde yapt\u0131\u011f\u0131 a\u00e7\u0131klamada, \u201cBug\u00fcnk\u00fc m\u00fczakerelere Afgan taraflar\u0131 olarak ba\u015flayaca\u011f\u0131z, fakat Kabil y\u00f6netimiyle bir h\u00fck\u00fcmetmi\u015f gibi konu\u015fmayaca\u011f\u0131z\u201d dedi. Taliban yapt\u0131\u011f\u0131 a\u00e7\u0131klamalarda, bug\u00fcn d\u00fczenlenecek toplant\u0131dan E\u015fref Gani y\u00f6netiminin d\u0131\u015fland\u0131\u011f\u0131n\u0131n \u0131srarla belirtti.<\/p>\n<p>ABD\u2019nin Afganistan \u00d6zel Temsilcisi Halilzad ise 29 Haziran toplant\u0131s\u0131na ili\u015fkin d\u00fcn yapt\u0131\u011f\u0131 a\u00e7\u0131klamada, 29 Haziran\u2019da d\u00fczenledikleri toplant\u0131y\u0131 \u015fu ana kadar Taliban temsilcileriyle yap\u0131lan en verimli g\u00f6r\u00fc\u015fme olarak nitelendirmi\u015fti. ABD, Taliban\u2019\u0131 Kabil h\u00fck\u00fcmeti ile do\u011frudan g\u00f6r\u00fc\u015ft\u00fcrmenin yollar\u0131n\u0131 ar\u0131yor. Ancak Taliban bug\u00fcne kadar, \u201cBat\u0131\u2019n\u0131n kuklas\u0131\u201d olarak adland\u0131rd\u0131klar\u0131 Kabil h\u00fck\u00fcmeti ile g\u00f6r\u00fc\u015fmeyi reddetmi\u015fti.<\/p>\n","protected":false},"excerpt":{"rendered":"<p>TAL\u0130BAN TEMS\u0130LC\u0130LER\u0130 \u0130LE AFGAN\u0130STAN H\u00dcK\u00dcMET\u0130NDEN TEMS\u0130LC\u0130LER VE D\u0130\u011eER KANAAT \u00d6NDERLER\u0130NDEN OLU\u015eAN AFGAN HEYET\u0130, BUG\u00dcN KATAR\u2019IN BA\u015eKENT\u0130 DOHA\u2019DA BARI\u015e G\u00d6R\u00dc\u015eMELER\u0130 \u0130\u00c7\u0130N YEN\u0130DEN MASAYA OTURDU.<\/p>\n","protected":false},"author":1,"featured_media":179009,"comment_status":"closed","ping_status":"open","sticky":false,"template":"","format":"standard","meta":{"jetpack_post_was_ever_published":false,"_jetpack_newsletter_access":"","_jetpack_dont_email_post_to_subs":false,"_jetpack_newsletter_tier_id":0,"_jetpack_memberships_contains_paywalled_content":false,"_jetpack_memberships_contains_paid_content":false,"footnotes":"","jetpack_publicize_message":"","jetpack_publicize_feature_enabled":true,"jetpack_social_post_already_shared":true,"jetpack_social_options":{"image_generator_settings":{"template":"highway","default_image_id":0,"font":"","enabled":false},"version":2}},"categories":[10],"tags":[33319,11429,4256,22334,2781,5402,31142],"class_list":["post-179008","post","type-post","status-publish","format-standard","has-post-thumbnail","hentry","category-dunya","tag-saldirilarin","tag-afganistan","tag-baris","tag-golgesinde","tag-gorusmeleri","tag-kanli","tag-taliban"],"jetpack_publicize_connections":[],"jetpack_featured_media_url":"https:\/\/i0.wp.com\/www.tvturk.com\/wp-content\/uploads\/2019\/07\/kanli-saldirilarin-golgesinde-taliban-ve-afganistan-baris-gorusmeleri_ead94f5.jpg?fit=1000%2C666","jetpack_sharing_enabled":true,"jetpack_shortlink":"https:\/\/wp.me\/paKIfm-Kze","_links":{"self":[{"href":"http:\/\/www.tvturk.com\/index.php\/wp-json\/wp\/v2\/posts\/179008","targetHints":{"allow":["GET"]}}],"collection":[{"href":"http:\/\/www.tvturk.com\/index.php\/wp-json\/wp\/v2\/posts"}],"about":[{"href":"http:\/\/www.tvturk.com\/index.php\/wp-json\/wp\/v2\/types\/post"}],"author":[{"embeddable":true,"href":"http:\/\/www.tvturk.com\/index.php\/wp-json\/wp\/v2\/users\/1"}],"replies":[{"embeddable":true,"href":"http:\/\/www.tvturk.com\/index.php\/wp-json\/wp\/v2\/comments?post=179008"}],"version-history":[{"count":0,"href":"http:\/\/www.tvturk.com\/index.php\/wp-json\/wp\/v2\/posts\/179008\/revisions"}],"wp:featuredmedia":[{"embeddable":true,"href":"http:\/\/www.tvturk.com\/index.php\/wp-json\/wp\/v2\/media\/179009"}],"wp:attachment":[{"href":"http:\/\/www.tvturk.com\/index.php\/wp-json\/wp\/v2\/media?parent=179008"}],"wp:term":[{"taxonomy":"category","embeddable":true,"href":"http:\/\/www.tvturk.com\/index.php\/wp-json\/wp\/v2\/categories?post=179008"},{"taxonomy":"post_tag","embeddable":true,"href":"http:\/\/www.tvturk.com\/index.php\/wp-json\/wp\/v2\/tags?post=179008"}],"curies":[{"name":"wp","href":"https:\/\/api.w.org\/{rel}","templated":true}]}}