{"id":179049,"date":"2019-07-07T18:16:58","date_gmt":"2019-07-07T15:16:58","guid":{"rendered":"http:\/\/www.tvturk.com\/index.php\/sivas-super-enduro-festivali-nefes-kesti\/"},"modified":"2019-07-07T18:16:58","modified_gmt":"2019-07-07T15:16:58","slug":"sivas-super-enduro-festivali-nefes-kesti","status":"publish","type":"post","link":"http:\/\/www.tvturk.com\/index.php\/sivas-super-enduro-festivali-nefes-kesti\/","title":{"rendered":"Sivas S\u00fcper Enduro Festivali nefes kesti"},"content":{"rendered":"<p>Sivas Kongresinin 100\u2019\u00fcnc\u00fc y\u0131l\u0131 etkinlikleri kapsam\u0131nda ilk defa ger\u00e7ekle\u015ftirilen &#8220;100. Y\u0131l Sivas S\u00fcper Enduro Festivali&#8221; izleyenlerin nefesini kesti.<\/p>\n<p>Sivas Valili\u011fi, T\u00fcrkiye Motor Sporlar\u0131 Federasyonu ile Gen\u00e7lik ve Spor \u0130l M\u00fcd\u00fcrl\u00fc\u011f\u00fc organizesinde Sivas\u2019ta &#8220;Sivas S\u00fcper Enduro Festivali&#8221; ger\u00e7ekle\u015ftirildi. Merakum mevki Trap Poligonu kar\u015f\u0131s\u0131nda ger\u00e7ekle\u015ftirilen etkinli\u011fe 9 ilden 60 sporcu kat\u0131ld\u0131. \u00c7ok say\u0131da motor severin de kat\u0131ld\u0131\u011f\u0131 festivali Sivas Valisi Salih Ayhan\u2019da izledi. Yar\u0131\u015fmada 60 sporcu kendileri i\u00e7in olu\u015fturulan zorlu parkurda birbirleriyle k\u0131yas\u0131ya yar\u0131\u015ft\u0131. Zorlu parkurlar\u0131 tek tek atlatan sporcular izleyenlerden b\u00fcy\u00fck be\u011feni toplad\u0131. Yar\u0131\u015fta ilk \u00fc\u00e7e giren sporculara Sivas Valisi Salih Ayhan kupalar\u0131n\u0131 takdim etti.<\/p>\n<p>\u00d6te yandan festivalde bir sporcunun ise motorundan d\u00fc\u015fmesi cep telefonu kameras\u0131na yans\u0131d\u0131. Yere k\u00f6t\u00fc bir \u015fekilde d\u00fc\u015fen sporcunun bile\u011finin \u00e7atlad\u0131\u011f\u0131 \u00f6\u011frenildi.<\/p>\n<p>Sivas Valisi Salih Ayhan burada yapt\u0131\u011f\u0131 konu\u015fmada 2019 y\u0131l\u0131n\u0131n Sivas Kongresinin 100. Y\u0131l\u0131 oldu\u011funu belirterek, \u201cSivas Kongresinin 100. Y\u0131l\u0131 bir\u00e7ok etkinliklerle kutluyoruz. Gen\u00e7lere y\u00f6nelik \u00e7ok g\u00fczel programlar\u0131m\u0131z var. Bir\u00e7ok spor dal\u0131n\u0131 ilimizle tan\u0131\u015ft\u0131rm\u0131\u015f olduk. \u0130lk defa enduro festivali ger\u00e7ekle\u015ftirdik. Bir\u00e7ok ilden 60\u2019a yak\u0131n sporcu geldi. Y\u00fczlerce seyirci geldi. \u0130limizin de spor alt yap\u0131s\u0131n\u0131 g\u00f6rm\u00fc\u015f oluyoruz. \u0130yi bir alt yap\u0131m\u0131z\u0131n oldu\u011funu fark ettik. \u201cdedi.<\/p>\n<p>Vatanda\u015flar ise b\u00f6yle bir sporun Sivas\u2019ta ger\u00e7ekle\u015ftirilmesinden memnun olduklar\u0131n\u0131 dile getirdi.<\/p>\n","protected":false},"excerpt":{"rendered":"<p>S\u0130VAS KONGRES\u0130\u2019N\u0130N 100\u2019\u00dcNC\u00dc YILI ETK\u0130NL\u0130KLER\u0130 KAPSAMINDA \u0130LK DEFA GER\u00c7EKLE\u015eT\u0130R\u0130LEN &#8220;100. YIL S\u0130VAS S\u00dcPER ENDURO FEST\u0130VAL\u0130&#8221; \u0130ZLEYENLER\u0130N NEFES\u0130N\u0130 KEST\u0130<\/p>\n","protected":false},"author":1,"featured_media":179050,"comment_status":"closed","ping_status":"open","sticky":false,"template":"","format":"standard","meta":{"jetpack_post_was_ever_published":false,"_jetpack_newsletter_access":"","_jetpack_dont_email_post_to_subs":false,"_jetpack_newsletter_tier_id":0,"_jetpack_memberships_contains_paywalled_content":false,"_jetpack_memberships_contains_paid_content":false,"footnotes":"","jetpack_publicize_message":"","jetpack_publicize_feature_enabled":true,"jetpack_social_post_already_shared":true,"jetpack_social_options":{"image_generator_settings":{"template":"highway","default_image_id":0,"font":"","enabled":false},"version":2}},"categories":[657],"tags":[33575,3400,224,223,4247,1463],"class_list":["post-179049","post","type-post","status-publish","format-standard","has-post-thumbnail","hentry","category-spor","tag-enduro","tag-festivali","tag-kesti","tag-nefes","tag-sivas","tag-super"],"jetpack_publicize_connections":[],"jetpack_featured_media_url":"https:\/\/i0.wp.com\/www.tvturk.com\/wp-content\/uploads\/2019\/07\/sivas-super-enduro-festivali-nefes-kesti_d76e1ce.jpg?fit=1000%2C663","jetpack_sharing_enabled":true,"jetpack_shortlink":"https:\/\/wp.me\/paKIfm-KzT","_links":{"self":[{"href":"http:\/\/www.tvturk.com\/index.php\/wp-json\/wp\/v2\/posts\/179049","targetHints":{"allow":["GET"]}}],"collection":[{"href":"http:\/\/www.tvturk.com\/index.php\/wp-json\/wp\/v2\/posts"}],"about":[{"href":"http:\/\/www.tvturk.com\/index.php\/wp-json\/wp\/v2\/types\/post"}],"author":[{"embeddable":true,"href":"http:\/\/www.tvturk.com\/index.php\/wp-json\/wp\/v2\/users\/1"}],"replies":[{"embeddable":true,"href":"http:\/\/www.tvturk.com\/index.php\/wp-json\/wp\/v2\/comments?post=179049"}],"version-history":[{"count":0,"href":"http:\/\/www.tvturk.com\/index.php\/wp-json\/wp\/v2\/posts\/179049\/revisions"}],"wp:featuredmedia":[{"embeddable":true,"href":"http:\/\/www.tvturk.com\/index.php\/wp-json\/wp\/v2\/media\/179050"}],"wp:attachment":[{"href":"http:\/\/www.tvturk.com\/index.php\/wp-json\/wp\/v2\/media?parent=179049"}],"wp:term":[{"taxonomy":"category","embeddable":true,"href":"http:\/\/www.tvturk.com\/index.php\/wp-json\/wp\/v2\/categories?post=179049"},{"taxonomy":"post_tag","embeddable":true,"href":"http:\/\/www.tvturk.com\/index.php\/wp-json\/wp\/v2\/tags?post=179049"}],"curies":[{"name":"wp","href":"https:\/\/api.w.org\/{rel}","templated":true}]}}