{"id":179075,"date":"2019-07-07T20:02:16","date_gmt":"2019-07-07T17:02:16","guid":{"rendered":"http:\/\/www.tvturk.com\/index.php\/caykur-rizespor-yeni-sezon-hazirliklarini-surduruyor\/"},"modified":"2019-07-07T20:02:16","modified_gmt":"2019-07-07T17:02:16","slug":"caykur-rizespor-yeni-sezon-hazirliklarini-surduruyor","status":"publish","type":"post","link":"http:\/\/www.tvturk.com\/index.php\/caykur-rizespor-yeni-sezon-hazirliklarini-surduruyor\/","title":{"rendered":"\u00c7aykur Rizespor yeni sezon haz\u0131rl\u0131klar\u0131n\u0131 s\u00fcrd\u00fcr\u00fcyor"},"content":{"rendered":"<p>Spor Toto S\u00fcper Lig ekiplerinde \u00c7aykur Rizespor, yeni sezonun haz\u0131rl\u0131klar\u0131n\u0131 s\u00fcrd\u00fcr\u00fcyor.<\/p>\n<p>S\u00fcper Lig ekiplerinden \u00c7aykur Rizespor, 2019-2020 Cemil Usta sezonunun haz\u0131rl\u0131klar\u0131n\u0131 s\u00fcrd\u00fcr\u00fcyor. Mehmet Cengiz Tesislerinde teknik adam \u0130smail Kartal y\u00f6netiminde ger\u00e7ekle\u015fen antrenmanda oyuncular d\u00fcz ko\u015funun ard\u0131ndan taktiksel \u00e7al\u0131\u015fmalar s\u00fcrd\u00fcrd\u00fc.<\/p>\n<p>Antrenman\u0131 \u00c7aykur Rizespor Kul\u00fcb\u00fc Y\u00f6netim Kurulu \u00dcyelerinden Hasan T\u00fcr\u00fct ve Sinan Mete takip etti.<\/p>\n<p>Y\u00fcksek ate\u015f te\u015fhisi konu\u015flan kaleci G\u00f6khan Akkan antrenmana kat\u0131lamazken, Ye\u015fil-Mavili ekibin yeni transferi El Kabir ise ikili m\u00fccadelede sakatlanarak antrenman\u0131 yar\u0131da b\u0131rakt\u0131.<\/p>\n","protected":false},"excerpt":{"rendered":"<p>SPOR TOTO S\u00dcPER L\u0130G EK\u0130PLER\u0130NDE \u00c7AYKUR R\u0130ZESPOR, YEN\u0130 SEZONUN HAZIRLIKLARINI S\u00dcRD\u00dcR\u00dcYOR.<\/p>\n","protected":false},"author":1,"featured_media":179076,"comment_status":"closed","ping_status":"open","sticky":false,"template":"","format":"standard","meta":{"jetpack_post_was_ever_published":false,"_jetpack_newsletter_access":"","_jetpack_dont_email_post_to_subs":false,"_jetpack_newsletter_tier_id":0,"_jetpack_memberships_contains_paywalled_content":false,"_jetpack_memberships_contains_paid_content":false,"footnotes":"","jetpack_publicize_message":"","jetpack_publicize_feature_enabled":true,"jetpack_social_post_already_shared":true,"jetpack_social_options":{"image_generator_settings":{"template":"highway","default_image_id":0,"font":"","enabled":false},"version":2}},"categories":[657],"tags":[2855,2628,2856,4954,1772,87],"class_list":["post-179075","post","type-post","status-publish","format-standard","has-post-thumbnail","hentry","category-spor","tag-caykur","tag-hazirliklarini","tag-rizespor","tag-sezon","tag-surduruyor","tag-yeni"],"jetpack_publicize_connections":[],"jetpack_featured_media_url":"https:\/\/i0.wp.com\/www.tvturk.com\/wp-content\/uploads\/2019\/07\/caykur-rizespor-yeni-sezon-hazirliklarini-surduruyor_1851341.jpg?fit=1000%2C644","jetpack_sharing_enabled":true,"jetpack_shortlink":"https:\/\/wp.me\/paKIfm-KAj","_links":{"self":[{"href":"http:\/\/www.tvturk.com\/index.php\/wp-json\/wp\/v2\/posts\/179075","targetHints":{"allow":["GET"]}}],"collection":[{"href":"http:\/\/www.tvturk.com\/index.php\/wp-json\/wp\/v2\/posts"}],"about":[{"href":"http:\/\/www.tvturk.com\/index.php\/wp-json\/wp\/v2\/types\/post"}],"author":[{"embeddable":true,"href":"http:\/\/www.tvturk.com\/index.php\/wp-json\/wp\/v2\/users\/1"}],"replies":[{"embeddable":true,"href":"http:\/\/www.tvturk.com\/index.php\/wp-json\/wp\/v2\/comments?post=179075"}],"version-history":[{"count":0,"href":"http:\/\/www.tvturk.com\/index.php\/wp-json\/wp\/v2\/posts\/179075\/revisions"}],"wp:featuredmedia":[{"embeddable":true,"href":"http:\/\/www.tvturk.com\/index.php\/wp-json\/wp\/v2\/media\/179076"}],"wp:attachment":[{"href":"http:\/\/www.tvturk.com\/index.php\/wp-json\/wp\/v2\/media?parent=179075"}],"wp:term":[{"taxonomy":"category","embeddable":true,"href":"http:\/\/www.tvturk.com\/index.php\/wp-json\/wp\/v2\/categories?post=179075"},{"taxonomy":"post_tag","embeddable":true,"href":"http:\/\/www.tvturk.com\/index.php\/wp-json\/wp\/v2\/tags?post=179075"}],"curies":[{"name":"wp","href":"https:\/\/api.w.org\/{rel}","templated":true}]}}