{"id":179077,"date":"2019-07-07T21:31:23","date_gmt":"2019-07-07T18:31:23","guid":{"rendered":"http:\/\/www.tvturk.com\/index.php\/abdde-bir-evde-5-kisinin-cesedi-bulundu\/"},"modified":"2019-07-07T21:31:23","modified_gmt":"2019-07-07T18:31:23","slug":"abdde-bir-evde-5-kisinin-cesedi-bulundu","status":"publish","type":"post","link":"http:\/\/www.tvturk.com\/index.php\/abdde-bir-evde-5-kisinin-cesedi-bulundu\/","title":{"rendered":"ABD\u2019de bir evde 5 ki\u015finin cesedi bulundu"},"content":{"rendered":"<p>ABD\u2019nin St. Louis kentinde bir evde 5 ki\u015finin cesedi bulundu, St. Louis Emniyeti yerel halkla koordine olarak katilin bulunmas\u0131 i\u00e7in \u00e7al\u0131\u015fma ba\u015flatt\u0131.<\/p>\n<p>ABD\u2019nin Missouri eyaletinin St. Louis kentinde bir evde 5 ki\u015finin cesedinin bulundu. Polis olayla ilgili geni\u015f \u00e7apl\u0131 bir soru\u015fturma ba\u015flatt\u0131. St. Louis Polis \u015eefi Jon Belmar, 5 ki\u015finin nas\u0131l ve kim taraf\u0131ndan \u00f6ld\u00fcr\u00fcld\u00fcklerinin bulunmas\u0131 i\u00e7in vatanda\u015flardan yard\u0131m istedi. \u00d6len 5 yeti\u015fkinin \u00f6\u011fle saatlerinde bir grupla birlikte olduklar\u0131n\u0131 ve \u00f6l\u00fcmlerin cinayet oldu\u011funu s\u00f6yleyen Belmar, \u201cBu su\u00e7u \u00e7\u00f6zmede bize yard\u0131mc\u0131 olmak i\u00e7in b\u00f6lge halk\u0131n\u0131n yard\u0131m\u0131na ihtiyac\u0131m\u0131z var\u201d dedi.<\/p>\n<p>Cinayete kurban giden 5 ki\u015finin kimliklerinin tespit edildi\u011fi a\u00e7\u0131kland\u0131. \u00d6ld\u00fcr\u00fclen 5 ki\u015finin kimlikleri hakk\u0131nda ba\u015fka bir a\u00e7\u0131klama yap\u0131lmad\u0131.<\/p>\n","protected":false},"excerpt":{"rendered":"<p>ABD\u2019N\u0130N ST. LOU\u0130S KENT\u0130NDE B\u0130R EVDE 5 K\u0130\u015e\u0130N\u0130N CESED\u0130 BULUNDU, ST. LOU\u0130S EMN\u0130YET\u0130 YEREL HALKLA KOORD\u0130NE OLARAK KAT\u0130L\u0130N BULUNMASI \u0130\u00c7\u0130N \u00c7ALI\u015eMA BA\u015eLATTI.<\/p>\n","protected":false},"author":1,"featured_media":179078,"comment_status":"closed","ping_status":"open","sticky":false,"template":"","format":"standard","meta":{"jetpack_post_was_ever_published":false,"_jetpack_newsletter_access":"","_jetpack_dont_email_post_to_subs":false,"_jetpack_newsletter_tier_id":0,"_jetpack_memberships_contains_paywalled_content":false,"_jetpack_memberships_contains_paid_content":false,"footnotes":"","jetpack_publicize_message":"","jetpack_publicize_feature_enabled":true,"jetpack_social_post_already_shared":true,"jetpack_social_options":{"image_generator_settings":{"template":"highway","default_image_id":0,"font":"","enabled":false},"version":2}},"categories":[10],"tags":[4714,5035,125,204,1321,6893],"class_list":["post-179077","post","type-post","status-publish","format-standard","has-post-thumbnail","hentry","category-dunya","tag-evde","tag-abdde","tag-bir","tag-bulundu","tag-cesedi","tag-kisinin"],"jetpack_publicize_connections":[],"jetpack_featured_media_url":"https:\/\/i0.wp.com\/www.tvturk.com\/wp-content\/uploads\/2019\/07\/abdde-bir-evde-5-kisinin-cesedi-bulundu_38a44a1.jpg?fit=1000%2C548","jetpack_sharing_enabled":true,"jetpack_shortlink":"https:\/\/wp.me\/paKIfm-KAl","_links":{"self":[{"href":"http:\/\/www.tvturk.com\/index.php\/wp-json\/wp\/v2\/posts\/179077","targetHints":{"allow":["GET"]}}],"collection":[{"href":"http:\/\/www.tvturk.com\/index.php\/wp-json\/wp\/v2\/posts"}],"about":[{"href":"http:\/\/www.tvturk.com\/index.php\/wp-json\/wp\/v2\/types\/post"}],"author":[{"embeddable":true,"href":"http:\/\/www.tvturk.com\/index.php\/wp-json\/wp\/v2\/users\/1"}],"replies":[{"embeddable":true,"href":"http:\/\/www.tvturk.com\/index.php\/wp-json\/wp\/v2\/comments?post=179077"}],"version-history":[{"count":0,"href":"http:\/\/www.tvturk.com\/index.php\/wp-json\/wp\/v2\/posts\/179077\/revisions"}],"wp:featuredmedia":[{"embeddable":true,"href":"http:\/\/www.tvturk.com\/index.php\/wp-json\/wp\/v2\/media\/179078"}],"wp:attachment":[{"href":"http:\/\/www.tvturk.com\/index.php\/wp-json\/wp\/v2\/media?parent=179077"}],"wp:term":[{"taxonomy":"category","embeddable":true,"href":"http:\/\/www.tvturk.com\/index.php\/wp-json\/wp\/v2\/categories?post=179077"},{"taxonomy":"post_tag","embeddable":true,"href":"http:\/\/www.tvturk.com\/index.php\/wp-json\/wp\/v2\/tags?post=179077"}],"curies":[{"name":"wp","href":"https:\/\/api.w.org\/{rel}","templated":true}]}}