{"id":179087,"date":"2019-07-07T23:17:09","date_gmt":"2019-07-07T20:17:09","guid":{"rendered":"http:\/\/www.tvturk.com\/index.php\/altin-karagoze-muhtesem-acilis\/"},"modified":"2019-07-07T23:17:09","modified_gmt":"2019-07-07T20:17:09","slug":"altin-karagoze-muhtesem-acilis","status":"publish","type":"post","link":"http:\/\/www.tvturk.com\/index.php\/altin-karagoze-muhtesem-acilis\/","title":{"rendered":"\u2019Alt\u0131n Karag\u00f6z\u2019e muhte\u015fem a\u00e7\u0131l\u0131\u015f"},"content":{"rendered":"<p>33. Uluslararas\u0131 Alt\u0131n Karag\u00f6z Halk Danslar\u0131 Yar\u0131\u015fmas\u0131 farkl\u0131 k\u00fclt\u00fcrlerin harmanland\u0131\u011f\u0131 Bursa\u2019da co\u015fkulu anlara sahne olurken, etkinlikten t\u00fcm d\u00fcnyaya karde\u015flik ve dostluk mesajlar\u0131 g\u00f6nderildi.<\/p>\n<p>Bursa B\u00fcy\u00fck\u015fehir Belediyesi ad\u0131na Bursa K\u00fclt\u00fcr Sanat ve Turizm Vakf\u0131 (BKSTV) taraf\u0131ndan bu y\u0131l 33.\u2019s\u00fc d\u00fczenlenen Uluslararas\u0131 Alt\u0131n Karag\u00f6z Halk Danslar\u0131 Yar\u0131\u015fmas\u0131, muhte\u015fem a\u00e7\u0131l\u0131\u015fla start ald\u0131. \u00dclkelerinden Bursa\u2019ya gelen halk danslar\u0131 ekipleri, K\u00fclt\u00fcrpark A\u00e7\u0131khava Tiyatrosu\u2019nda yapt\u0131klar\u0131 3\u2019er dakikal\u0131k g\u00f6sterilerle sanatseverlere unutamayacaklar\u0131 bir ak\u015fam ya\u015fatt\u0131.<\/p>\n<p>Uluslararas\u0131 nitelikteki organizasyonun a\u00e7\u0131l\u0131\u015f\u0131na, B\u00fcy\u00fck\u015fehir Belediye Ba\u015fkan\u0131 Alinur Akta\u015f da kat\u0131ld\u0131. Ba\u015fkan Akta\u015f, yapt\u0131\u011f\u0131 konu\u015fmada, bar\u0131\u015f ve karde\u015flik mesajlar\u0131 verdi. Alt\u0131n Karag\u00f6z\u2019\u00fcn, \u00f6zg\u00fcn format\u0131yla geleneksel \u00e7izgisini koruyarak bug\u00fcnlere gelebilen T\u00fcrkiye\u2019nin alan\u0131ndaki tek yar\u0131\u015fmas\u0131 oldu\u011funu vurgulayan Ba\u015fkan Akta\u015f, &#8220;Alt\u0131n Karag\u00f6z; d\u00fcnyan\u0131n farkl\u0131 \u00fclkelerinden gelen ve ya\u015fayan k\u00fclt\u00fcr\u00fcn halk danslar\u0131 olarak d\u00fcnyaya yans\u0131mas\u0131n\u0131n ad\u0131d\u0131r. Alt\u0131n Karag\u00f6z; d\u00fcnya halklar\u0131n\u0131n yar\u0131\u015fma konseptinden \u00f6te k\u00fclt\u00fcrlerini \u00f6zg\u00fcrce sergileyebildikleri bir platformdur. Alt\u0131n Karag\u00f6z; bar\u0131\u015f, karde\u015flik ve ho\u015fg\u00f6r\u00fc kavramlar\u0131n\u0131n Bursa\u2019dan d\u00fcnyaya yay\u0131lmas\u0131n\u0131n ad\u0131d\u0131r. Bursa\u2019m\u0131z, ba\u011fr\u0131ndan bir medeniyet in\u015fa edip d\u00fcnyaya arma\u011fan etmi\u015ftir. Bu y\u00fczden b\u00f6yle bir yar\u0131\u015fman\u0131n \u015fehrimizde d\u00fczenleniyor olmas\u0131 son derece anlaml\u0131d\u0131r. 6 g\u00fcn boyunda 29 \u00fclkeden gelen konuklar\u0131m\u0131z, ya\u015fad\u0131klar\u0131 co\u011frafyan\u0131n k\u00fclt\u00fcrel birikimini, e\u015fsiz g\u00f6sterilerle sergileyecekler. Kendi yerel k\u00fclt\u00fcr\u00fcm\u00fcz\u00fc yans\u0131tan g\u00f6sterileri de d\u00fcnya halklar\u0131n\u0131n danslar\u0131n\u0131n yan\u0131nda izleme imk\u00e2n\u0131 bulaca\u011f\u0131z. D\u00fcnyan\u0131n en \u00e7ok ihtiya\u00e7 duydu\u011fu, sevgi ve karde\u015flik kavramlar\u0131,  12 Temmuz\u2019a kadar, en s\u0131cak renklerle b\u00fct\u00fcnle\u015fip, bar\u0131\u015f mesajlar\u0131 olarak Bursa\u2019m\u0131zdan d\u00fcnyaya da\u011f\u0131lacak. Bu yar\u0131\u015fma sadece Bursa\u2019m\u0131z\u0131 de\u011fil, \u00fclkemizin ve insan\u0131m\u0131z\u0131n zenginli\u011fini, konukseverli\u011fini, k\u00fclt\u00fcrel de\u011ferlerini de uluslararas\u0131 arenaya ta\u015f\u0131maktad\u0131r. Yurdumuzun uluslararas\u0131 tan\u0131t\u0131m\u0131nda aktif bir rol \u00fcstlenen Alt\u0131n Karag\u00f6z\u2019\u00fcn, dostluk ve karde\u015fli\u011fe at\u0131lan bir ad\u0131m olmas\u0131n\u0131 diliyor, yar\u0131\u015fmaya kat\u0131lan b\u00fct\u00fcn \u00fclkelere ba\u015far\u0131lar diliyorum&#8221; diye konu\u015ftu.<\/p>\n<p>Bursa K\u00fclt\u00fcr Sanat ve Turizm Vakf\u0131 Y\u00f6netim Kurulu Ba\u015fkan\u0131 Fatma Durmaz Y\u0131lbirlik ise yapt\u0131\u011f\u0131 konu\u015fmada, yar\u0131\u015fmaya kat\u0131lan 700 dans\u00e7\u0131n\u0131n karde\u015fli\u011fin, el ele vermenin ne kadar e\u015fsiz bir duygu oldu\u011funu herkese hat\u0131rlataca\u011f\u0131n\u0131 kaydetti.<\/p>\n<p>Konu\u015fmalar\u0131n ard\u0131ndan yar\u0131\u015fmaya kat\u0131lan t\u00fcm ekipler 3\u2019er dakikal\u0131k \u00f6zel g\u00f6sterilerini sahneledi. M\u00fczi\u011fin, renk c\u00fcmb\u00fc\u015f\u00fcne d\u00f6n\u00fc\u015ft\u00fc\u011f\u00fc g\u00f6steriler, Bursal\u0131lar taraf\u0131ndan ilgiyle izlendi.<\/p>\n","protected":false},"excerpt":{"rendered":"<p>33. ULUSLARARASI ALTIN KARAG\u00d6Z HALK DANSLARI YARI\u015eMASI FARKLI K\u00dcLT\u00dcRLER\u0130N HARMANLANDI\u011eI BURSA\u2019DA CO\u015eKULU ANLARA SAHNE OLURKEN, ETK\u0130NL\u0130KTEN T\u00dcM D\u00dcNYAYA KARDE\u015eL\u0130K VE DOSTLUK MESAJLARI G\u00d6NDER\u0130LD\u0130.<\/p>\n","protected":false},"author":1,"featured_media":179088,"comment_status":"closed","ping_status":"open","sticky":false,"template":"","format":"standard","meta":{"jetpack_post_was_ever_published":false,"_jetpack_newsletter_access":"","_jetpack_dont_email_post_to_subs":false,"_jetpack_newsletter_tier_id":0,"_jetpack_memberships_contains_paywalled_content":false,"_jetpack_memberships_contains_paid_content":false,"footnotes":"","jetpack_publicize_message":"","jetpack_publicize_feature_enabled":true,"jetpack_social_post_already_shared":true,"jetpack_social_options":{"image_generator_settings":{"template":"highway","default_image_id":0,"font":"","enabled":false},"version":2}},"categories":[656],"tags":[1350,596,43954,10713],"class_list":["post-179087","post","type-post","status-publish","format-standard","has-post-thumbnail","hentry","category-kultur-sanat","tag-acilis","tag-altin","tag-karagoze","tag-muhtesem"],"jetpack_publicize_connections":[],"jetpack_featured_media_url":"https:\/\/i0.wp.com\/www.tvturk.com\/wp-content\/uploads\/2019\/07\/altin-karagoze-muhtesem-acilis_3d7e489.jpg?fit=1000%2C666","jetpack_sharing_enabled":true,"jetpack_shortlink":"https:\/\/wp.me\/paKIfm-KAv","_links":{"self":[{"href":"http:\/\/www.tvturk.com\/index.php\/wp-json\/wp\/v2\/posts\/179087","targetHints":{"allow":["GET"]}}],"collection":[{"href":"http:\/\/www.tvturk.com\/index.php\/wp-json\/wp\/v2\/posts"}],"about":[{"href":"http:\/\/www.tvturk.com\/index.php\/wp-json\/wp\/v2\/types\/post"}],"author":[{"embeddable":true,"href":"http:\/\/www.tvturk.com\/index.php\/wp-json\/wp\/v2\/users\/1"}],"replies":[{"embeddable":true,"href":"http:\/\/www.tvturk.com\/index.php\/wp-json\/wp\/v2\/comments?post=179087"}],"version-history":[{"count":0,"href":"http:\/\/www.tvturk.com\/index.php\/wp-json\/wp\/v2\/posts\/179087\/revisions"}],"wp:featuredmedia":[{"embeddable":true,"href":"http:\/\/www.tvturk.com\/index.php\/wp-json\/wp\/v2\/media\/179088"}],"wp:attachment":[{"href":"http:\/\/www.tvturk.com\/index.php\/wp-json\/wp\/v2\/media?parent=179087"}],"wp:term":[{"taxonomy":"category","embeddable":true,"href":"http:\/\/www.tvturk.com\/index.php\/wp-json\/wp\/v2\/categories?post=179087"},{"taxonomy":"post_tag","embeddable":true,"href":"http:\/\/www.tvturk.com\/index.php\/wp-json\/wp\/v2\/tags?post=179087"}],"curies":[{"name":"wp","href":"https:\/\/api.w.org\/{rel}","templated":true}]}}