{"id":179126,"date":"2019-07-08T09:46:28","date_gmt":"2019-07-08T06:46:28","guid":{"rendered":"http:\/\/www.tvturk.com\/index.php\/ozel-15-temmuz-gazisi-ahmet-onay-3-yil-sonra-yasananlari-anlatti\/"},"modified":"2019-07-08T09:46:28","modified_gmt":"2019-07-08T06:46:28","slug":"ozel-15-temmuz-gazisi-ahmet-onay-3-yil-sonra-yasananlari-anlatti","status":"publish","type":"post","link":"http:\/\/www.tvturk.com\/index.php\/ozel-15-temmuz-gazisi-ahmet-onay-3-yil-sonra-yasananlari-anlatti\/","title":{"rendered":"(\u00d6zel) 15 Temmuz Gazisi Ahmet Onay, 3 y\u0131l sonra ya\u015fananlar\u0131 anlatt\u0131"},"content":{"rendered":"<p>15 Temmuz hain darbe giri\u015fimi s\u0131ras\u0131nda Atat\u00fcrk Havaliman\u0131\u2019nda vurularak gazi olan ve Cumhurba\u015fkan\u0131 Recep Tayyip Erdo\u011fan\u2019\u0131n o gece havaliman\u0131nda aln\u0131ndan \u00f6pt\u00fc\u011f\u00fc Ahmet Onay, 3 y\u0131l sonra ya\u015fananlar\u0131 anlatt\u0131. Onay, \u201cCumhurba\u015fkan\u0131 kula\u011f\u0131ma, \u2018Bize e\u011filmek yak\u0131\u015fmaz o\u011flum, aya\u011fa kalk\u2019 \u201cdedi.<\/p>\n<p>Fetullah\u00e7\u0131 Ter\u00f6r \u00d6rg\u00fct\u00fc taraf\u0131ndan 15 Temmuz 2016 gecesi d\u00fczenlenen hain darbe giri\u015fimi s\u0131ras\u0131nda 250 ki\u015fi \u015fehit olurken y\u00fczlerce vatanda\u015fta yaralanarak gazi olmu\u015ftu. Atat\u00fcrk Havaliman\u0131ndaki hain darbe giri\u015fimi s\u0131ras\u0131nda yaralanan Ahmet Onay da Cumhurba\u015fkan\u0131 Recep Tayyip Erdo\u011fan taraf\u0131ndan aln\u0131ndan \u00f6p\u00fclm\u00fc\u015ft\u00fc. Onay, 3 y\u0131l sonra ya\u015fad\u0131klar\u0131 \u0130hlas Haber Ajans\u0131 (\u0130HA)\u2019ya anlatarak Cumhurba\u015fkan\u0131 Recep Tayyip Erdo\u011fan\u2019\u0131n o gece havaliman\u0131na geldi\u011finde neler ya\u015fand\u0131\u011f\u0131n\u0131 da s\u00f6yledi.<\/p>\n<p>\u201cCumhurba\u015fkan\u0131 kula\u011f\u0131ma, \u2018Bize e\u011filmek yak\u0131\u015fmaz o\u011flum, aya\u011fa kalk\u2019 dedi\u201c<\/p>\n<p>15 Temmuz 2016\u2019da Cumhurba\u015fkan\u0131 Erdo\u011fan\u2019\u0131n m\u00fccadele s\u0131ras\u0131nda kendilerini yaln\u0131z b\u0131rakmad\u0131\u011f\u0131n\u0131 ifade ederek, \u201cSay\u0131n Cumhurba\u015fkan\u0131m\u0131z bu al\u00e7aklara gereken cevab\u0131 devleti ile milleti ile beraber verecekti. Saat 02.30 s\u0131ralar\u0131nda yaraland\u0131m. Bir abla yaraland\u0131 onu i\u00e7eriye ta\u015f\u0131rken bende yaraland\u0131m. Bir a\u011fabey vard\u0131 orada Hasan Ceylan isimli videomu \u00e7eken ki\u015fi. Cumhurba\u015fkan\u0131m\u0131z\u0131n ad\u0131n\u0131 say\u0131kl\u0131yordum iyi olup olmad\u0131\u011f\u0131n\u0131 buraya gelip gelmedi\u011fini soruyordum. O da bana \u2018Sana s\u00f6z veriyorum \u2018Tayyip Erdo\u011fan seni g\u00f6recek\u2019 diyor. \u00c7ok ge\u00e7meden say\u0131n Cumhurba\u015fkan\u0131m\u0131z\u0131 yan\u0131ma getirdi. O da beni e\u011filip aln\u0131mdan \u00f6pt\u00fc kula\u011f\u0131ma ad\u0131m\u0131n Ahmet oldu\u011fundan daha iyi hat\u0131rl\u0131yorum ki \u015funu dedi \u2018 Bize e\u011filmek yak\u0131\u015fmaz o\u011flum aya\u011fa kalk\u2019 dedi. O anda g\u00fcc\u00fcm yetmiyor kalkam\u0131yorum ama \u015fu anda ayaktay\u0131z genciz kuvvetliyiz, \u00e7al\u0131\u015fkan\u0131z. Her zaman \u00f6mr\u00fcm\u00fcz s\u00fcrd\u00fc\u011f\u00fc s\u00fcrece onun arkas\u0131nda olaca\u011f\u0131m\u0131za namusumuz \u015ferefimiz \u00fcst\u00fcne yemin ediyoruz\u201d dedi.<\/p>\n<p>\u201cBen siyaset\u00e7i de\u011filim, bu devletin milletin evlad\u0131y\u0131m\u201d<\/p>\n<p>Onay, aradan ge\u00e7en 3 y\u0131lda hayat\u0131nda manevi olarak olumlu \u015feyler ya\u015fand\u0131\u011f\u0131n\u0131 kaydederek, \u201cHayat\u0131mda manevi anlamda \u00e7ok \u015fey de\u011fi\u015fti. \u00c7ok g\u00fczel insanlarla tan\u0131\u015ft\u0131m. K\u00fc\u00e7\u00fckl\u00fckten beri hayalimdi siyasetin bir ucunda olabilmek. Ben siyaset\u00e7i de\u011filim b\u00f6yle bir olayda yaralanm\u0131\u015f olan birisiyim bu devletin bu milletin bir evlad\u0131y\u0131m. Ancak bu siyaset\u00e7iler ile erken ya\u015fta tan\u0131\u015f\u0131p i\u00e7lerine erken ya\u015fta dahil olabilmek beni mutlu eden tek \u015fey. Dedi\u011fim  gibi hayalimizdi. Allah defalarca kez say\u0131n Cumhurba\u015fkan\u0131m\u0131z\u0131 g\u00f6r\u00fcp onunla birlikte olabilme f\u0131rsat\u0131n\u0131 bizlere sundu. T\u00fcrk milleti her d\u00f6nemde oldu\u011fu gibi asil ferasetiyle 15 Temmuz gecesinde darbeci al\u00e7aklara, \u2018Ben vatan\u0131m i\u00e7in ya\u015far\u0131m devletim i\u00e7in \u00f6l\u00fcr\u00fcm , liderim i\u00e7in \u00f6l\u00fcr\u00fcm karde\u015fim\u2019 diyerek liderine yani Recep Tayyip Erdo\u011fan\u2019a sahip \u00e7\u0131kt\u0131\u201d diye konu\u015ftu.<\/p>\n","protected":false},"excerpt":{"rendered":"<p>15 TEMMUZ HA\u0130N DARBE G\u0130R\u0130\u015e\u0130M\u0130 SIRASINDA ATAT\u00dcRK HAVAL\u0130MANI\u2019NDA VURULARAK GAZ\u0130 OLAN VE CUMHURBA\u015eKANI RECEP TAYY\u0130P ERDO\u011eAN\u2019IN O GECE HAVAL\u0130MANINDA ALNINDAN \u00d6PT\u00dc\u011e\u00dc AHMET ONAY, 3 YIL SONRA YA\u015eANANLARI ANLATTI.<\/p>\n","protected":false},"author":1,"featured_media":179127,"comment_status":"closed","ping_status":"open","sticky":false,"template":"","format":"standard","meta":{"jetpack_post_was_ever_published":false,"_jetpack_newsletter_access":"","_jetpack_dont_email_post_to_subs":false,"_jetpack_newsletter_tier_id":0,"_jetpack_memberships_contains_paywalled_content":false,"_jetpack_memberships_contains_paid_content":false,"footnotes":"","jetpack_publicize_message":"","jetpack_publicize_feature_enabled":true,"jetpack_social_post_already_shared":true,"jetpack_social_options":{"image_generator_settings":{"template":"highway","default_image_id":0,"font":"","enabled":false},"version":2}},"categories":[1],"tags":[1073,3634,356,7567,22270,2022,1148,13442,231],"class_list":["post-179126","post","type-post","status-publish","format-standard","has-post-thumbnail","hentry","category-genel","tag-ozel","tag-ahmet","tag-anlatti","tag-gazisi","tag-onay","tag-sonra","tag-temmuz","tag-yasananlari","tag-yil"],"jetpack_publicize_connections":[],"jetpack_featured_media_url":"https:\/\/i0.wp.com\/www.tvturk.com\/wp-content\/uploads\/2019\/07\/ozel-15-temmuz-gazisi-ahmet-onay-3-yil-sonra-yasananlari-anlatti_b4eba35.jpg?fit=1000%2C562","jetpack_sharing_enabled":true,"jetpack_shortlink":"https:\/\/wp.me\/paKIfm-KB8","_links":{"self":[{"href":"http:\/\/www.tvturk.com\/index.php\/wp-json\/wp\/v2\/posts\/179126","targetHints":{"allow":["GET"]}}],"collection":[{"href":"http:\/\/www.tvturk.com\/index.php\/wp-json\/wp\/v2\/posts"}],"about":[{"href":"http:\/\/www.tvturk.com\/index.php\/wp-json\/wp\/v2\/types\/post"}],"author":[{"embeddable":true,"href":"http:\/\/www.tvturk.com\/index.php\/wp-json\/wp\/v2\/users\/1"}],"replies":[{"embeddable":true,"href":"http:\/\/www.tvturk.com\/index.php\/wp-json\/wp\/v2\/comments?post=179126"}],"version-history":[{"count":0,"href":"http:\/\/www.tvturk.com\/index.php\/wp-json\/wp\/v2\/posts\/179126\/revisions"}],"wp:featuredmedia":[{"embeddable":true,"href":"http:\/\/www.tvturk.com\/index.php\/wp-json\/wp\/v2\/media\/179127"}],"wp:attachment":[{"href":"http:\/\/www.tvturk.com\/index.php\/wp-json\/wp\/v2\/media?parent=179126"}],"wp:term":[{"taxonomy":"category","embeddable":true,"href":"http:\/\/www.tvturk.com\/index.php\/wp-json\/wp\/v2\/categories?post=179126"},{"taxonomy":"post_tag","embeddable":true,"href":"http:\/\/www.tvturk.com\/index.php\/wp-json\/wp\/v2\/tags?post=179126"}],"curies":[{"name":"wp","href":"https:\/\/api.w.org\/{rel}","templated":true}]}}