{"id":179142,"date":"2019-07-08T10:16:36","date_gmt":"2019-07-08T07:16:36","guid":{"rendered":"http:\/\/www.tvturk.com\/index.php\/binlerce-yillik-yoruk-gelenekleri-yeniden-canlandirildi\/"},"modified":"2019-07-08T10:16:36","modified_gmt":"2019-07-08T07:16:36","slug":"binlerce-yillik-yoruk-gelenekleri-yeniden-canlandirildi","status":"publish","type":"post","link":"http:\/\/www.tvturk.com\/index.php\/binlerce-yillik-yoruk-gelenekleri-yeniden-canlandirildi\/","title":{"rendered":"Binlerce y\u0131ll\u0131k Y\u00f6r\u00fck gelenekleri yeniden canland\u0131r\u0131ld\u0131"},"content":{"rendered":"<p>Mudanya Belediyesi\u2019nin Mirzaoba Mahallesi\u2019nde geleneksel hale getirdi\u011fi Y\u00f6r\u00fck T\u00fcrkmen \u015eenli\u011fi renkli g\u00f6r\u00fcnt\u00fclere sahne oldu.<\/p>\n<p>Mudanya\u2019n\u0131n k\u00fclt\u00fcrel de\u011ferlerini ya\u015fatma \u00e7al\u0131\u015fmalar\u0131n\u0131 s\u00fcrd\u00fcren Mudanya Belediyesi, Mirzaoba Mahallesi\u2019nde geleneksel hale getirilen Y\u00f6r\u00fck T\u00fcrkmen \u015eenli\u011fi\u2019ni bu y\u0131l da co\u015fkulu bir etkinlikle ger\u00e7ekle\u015ftirdi. Bu y\u0131l 12.\u2019si d\u00fczenlenen \u015fenlik, mahalle meydan\u0131nda y\u00fczlerce ki\u015fiyi bulu\u015fturdu. Sayg\u0131 Duru\u015fu ve \u0130stiklal Mar\u015f\u0131\u2019n\u0131n okunmas\u0131yla ba\u015flayan etkinliklere Mudanya Belediye Ba\u015fkan\u0131 Hayri T\u00fcrky\u0131lmaz, CHP Bursa Milletvekili Nurhayat Altaca Kay\u0131\u015fo\u011flu, Ba\u015fkan Yard\u0131mc\u0131lar\u0131 Sevin\u00e7 \u015een\u015fekerci ile Nisa Kartaltepe, CHP \u0130l\u00e7e Ba\u015fkan\u0131 \u00d6mer Ayd\u0131n, \u0130Y\u0130 Parti \u0130l\u00e7e Ba\u015fkan\u0131 Osman \u00d6zbay, Mirzaoba Y\u00f6r\u00fck T\u00fcrkmen Yard\u0131mla\u015fma ve Dayan\u0131\u015fma Derne\u011fi Ba\u015fkan\u0131 H\u00fcseyin \u0130\u015fler, k\u00f6y\u00fcn ilk \u00f6\u011fretmeni Sait Alper, mahalle sakinleri ile Mudanyal\u0131lar kat\u0131ld\u0131. Tarihi Mudanya Bandosu\u2019nun konserleriyle devam eden etkinliklerde, temsili olarak sahnelenen k\u0131na gecesi, damat t\u0131ra\u015f\u0131 izleyicilerden ilgi g\u00f6rd\u00fc.<\/p>\n<p>Etkinlik sonunda sanat\u00e7\u0131 Emel \u00d6rg\u00fcn ve ekibi, Y\u00f6r\u00fck t\u00fcrk\u00fclerini seslendirerek \u015fenli\u011fe kat\u0131lanlara keyifli anlar ya\u015fatt\u0131. Mirzaoba Mahalle Muhtar\u0131 \u015eenol Durgut, \u00e7ok k\u00fclt\u00fcrl\u00fc bir yap\u0131ya sahip olan Mudanya\u2019n\u0131n de\u011ferlerini ya\u015fatan Ba\u015fkan Hayri T\u00fcrky\u0131lmaz ve Mudanya Belediyesi\u2019ne te\u015fekk\u00fcr etti. G\u00f6reve geldi\u011finde Mudanya\u2019y\u0131 sahip oldu\u011fu t\u00fcm de\u011ferleriyle gelece\u011fe ta\u015f\u0131ma s\u00f6z\u00fc verdi\u011fini hat\u0131rlatan Ba\u015fkan Hayri T\u00fcrky\u0131lmaz, \u201cHer mahallemizin de\u011ferlerini ortaya \u00e7\u0131karma konusunda \u00e7al\u0131\u015fmalar\u0131m\u0131z h\u0131z kesmeden s\u00fcr\u00fcyor. Tarihimize, gelenek ve g\u00f6reneklerimize sahip \u00e7\u0131karak, hem\u015ferilerimle birlikte ya\u015fatmaya devam edece\u011fiz\u201d dedi.<\/p>\n","protected":false},"excerpt":{"rendered":"<p>MUDANYA BELED\u0130YES\u0130\u2019N\u0130N M\u0130RZAOBA MAHALLES\u0130\u2019NDE GELENEKSEL HALE GET\u0130RD\u0130\u011e\u0130 Y\u00d6R\u00dcK T\u00dcRKMEN \u015eENL\u0130\u011e\u0130 BU YIL DA CO\u015eKUYLA YA\u015eANDI.<\/p>\n","protected":false},"author":1,"featured_media":179143,"comment_status":"closed","ping_status":"open","sticky":false,"template":"","format":"standard","meta":{"jetpack_post_was_ever_published":false,"_jetpack_newsletter_access":"","_jetpack_dont_email_post_to_subs":false,"_jetpack_newsletter_tier_id":0,"_jetpack_memberships_contains_paywalled_content":false,"_jetpack_memberships_contains_paid_content":false,"footnotes":"","jetpack_publicize_message":"","jetpack_publicize_feature_enabled":true,"jetpack_social_post_already_shared":true,"jetpack_social_options":{"image_generator_settings":{"template":"highway","default_image_id":0,"font":"","enabled":false},"version":2}},"categories":[1],"tags":[3818,9540,26032,720,710,16676],"class_list":["post-179142","post","type-post","status-publish","format-standard","has-post-thumbnail","hentry","category-genel","tag-binlerce","tag-canlandirildi","tag-gelenekleri","tag-yeniden","tag-yillik","tag-yoruk"],"jetpack_publicize_connections":[],"jetpack_featured_media_url":"https:\/\/i0.wp.com\/www.tvturk.com\/wp-content\/uploads\/2019\/07\/binlerce-yillik-yoruk-gelenekleri-yeniden-canlandirildi_e7e1bca.jpg?fit=1000%2C562","jetpack_sharing_enabled":true,"jetpack_shortlink":"https:\/\/wp.me\/paKIfm-KBo","_links":{"self":[{"href":"http:\/\/www.tvturk.com\/index.php\/wp-json\/wp\/v2\/posts\/179142","targetHints":{"allow":["GET"]}}],"collection":[{"href":"http:\/\/www.tvturk.com\/index.php\/wp-json\/wp\/v2\/posts"}],"about":[{"href":"http:\/\/www.tvturk.com\/index.php\/wp-json\/wp\/v2\/types\/post"}],"author":[{"embeddable":true,"href":"http:\/\/www.tvturk.com\/index.php\/wp-json\/wp\/v2\/users\/1"}],"replies":[{"embeddable":true,"href":"http:\/\/www.tvturk.com\/index.php\/wp-json\/wp\/v2\/comments?post=179142"}],"version-history":[{"count":0,"href":"http:\/\/www.tvturk.com\/index.php\/wp-json\/wp\/v2\/posts\/179142\/revisions"}],"wp:featuredmedia":[{"embeddable":true,"href":"http:\/\/www.tvturk.com\/index.php\/wp-json\/wp\/v2\/media\/179143"}],"wp:attachment":[{"href":"http:\/\/www.tvturk.com\/index.php\/wp-json\/wp\/v2\/media?parent=179142"}],"wp:term":[{"taxonomy":"category","embeddable":true,"href":"http:\/\/www.tvturk.com\/index.php\/wp-json\/wp\/v2\/categories?post=179142"},{"taxonomy":"post_tag","embeddable":true,"href":"http:\/\/www.tvturk.com\/index.php\/wp-json\/wp\/v2\/tags?post=179142"}],"curies":[{"name":"wp","href":"https:\/\/api.w.org\/{rel}","templated":true}]}}