{"id":179228,"date":"2019-07-08T11:31:49","date_gmt":"2019-07-08T08:31:49","guid":{"rendered":"http:\/\/www.tvturk.com\/index.php\/nigdede-saglikli-sehir-projesine-start-verildi\/"},"modified":"2019-07-08T11:31:49","modified_gmt":"2019-07-08T08:31:49","slug":"nigdede-saglikli-sehir-projesine-start-verildi","status":"publish","type":"post","link":"http:\/\/www.tvturk.com\/index.php\/nigdede-saglikli-sehir-projesine-start-verildi\/","title":{"rendered":"Ni\u011fde\u2019de \u2019Sa\u011fl\u0131kl\u0131 \u015eehir\u2019 projesine start verildi"},"content":{"rendered":"<p>Ni\u011fde Valili\u011fi koordinesinde, Ni\u011fde Belediye Ba\u015fkanl\u0131\u011f\u0131 ve Ni\u011fde \u0130l Sa\u011fl\u0131k M\u00fcd\u00fcrl\u00fc\u011f\u00fc i\u015f birli\u011fi ile ge\u00e7ti\u011fimiz g\u00fcnlerde protokol\u00fc imzalanan Sa\u011fl\u0131kl\u0131 \u015eehir projesine d\u00fczenlenen a\u00e7\u0131l\u0131\u015f program\u0131 ile start verildi.<\/p>\n<p>Valilik makam\u0131nda ger\u00e7ekle\u015fen; sa\u011fl\u0131kl\u0131 ya\u015fama te\u015fvik etme ve toplumu sa\u011fl\u0131kl\u0131 ya\u015fam konular\u0131 hakk\u0131nda bilin\u00e7lendirme, yap\u0131lan \u00e7al\u0131\u015fmalar\u0131n desteklenmesi ve toplum sa\u011fl\u0131\u011f\u0131n\u0131n iyi y\u00f6nde geli\u015ftirilmesini ama\u00e7layan Sa\u011fl\u0131kl\u0131 \u015eehir projesi bir y\u0131l s\u00fcreyle haftada Cuma ve Cumartesi ak\u015famlar\u0131 saat 21:00 &#8211; 24:00 saatleri aras\u0131nda ger\u00e7ekle\u015ftirilecek. Sa\u011fl\u0131kl\u0131 \u015eehir Projesi a\u00e7\u0131l\u0131\u015f program\u0131na kat\u0131lan Ni\u011fde Valisi Y\u0131lmaz \u015eim\u015fek; \u201cValili\u011fimiz koordinesinde belediyemiz ve Sa\u011fl\u0131k \u0130l M\u00fcd\u00fcrl\u00fc\u011f\u00fcm\u00fcz i\u015f birli\u011fi ile Sa\u011fl\u0131kl\u0131 \u015eehir projesini ba\u015flat\u0131yoruz. Hedefimiz toplumun her kesimini, her bireyini sa\u011fl\u0131kl\u0131 ya\u015fam ve sa\u011fl\u0131kl\u0131 beslenme konusunda bilin\u00e7lendirmek, bilgilendirmek. Projenin bir par\u00e7as\u0131 olarak da Doktor Sami Ya\u011f\u0131z Caddesini yaz aylar\u0131 boyunca Cuma ve Cumartesi ak\u015famlar\u0131 trafi\u011fe kapat\u0131yoruz. Ramazan ay\u0131 i\u00e7erisinde de uygulanan bu proje neticesinde vatanda\u015flar\u0131m\u0131zdan b\u00fcy\u00fck ilgi ve memnuniyet g\u00f6rm\u00fc\u015ft\u00fck. Bu ilgi ve memnuniyet kar\u015f\u0131s\u0131nda uygulamay\u0131 tekrar ba\u015flat\u0131yoruz. Amac\u0131m\u0131z vatanda\u015f\u0131m\u0131z\u0131n sa\u011fl\u0131k konusunda her g\u00fcn bir tema olu\u015fturarak bilgilenmesini, bilin\u00e7lenmesini sa\u011flamak. Projemiz bir y\u0131l boyunca devam edecek. Projede eme\u011fi ge\u00e7en arkada\u015flara te\u015fekk\u00fcr ediyor, projenin hay\u0131rl\u0131 olmas\u0131n\u0131 diliyorum\u201d dedi. Ni\u011fde Belediye Ba\u015fkan\u0131 Emrah \u00d6zdemir ise a\u00e7\u0131klamas\u0131nda; \u201cSa\u011fl\u0131kl\u0131 \u015fehir projesi uzun soluklu bir proje olacak. Valimiz himayelerinde Sa\u011fl\u0131k \u0130l M\u00fcd\u00fcrl\u00fc\u011f\u00fc ile aram\u0131zda bir protokol imzalad\u0131k. Ni\u011fde\u2019mizin sa\u011fl\u0131kl\u0131 bir \u015fehir olmas\u0131 i\u00e7in \u00e7al\u0131\u015fmalar\u0131n start\u0131n\u0131 vermi\u015f bulunuyoruz. Proje kapsam\u0131nda \u00e7ocuk ya\u015ftan ba\u015flayarak yeti\u015fkin ve ya\u015fl\u0131 bireylerimizin daha sa\u011fl\u0131kl\u0131 ya\u015famalar\u0131 ve neler yap\u0131laca\u011f\u0131n\u0131 bilin\u00e7lendirme ad\u0131na farkl\u0131 faaliyetler ve projeleri belediye olarak ger\u00e7ekle\u015ftirece\u011fiz. Ramazan ay\u0131 s\u00fcresince de uygulam\u0131\u015f oldu\u011fumuz bu projeden hem\u015fehrilerimiz memnun kalm\u0131\u015flard\u0131. Ni\u011fde olarak hep birlikte daha sa\u011fl\u0131kl\u0131 bir ya\u015fam i\u00e7in bu projenin bir ba\u015flang\u0131\u00e7 olmas\u0131n\u0131 diliyoruz. Say\u0131n Valimiz nezdinde projede eme\u011fi ge\u00e7en herkese te\u015fekk\u00fcr ediyorum\u201d \u015feklinde konu\u015ftu.<\/p>\n<p>Ni\u011fde \u0130l Sa\u011fl\u0131k M\u00fcd\u00fcr\u00fc Ertan Demircio\u011flu da; \u201cSa\u011fl\u0131kl\u0131 \u015eehir Projemizde \u2019Sa\u011fl\u0131kl\u0131 \u00c7ocuklar\u2019, \u2019Sa\u011fl\u0131kl\u0131 Gen\u00e7\u2019, \u2019Sa\u011fl\u0131kl\u0131 Kad\u0131n\u2019, \u2019Sa\u011fl\u0131kl\u0131 \u00c7evre\u2019 ve \u2019Sa\u011fl\u0131kl\u0131 Ya\u015f Alma\u2019 ad\u0131 alt\u0131nda 5 tane ana temam\u0131z var. \u00c7ocuklar\u0131m\u0131z\u0131 sa\u011fl\u0131k okuryazarl\u0131\u011f\u0131 e\u011fitimlerimizle beraber, davran\u0131\u015fsal de\u011fi\u015fiklikler olumlu ya\u015fam tarz\u0131 olu\u015fturmak. Sa\u011fl\u0131kl\u0131 Gen\u00e7 konusunda da gen\u00e7lerimizi ba\u011f\u0131ml\u0131l\u0131klardan uzak tutarak fiziksel aktivitelerle hayat\u0131n\u0131 daha iyi idame ettirmesini sa\u011flamak. Sa\u011fl\u0131kl\u0131 Kad\u0131n konusunda da kad\u0131nlar\u0131m\u0131z hayat\u0131m\u0131zda \u00f6nemli yer almaktalar. Kad\u0131nlar\u0131m\u0131z\u0131 sa\u011fl\u0131kl\u0131 rol model olarak benimseyece\u011fiz. Kad\u0131nlara verece\u011fimiz sa\u011fl\u0131k okuryazarl\u0131\u011f\u0131 ile \u00e7evrelerine bilgilendirmeler yapacaklar. Sa\u011fl\u0131kl\u0131 Ya\u015f alma konusunda da planlad\u0131\u011f\u0131m\u0131z belirli ya\u015f gruplar\u0131nda olan insanlar\u0131n daha konforlu ya\u015f almalar\u0131n\u0131 sa\u011flayaca\u011f\u0131z. Sa\u011fl\u0131kl\u0131 \u00c7evre konusu ile ilgili de \u00e7evre ile ilgili \u00e7al\u0131\u015fmalar yap\u0131lacak. Belediye ile ortak yap\u0131lan projede Ni\u011fde\u2019mizin ve insan\u0131m\u0131z\u0131n sa\u011fl\u0131k a\u00e7\u0131s\u0131ndan daha kaliteli bir ya\u015fam edinmesini sa\u011flayaca\u011f\u0131z. As\u0131l amac\u0131m\u0131z sa\u011fl\u0131kl\u0131 bir \u00e7evrede sa\u011fl\u0131kl\u0131 bireylerle sa\u011fl\u0131kl\u0131 bir \u015fehir olu\u015fturmak\u201d dedi.<\/p>\n<p>Sa\u011fl\u0131kl\u0131 \u015eehir Projesi a\u00e7\u0131l\u0131\u015f program\u0131nda Ni\u011fde Valisi Y\u0131lmaz \u015eim\u015fek, AK Parti Ni\u011fde Milletvekilleri Yavuz Ergun, Selim G\u00fcltekin, Ni\u011fde Belediye Ba\u015fkan\u0131 Emrah \u00d6zdemir, AK Parti \u0130l Ba\u015fkan\u0131 Mahmut Pe\u015fin, Ni\u011fde Ticaret ve Sanayi Odas\u0131 Ba\u015fkan\u0131 \u015eevket Kat\u0131rc\u0131o\u011flu ve \u00e7ok say\u0131da kurum m\u00fcd\u00fcr\u00fc yer ald\u0131.<\/p>\n","protected":false},"excerpt":{"rendered":"<p>N\u0130\u011eDE VAL\u0130L\u0130\u011e\u0130 KOORD\u0130NES\u0130NDE, N\u0130\u011eDE BELED\u0130YE BA\u015eKANLI\u011eI VE N\u0130\u011eDE \u0130L SA\u011eLIK M\u00dcD\u00dcRL\u00dc\u011e\u00dc \u0130\u015e B\u0130RL\u0130\u011e\u0130 \u0130LE GE\u00c7T\u0130\u011e\u0130M\u0130Z G\u00dcNLERDE PROTOKOL\u00dc \u0130MZALANAN SA\u011eLIKLI \u015eEH\u0130R PROJES\u0130NE D\u00dcZENLENEN A\u00c7ILI\u015e PROGRAMI \u0130LE START VER\u0130LD\u0130.<\/p>\n","protected":false},"author":1,"featured_media":179229,"comment_status":"closed","ping_status":"open","sticky":false,"template":"","format":"standard","meta":{"jetpack_post_was_ever_published":false,"_jetpack_newsletter_access":"","_jetpack_dont_email_post_to_subs":false,"_jetpack_newsletter_tier_id":0,"_jetpack_memberships_contains_paywalled_content":false,"_jetpack_memberships_contains_paid_content":false,"footnotes":"","jetpack_publicize_message":"","jetpack_publicize_feature_enabled":true,"jetpack_social_post_already_shared":true,"jetpack_social_options":{"image_generator_settings":{"template":"highway","default_image_id":0,"font":"","enabled":false},"version":2}},"categories":[1],"tags":[4769,706,1648,553,6914,634],"class_list":["post-179228","post","type-post","status-publish","format-standard","has-post-thumbnail","hentry","category-genel","tag-nigdede","tag-projesine","tag-saglikli","tag-sehir","tag-start","tag-verildi"],"jetpack_publicize_connections":[],"jetpack_featured_media_url":"https:\/\/i0.wp.com\/www.tvturk.com\/wp-content\/uploads\/2019\/07\/nigdede-saglikli-sehir-projesine-start-verildi_3b7fbbc.jpg?fit=1000%2C666","jetpack_sharing_enabled":true,"jetpack_shortlink":"https:\/\/wp.me\/paKIfm-KCM","_links":{"self":[{"href":"http:\/\/www.tvturk.com\/index.php\/wp-json\/wp\/v2\/posts\/179228","targetHints":{"allow":["GET"]}}],"collection":[{"href":"http:\/\/www.tvturk.com\/index.php\/wp-json\/wp\/v2\/posts"}],"about":[{"href":"http:\/\/www.tvturk.com\/index.php\/wp-json\/wp\/v2\/types\/post"}],"author":[{"embeddable":true,"href":"http:\/\/www.tvturk.com\/index.php\/wp-json\/wp\/v2\/users\/1"}],"replies":[{"embeddable":true,"href":"http:\/\/www.tvturk.com\/index.php\/wp-json\/wp\/v2\/comments?post=179228"}],"version-history":[{"count":0,"href":"http:\/\/www.tvturk.com\/index.php\/wp-json\/wp\/v2\/posts\/179228\/revisions"}],"wp:featuredmedia":[{"embeddable":true,"href":"http:\/\/www.tvturk.com\/index.php\/wp-json\/wp\/v2\/media\/179229"}],"wp:attachment":[{"href":"http:\/\/www.tvturk.com\/index.php\/wp-json\/wp\/v2\/media?parent=179228"}],"wp:term":[{"taxonomy":"category","embeddable":true,"href":"http:\/\/www.tvturk.com\/index.php\/wp-json\/wp\/v2\/categories?post=179228"},{"taxonomy":"post_tag","embeddable":true,"href":"http:\/\/www.tvturk.com\/index.php\/wp-json\/wp\/v2\/tags?post=179228"}],"curies":[{"name":"wp","href":"https:\/\/api.w.org\/{rel}","templated":true}]}}