{"id":179230,"date":"2019-07-08T11:31:53","date_gmt":"2019-07-08T08:31:53","guid":{"rendered":"http:\/\/www.tvturk.com\/index.php\/farasin-yaylasi-250-bin-koyuna-ev-sahipligi-yapiyor\/"},"modified":"2019-07-08T11:31:53","modified_gmt":"2019-07-08T08:31:53","slug":"farasin-yaylasi-250-bin-koyuna-ev-sahipligi-yapiyor","status":"publish","type":"post","link":"http:\/\/www.tvturk.com\/index.php\/farasin-yaylasi-250-bin-koyuna-ev-sahipligi-yapiyor\/","title":{"rendered":"Fara\u015fin yaylas\u0131 250 bin koyuna ev sahipli\u011fi yap\u0131yor"},"content":{"rendered":"<p>\u015e\u0131rnak\u2019\u0131n Beyt\u00fc\u015f\u015febap il\u00e7esindeki yaylalar g\u00f6\u00e7erlerin ak\u0131n\u0131na u\u011frad\u0131. Ter\u00f6r\u00fcn k\u00f6k\u00fcn\u00fcn kaz\u0131n\u0131p huzur ortam\u0131n\u0131n yayg\u0131nla\u015fmas\u0131 ile birlikte g\u00f6\u00e7erlerin u\u011frak mekan\u0131 haline gelen Fara\u015fin yaylas\u0131 250 bin k\u00fc\u00e7\u00fckba\u015f hayvana ev sahipli\u011fi yapt\u0131.<\/p>\n<p>\u015e\u0131rnak\u2019\u0131n Beyt\u00fc\u015f\u015febap il\u00e7esinde bu y\u0131l Fara\u015fin, Hale, Kahnicemet ve Meydan\u2019a ak\u0131n eden g\u00f6\u00e7erler s\u00fcr\u00fclerini serin ve temiz sularda besleyebilmek i\u00e7in bitki floras\u0131 zengin olan y\u00fcksek rak\u0131ml\u0131 yaylalara \u00e7\u0131kard\u0131. Yakla\u015f\u0131k 250 bin koyunu bar\u0131nd\u0131ran yaylada \u00e7ift\u00e7iler, s\u00fct, yo\u011furt, peynir ve tereya\u011f\u0131 \u00fcretti. Ter\u00f6r\u00fcn k\u00f6k\u00fcn\u00fcn kaz\u0131nmas\u0131 ve b\u00f6lgede huzur ortam\u0131n\u0131n sa\u011flanmas\u0131 ile rahat bir \u015fekilde yaylalara \u00e7\u0131kan g\u00f6\u00e7erler \u00fcrettikleri \u00fcr\u00fcnlerle hem il\u00e7e hem de \u00fclke ekonomisine katk\u0131 sa\u011flad\u0131.<\/p>\n<p>\u201cYaylalar\u0131m\u0131zda art\u0131k huzur hakim\u201d<\/p>\n<p>Konu ile ilgili konu\u015fan Beyt\u00fc\u015f\u015febap \u0130l\u00e7e Tar\u0131m ve Orman M\u00fcd\u00fcr\u00fc Salih Akta\u015f, arazilerinin \u00e7o\u011funun da\u011fl\u0131k ve engebeli oldu\u011funu s\u00f6yledi. B\u00fcy\u00fckba\u015f hayvanlar\u0131n\u0131n az oldu\u011funu fakat k\u00fc\u00e7\u00fckba\u015f hayvanlar\u0131n\u0131n y\u00fcz binleri ge\u00e7ti\u011fini kaydeden Akta\u015f, \u201cSadece yerli vatanda\u015f\u0131m\u0131z\u0131n 65 bin kay\u0131tl\u0131 k\u00fc\u00e7\u00fckba\u015f hayvan\u0131 var. Kom\u015fu il ve il\u00e7elerden yaz d\u00f6neminde yaylaya \u00e7\u0131kan g\u00f6\u00e7erlerle beraber toplam 250 bin hayvan geldi. Bu y\u0131l sa\u011f olsun yetkililerimiz bu konuda vatanda\u015flar\u0131m\u0131za \u00e7ok yard\u0131mc\u0131 oldular. Hi\u00e7bir yaylam\u0131z\u0131n \u00fczerinde bir yasak yok. \u0130stedi\u011fi yere gidip hayvanlar\u0131n\u0131 otlatabiliyor. \u00dclke ekonomisine b\u00fcy\u00fck \u00f6l\u00e7\u00fcde katk\u0131 sunan yaylalar\u0131m\u0131zda art\u0131k huzur hakim\u201d dedi.<\/p>\n<p>\u201cY\u0131llar sonra yaylaya \u00e7\u0131kman\u0131n sevincini ya\u015fad\u0131m\u201d<\/p>\n<p>Y\u0131llar sonra yaylaya \u00e7\u0131kman\u0131n sevincini ya\u015fad\u0131\u011f\u0131n\u0131 belirten Ahmet Ataman isimli vatanda\u015f, koyun s\u00fcr\u00fcs\u00fc i\u00e7inde olmaktan dolay\u0131 mutlu oldu\u011funu s\u00f6yledi. Ataman, \u201cY\u0131llar \u00f6nce burada kal\u0131yorduk. Bu yaylalar yerle\u015fim yerlerimizdi. Baz\u0131 sebeplerden dolay\u0131 buradan g\u00f6\u00e7m\u00fc\u015f il\u00e7e merkezine gitmi\u015ftik. \u015eimdi tekrar buralarday\u0131z. Bu g\u00fczel do\u011fa harikas\u0131n\u0131 g\u00f6rmek nasip oldu. Allah birli\u011fi beraberli ve karde\u015fli\u011fi daim k\u0131ls\u0131n in\u015fallah. Sadece bir talebim var yaylalar\u0131m\u0131z\u0131n yollar\u0131 \u00e7ok k\u00f6t\u00fc, temizlerse \u00e7ok sevinirim\u201d diye konu\u015ftu.<\/p>\n<p>Hakkari, Van ve \u015e\u0131rnak s\u0131n\u0131rlar\u0131 i\u00e7erisinde bulunan 3 bin rak\u0131ml\u0131 do\u011fa harikas\u0131 olan Fera\u015fin yaylas\u0131nda g\u00f6\u00e7erlerin peynir, s\u00fct, tereya\u011f\u0131 yapma i\u015flemleri  sonbahar aylar\u0131na kadar s\u00fcrecek.<\/p>\n","protected":false},"excerpt":{"rendered":"<p>\u015eIRNAK\u2019IN BEYT\u00dc\u015e\u015eEBAP \u0130L\u00c7ES\u0130NDEK\u0130 YAYLALAR G\u00d6\u00c7ERLER\u0130N  AKININA U\u011eRADI. BU YIL TOPLAM 250 B\u0130N K\u00dc\u00c7\u00dcK BA\u015e HAYVAN S\u00dcR\u00dcLER HAL\u0130NDE \u0130L\u00c7EDE BULUNAN YAYLALARA \u00c7IKTI.<\/p>\n","protected":false},"author":1,"featured_media":179231,"comment_status":"closed","ping_status":"open","sticky":false,"template":"","format":"standard","meta":{"jetpack_post_was_ever_published":false,"_jetpack_newsletter_access":"","_jetpack_dont_email_post_to_subs":false,"_jetpack_newsletter_tier_id":0,"_jetpack_memberships_contains_paywalled_content":false,"_jetpack_memberships_contains_paid_content":false,"footnotes":"","jetpack_publicize_message":"","jetpack_publicize_feature_enabled":true,"jetpack_social_post_already_shared":true,"jetpack_social_options":{"image_generator_settings":{"template":"highway","default_image_id":0,"font":"","enabled":false},"version":2}},"categories":[1],"tags":[5921,213,44003,20854,3797,1685,39934],"class_list":["post-179230","post","type-post","status-publish","format-standard","has-post-thumbnail","hentry","category-genel","tag-5921","tag-bin","tag-farasin","tag-koyuna","tag-sahipligi","tag-yapiyor","tag-yaylasi"],"jetpack_publicize_connections":[],"jetpack_featured_media_url":"https:\/\/i0.wp.com\/www.tvturk.com\/wp-content\/uploads\/2019\/07\/farasin-yaylasi-250-bin-koyuna-ev-sahipligi-yapiyor_b4bb284.jpg?fit=1000%2C750","jetpack_sharing_enabled":true,"jetpack_shortlink":"https:\/\/wp.me\/paKIfm-KCO","_links":{"self":[{"href":"http:\/\/www.tvturk.com\/index.php\/wp-json\/wp\/v2\/posts\/179230","targetHints":{"allow":["GET"]}}],"collection":[{"href":"http:\/\/www.tvturk.com\/index.php\/wp-json\/wp\/v2\/posts"}],"about":[{"href":"http:\/\/www.tvturk.com\/index.php\/wp-json\/wp\/v2\/types\/post"}],"author":[{"embeddable":true,"href":"http:\/\/www.tvturk.com\/index.php\/wp-json\/wp\/v2\/users\/1"}],"replies":[{"embeddable":true,"href":"http:\/\/www.tvturk.com\/index.php\/wp-json\/wp\/v2\/comments?post=179230"}],"version-history":[{"count":0,"href":"http:\/\/www.tvturk.com\/index.php\/wp-json\/wp\/v2\/posts\/179230\/revisions"}],"wp:featuredmedia":[{"embeddable":true,"href":"http:\/\/www.tvturk.com\/index.php\/wp-json\/wp\/v2\/media\/179231"}],"wp:attachment":[{"href":"http:\/\/www.tvturk.com\/index.php\/wp-json\/wp\/v2\/media?parent=179230"}],"wp:term":[{"taxonomy":"category","embeddable":true,"href":"http:\/\/www.tvturk.com\/index.php\/wp-json\/wp\/v2\/categories?post=179230"},{"taxonomy":"post_tag","embeddable":true,"href":"http:\/\/www.tvturk.com\/index.php\/wp-json\/wp\/v2\/tags?post=179230"}],"curies":[{"name":"wp","href":"https:\/\/api.w.org\/{rel}","templated":true}]}}