{"id":179274,"date":"2019-07-08T12:16:04","date_gmt":"2019-07-08T09:16:04","guid":{"rendered":"http:\/\/www.tvturk.com\/index.php\/iran-avrupanin-2015-nukleer-anlasmasini-kurtarmak-icin-60-gunu-var\/"},"modified":"2019-07-08T12:16:04","modified_gmt":"2019-07-08T09:16:04","slug":"iran-avrupanin-2015-nukleer-anlasmasini-kurtarmak-icin-60-gunu-var","status":"publish","type":"post","link":"http:\/\/www.tvturk.com\/index.php\/iran-avrupanin-2015-nukleer-anlasmasini-kurtarmak-icin-60-gunu-var\/","title":{"rendered":"\u0130ran: \u201cAvrupa\u2019n\u0131n 2015 N\u00fckleer Anla\u015fmas\u0131n\u0131 kurtarmak i\u00e7in 60 g\u00fcn\u00fc var\u201d"},"content":{"rendered":"<p>\u0130ran D\u0131\u015fi\u015fleri Bakanl\u0131\u011f\u0131 S\u00f6zc\u00fcs\u00fc Abbas Mousavi, Avrupa\u2019n\u0131n 2015 N\u00fckleer Anla\u015fmas\u0131n\u0131 kurtarmak i\u00e7in 60 g\u00fcn\u00fcn\u00fcn oldu\u011funu s\u00f6yledi.<\/p>\n<p>\u0130ran D\u0131\u015fi\u015fleri Bakanl\u0131\u011f\u0131 S\u00f6zc\u00fcs\u00fc Abbas Mousavi yapt\u0131\u011f\u0131 bas\u0131n a\u00e7\u0131klamas\u0131nda, \u0130ran\u2019\u0131n 2015 N\u00fckleer Anla\u015fmas\u0131 i\u00e7in Eyl\u00fcl ay\u0131na kadar ba\u015fka bir son tarih teklif etmeyece\u011fini, Avrupa\u2019n\u0131n anla\u015fmay\u0131 kurtarmak i\u00e7in 60 g\u00fcn\u00fcn\u00fcn oldu\u011funu s\u00f6yledi. Mousavi, \u0130ran\u2019\u0131n Avrupal\u0131 ortaklar\u0131yla m\u00fczakerelere hala a\u00e7\u0131k oldu\u011funu ve taahh\u00fctlerini yerine getirme yolunda ad\u0131m atacaklar\u0131n\u0131 umdu\u011funu dile getirdi.<\/p>\n<p>\u0130ranl\u0131 yetkililer ge\u00e7ti\u011fimiz g\u00fcnlerde, \u00fclkenin anla\u015fman\u0131n sona erece\u011fi tarihten sonra anla\u015fmaya uyumunun azalt\u0131lmas\u0131 y\u00f6n\u00fcnde daha ileri ad\u0131mlar ataca\u011f\u0131n\u0131 s\u00f6ylemi\u015fti.<\/p>\n<p>\u0130ran, ABD\u2019deki yapt\u0131r\u0131mlar etraf\u0131nda bir yol bulmas\u0131 ve anla\u015fman\u0131n vaat edilen ekonomik rahatlamay\u0131 sa\u011flamas\u0131 i\u00e7in Avrupa ortaklar\u0131na bask\u0131 yap\u0131yor. ABD tek tarafl\u0131 olarak bir y\u0131l \u00f6nce anla\u015fmadan \u00e7ekilmi\u015fti.<\/p>\n<p>ABD ve \u0130srail ba\u015fta olmak \u00fczere baz\u0131 \u00fclkeler, \u0130ran\u2019\u0131n n\u00fckleer silah \u00fcretme kapasitesine \u00e7ok yakla\u015ft\u0131\u011f\u0131n\u0131 ileri s\u00fcrm\u00fc\u015f, BM ile bir\u00e7ok \u00fclke \u0130ran\u2019\u0131n n\u00fckleer program\u0131n\u0131 k\u0131s\u0131tlamak ve Tahran y\u00f6netimini cayd\u0131rmak amac\u0131yla ekonomik yapt\u0131r\u0131mlara ba\u015fvurmu\u015ftu. Yapt\u0131r\u0131mlardan etkilenen \u0130ran y\u00f6netimi ile P5+1 \u00fclkeleri olarak adland\u0131r\u0131lan BM G\u00fcvenlik Konseyinin daimi \u00fcyeleri ABD, Rusya, \u00c7in, \u0130ngiltere ve Fransa ile Almanya\u2019n\u0131n yan\u0131 s\u0131ra Avrupa Birli\u011fi aras\u0131nda yakla\u015f\u0131k \u00fc\u00e7 y\u0131l s\u00fcren m\u00fczakerelerden sonra Temmuz 2015\u2019te N\u00fckleer Anla\u015fmaya var\u0131lm\u0131\u015ft\u0131.<\/p>\n","protected":false},"excerpt":{"rendered":"<p>\u0130RAN DI\u015e\u0130\u015eLER\u0130 BAKANLI\u011eI S\u00d6ZC\u00dcS\u00dc ABBAS MOUSAV\u0130, AVRUPA&#8217;NIN 2015 N\u00dcKLEER ANLA\u015eMASINI KURTARMAK \u0130\u00c7\u0130N 60 G\u00dcN\u00dcN\u00dcN OLDU\u011eUNU S\u00d6YLED\u0130.<\/p>\n","protected":false},"author":1,"featured_media":179275,"comment_status":"closed","ping_status":"open","sticky":false,"template":"","format":"standard","meta":{"jetpack_post_was_ever_published":false,"_jetpack_newsletter_access":"","_jetpack_dont_email_post_to_subs":false,"_jetpack_newsletter_tier_id":0,"_jetpack_memberships_contains_paywalled_content":false,"_jetpack_memberships_contains_paid_content":false,"footnotes":"","jetpack_publicize_message":"","jetpack_publicize_feature_enabled":true,"jetpack_social_post_already_shared":true,"jetpack_social_options":{"image_generator_settings":{"template":"highway","default_image_id":0,"font":"","enabled":false},"version":2}},"categories":[10],"tags":[44022,4803,6082,85,44,548,6344,12874,181],"class_list":["post-179274","post","type-post","status-publish","format-standard","has-post-thumbnail","hentry","category-dunya","tag-44022","tag-anlasmasini","tag-avrupanin","tag-gunu","tag-icin","tag-iran","tag-kurtarmak","tag-nukleer","tag-var"],"jetpack_publicize_connections":[],"jetpack_featured_media_url":"https:\/\/i0.wp.com\/www.tvturk.com\/wp-content\/uploads\/2019\/07\/iran-avrupanin-2015-nukleer-anlasmasini-kurtarmak-icin-60-gunu-var_efbda81.jpg?fit=1000%2C671","jetpack_sharing_enabled":true,"jetpack_shortlink":"https:\/\/wp.me\/paKIfm-KDw","_links":{"self":[{"href":"http:\/\/www.tvturk.com\/index.php\/wp-json\/wp\/v2\/posts\/179274","targetHints":{"allow":["GET"]}}],"collection":[{"href":"http:\/\/www.tvturk.com\/index.php\/wp-json\/wp\/v2\/posts"}],"about":[{"href":"http:\/\/www.tvturk.com\/index.php\/wp-json\/wp\/v2\/types\/post"}],"author":[{"embeddable":true,"href":"http:\/\/www.tvturk.com\/index.php\/wp-json\/wp\/v2\/users\/1"}],"replies":[{"embeddable":true,"href":"http:\/\/www.tvturk.com\/index.php\/wp-json\/wp\/v2\/comments?post=179274"}],"version-history":[{"count":0,"href":"http:\/\/www.tvturk.com\/index.php\/wp-json\/wp\/v2\/posts\/179274\/revisions"}],"wp:featuredmedia":[{"embeddable":true,"href":"http:\/\/www.tvturk.com\/index.php\/wp-json\/wp\/v2\/media\/179275"}],"wp:attachment":[{"href":"http:\/\/www.tvturk.com\/index.php\/wp-json\/wp\/v2\/media?parent=179274"}],"wp:term":[{"taxonomy":"category","embeddable":true,"href":"http:\/\/www.tvturk.com\/index.php\/wp-json\/wp\/v2\/categories?post=179274"},{"taxonomy":"post_tag","embeddable":true,"href":"http:\/\/www.tvturk.com\/index.php\/wp-json\/wp\/v2\/tags?post=179274"}],"curies":[{"name":"wp","href":"https:\/\/api.w.org\/{rel}","templated":true}]}}