{"id":179278,"date":"2019-07-08T12:16:17","date_gmt":"2019-07-08T09:16:17","guid":{"rendered":"http:\/\/www.tvturk.com\/index.php\/himalayalardan-trabzona\/"},"modified":"2019-07-08T12:16:17","modified_gmt":"2019-07-08T09:16:17","slug":"himalayalardan-trabzona","status":"publish","type":"post","link":"http:\/\/www.tvturk.com\/index.php\/himalayalardan-trabzona\/","title":{"rendered":"Himalayalar\u2019dan Trabzon\u2019a"},"content":{"rendered":"<p>Ana vatan\u0131 Himalaya Da\u011flar\u0131 olan ve g\u00fcne\u015fe serilerek kurutulan meyvesi do\u011fal bir deterjan g\u00f6revi g\u00f6ren sabun cevizi \u00fcretimine Trabzon Orman B\u00f6lge M\u00fcd\u00fcrl\u00fc\u011f\u00fc b\u00fcnyesindeki Of Fidanl\u0131\u011f\u0131\u2019nda ba\u015fland\u0131.<\/p>\n<p>Himalaya Da\u011flar\u0131\u2019n\u0131n eteklerinde kendi kendine yeti\u015fen sabun f\u0131nd\u0131\u011f\u0131 da denilen bir bitki \u00e7e\u015fidi olan Sabun Cevizi, tohumundan bir s\u00fcre \u00f6nce Trabzon Orman B\u00f6lge M\u00fcd\u00fcrl\u00fc\u011f\u00fcnce 3 bin 500 adet ekimi yap\u0131ld\u0131. Ekimi sonras\u0131nda y\u00fczde 97 ba\u015far\u0131 ile 3 bin 400 adet Sabun Cevizi fidan\u0131 elde edildi. Halen b\u00fcy\u00fcmeye devam eden fidanlar\u0131n Haziran ay\u0131 sonu itibar\u0131yla boylar\u0131 ortalama 80 cm\u2019ye ula\u015ft\u0131.<\/p>\n<p>Konu ile ilgili olarak bilgi veren Orman B\u00f6lge M\u00fcd\u00fcr\u00fc M\u00fcmin D\u00f6ngez,  \u201cOf Fidanl\u0131\u011f\u0131m\u0131zda ilk kez \u00fcretim denemesini ger\u00e7ekle\u015ftirdi\u011fimiz Sabun Cevizi bitkisinin yeti\u015ftirilmesinin ba\u015far\u0131l\u0131 olmas\u0131 durumunda Karadeniz B\u00f6lgesinde bu bitkinin kullan\u0131m\u0131n\u0131n \u00f6n\u00fcn\u00fcn a\u00e7\u0131larak, \u00fcretime katk\u0131 sa\u011flanmas\u0131n\u0131 ve \u00fclke ekonomisine kazand\u0131r\u0131lmas\u0131n\u0131 hedefliyoruz\u201d dedi.<\/p>\n<p>D\u00f6ngez, bitkinin ekonomik de\u011ferine vurgu yaparak \u201cHimalaya Da\u011flar\u0131\u2019nda ya\u015fayan yerli halk taraf\u0131ndan toplan\u0131p, g\u00fcne\u015fe serilerek kurutulan Sabun Cevizi\u2019nin meyvesi, ayn\u0131 zamanda do\u011fal bir deterjand\u0131r. Sabun Cevizi\u2019nin deterjan fonksiyonunun yan\u0131 s\u0131ra s\u0131v\u0131 sabun, bula\u015f\u0131k deterjan\u0131, banyo sabunu, \u015fampuan, el y\u0131kama sabunu olarak da kullan\u0131lan ve hi\u00e7bir kimyasal katk\u0131 i\u00e7ermeyen do\u011fal ve zarars\u0131z bir bitki t\u00fcr\u00fc olmas\u0131 nedeniyle ileride kullan\u0131m\u0131n\u0131n yayg\u0131nla\u015faca\u011f\u0131 d\u00fc\u015f\u00fcn\u00fclmektedir\u201d diye konu\u015ftu.<\/p>\n","protected":false},"excerpt":{"rendered":"<p>ANA VATANI H\u0130MALAYA DA\u011eLARI OLAN VE G\u00dcNE\u015eE SER\u0130LEREK KURUTULAN MEYVES\u0130 DO\u011eAL B\u0130R DETERJAN G\u00d6REV\u0130 G\u00d6REN SABUN CEV\u0130Z\u0130 \u00dcRET\u0130M\u0130NE TRABZON ORMAN B\u00d6LGE M\u00dcD\u00dcRL\u00dc\u011e\u00dc B\u00dcNYES\u0130NDEK\u0130 OF F\u0130DANLI\u011eI\u2019NDA BA\u015eLANDI.<\/p>\n","protected":false},"author":1,"featured_media":179279,"comment_status":"closed","ping_status":"open","sticky":false,"template":"","format":"standard","meta":{"jetpack_post_was_ever_published":false,"_jetpack_newsletter_access":"","_jetpack_dont_email_post_to_subs":false,"_jetpack_newsletter_tier_id":0,"_jetpack_memberships_contains_paywalled_content":false,"_jetpack_memberships_contains_paid_content":false,"footnotes":"","jetpack_publicize_message":"","jetpack_publicize_feature_enabled":true,"jetpack_social_post_already_shared":true,"jetpack_social_options":{"image_generator_settings":{"template":"highway","default_image_id":0,"font":"","enabled":false},"version":2}},"categories":[19],"tags":[44024,8270],"class_list":["post-179278","post","type-post","status-publish","format-standard","has-post-thumbnail","hentry","category-ekonomi","tag-himalayalardan","tag-trabzona"],"jetpack_publicize_connections":[],"jetpack_featured_media_url":"https:\/\/i0.wp.com\/www.tvturk.com\/wp-content\/uploads\/2019\/07\/himalayalardan-trabzona_edd1ba8.jpg?fit=1000%2C485","jetpack_sharing_enabled":true,"jetpack_shortlink":"https:\/\/wp.me\/paKIfm-KDA","_links":{"self":[{"href":"http:\/\/www.tvturk.com\/index.php\/wp-json\/wp\/v2\/posts\/179278","targetHints":{"allow":["GET"]}}],"collection":[{"href":"http:\/\/www.tvturk.com\/index.php\/wp-json\/wp\/v2\/posts"}],"about":[{"href":"http:\/\/www.tvturk.com\/index.php\/wp-json\/wp\/v2\/types\/post"}],"author":[{"embeddable":true,"href":"http:\/\/www.tvturk.com\/index.php\/wp-json\/wp\/v2\/users\/1"}],"replies":[{"embeddable":true,"href":"http:\/\/www.tvturk.com\/index.php\/wp-json\/wp\/v2\/comments?post=179278"}],"version-history":[{"count":0,"href":"http:\/\/www.tvturk.com\/index.php\/wp-json\/wp\/v2\/posts\/179278\/revisions"}],"wp:featuredmedia":[{"embeddable":true,"href":"http:\/\/www.tvturk.com\/index.php\/wp-json\/wp\/v2\/media\/179279"}],"wp:attachment":[{"href":"http:\/\/www.tvturk.com\/index.php\/wp-json\/wp\/v2\/media?parent=179278"}],"wp:term":[{"taxonomy":"category","embeddable":true,"href":"http:\/\/www.tvturk.com\/index.php\/wp-json\/wp\/v2\/categories?post=179278"},{"taxonomy":"post_tag","embeddable":true,"href":"http:\/\/www.tvturk.com\/index.php\/wp-json\/wp\/v2\/tags?post=179278"}],"curies":[{"name":"wp","href":"https:\/\/api.w.org\/{rel}","templated":true}]}}