{"id":179306,"date":"2019-07-08T12:31:38","date_gmt":"2019-07-08T09:31:38","guid":{"rendered":"http:\/\/www.tvturk.com\/index.php\/kirkpinar-sampiyonu-gurbuzden-geleneksel-veda-ziyareti\/"},"modified":"2019-07-08T12:31:38","modified_gmt":"2019-07-08T09:31:38","slug":"kirkpinar-sampiyonu-gurbuzden-geleneksel-veda-ziyareti","status":"publish","type":"post","link":"http:\/\/www.tvturk.com\/index.php\/kirkpinar-sampiyonu-gurbuzden-geleneksel-veda-ziyareti\/","title":{"rendered":"K\u0131rkp\u0131nar \u015fampiyonu G\u00fcrb\u00fcz\u2019den geleneksel \u2019veda\u2019 ziyareti"},"content":{"rendered":"<p>658\u2019inci Tarihi K\u0131rkp\u0131nar Ya\u011fl\u0131 G\u00fcre\u015fleri Ba\u015fpehlivan\u0131 Ali G\u00fcrb\u00fcz, Edirne\u2019den ayr\u0131lmadan \u00f6nce geleneksel veda ziyaretini Edirne Belediye Ba\u015fkan\u0131 Recep G\u00fcrkan\u2019a yapt\u0131. Alt\u0131n kemeri ve kupas\u0131 ile Edirne Belediyesini ziyaret eden G\u00fcrb\u00fcz\u2019e, G\u00fcrkan 3 ciltlik K\u0131rkp\u0131nar Tarihi Almana\u011f\u0131 hediye etti.<\/p>\n<p>658. Tarihi K\u0131rkp\u0131nar Ya\u011fl\u0131 G\u00fcre\u015fleri ba\u015fpehlivanl\u0131k final g\u00fcre\u015finde rakibi Orhan Okulu\u2019yu, puanlama s\u00fcresinde alt\u0131n puanla ma\u011flup ederek, alt\u0131n kemere uzanan Ali G\u00fcrb\u00fcz, 2019 y\u0131l\u0131 T\u00fcrkiye Cumhuriyeti Ba\u015fpehlivan\u0131 oldu. D\u00fcn ger\u00e7ekle\u015ftirdi\u011fi, \u015fehir turu ve geleneksel \u2018pehlivan hamam\u0131\u2019 geleneklerinin ard\u0131ndan G\u00fcrb\u00fcz, bug\u00fcn de \u015fehirden ayr\u0131lmadan \u00f6nce geleneksel \u2018veda\u2019 ziyaretini \u015fehrin belediye ba\u015fkan\u0131 G\u00fcrkan\u2019a yapt\u0131.<\/p>\n<p>Ba\u015fpehlivan G\u00fcrb\u00fcz ve beraberindeki heyet, Edirne Belediyesine gelerek, G\u00fcrkan\u2019\u0131 makam\u0131nda ziyaret etti. Alt\u0131n kemeri ve kupas\u0131 ile Edirne Belediyesini ziyaret eden G\u00fcrb\u00fcz\u2019e, G\u00fcrkan 3 ciltlik K\u0131rkp\u0131nar Tarihi Almana\u011f\u0131 hediye etti.<\/p>\n<p>\u201cHem kupa hem de alt\u0131n kemer Ali\u2019ye \u00e7ok yak\u0131\u015ft\u0131\u201d<\/p>\n<p>Edirne Belediye Ba\u015fkan\u0131 Recep G\u00fcrkan, \u201c2019 y\u0131l\u0131 ba\u015fpehlivan\u0131 olmas\u0131 herkesi \u00e7ok mutlu etti. Hem kupa hem de alt\u0131n kemer Ali\u2019ye \u00e7ok yak\u0131\u015ft\u0131. Sevgili Ali\u2019nin babas\u0131 eski ba\u015fpehlivanlardan rahmetli Recep G\u00fcrb\u00fcz\u2019\u00fc de bu vesile ile rahmetle an\u0131yorum. D\u00fcn onun ruhunu da \u015fad ettin. Hay\u0131rl\u0131 u\u011furlu olsun, tebrik ediyorum. Yolun a\u00e7\u0131k olsun, ba\u015far\u0131lar diliyorum\u201d dedi.<\/p>\n<p>\u201cBabama ve beni sevenlere bir kemer borcum vard\u0131\u201d<\/p>\n<p>658\u2019inci Tarihi K\u0131rkp\u0131nar Ya\u011fl\u0131 G\u00fcre\u015fleri Ba\u015fpehlivan\u0131 Ali G\u00fcrb\u00fcz de \u201cK\u0131rkp\u0131nar ba\u015fpehlivan\u0131 olmak \u00e7ok \u00f6nemli bir unvan. \u00c7\u00fcnk\u00fc K\u0131rkp\u0131nar\u2019da ba\u015fpehlivan olmak o y\u0131lki T\u00fcrkiye Cumhuriyet ba\u015fpehlivan\u0131 oluyor. Bu unvan\u0131 almak \u00e7ok \u00f6nemli. Uzun bir aradan sonra yeniden birinci oldu\u011fum i\u00e7in \u00e7ok mutluyum. Babama ve beni sevenlere bir kemer borcum vard\u0131. Bu kemer borcunu \u00f6dedi\u011fim i\u00e7in \u00e7ok rahat\u0131m, \u00e7ok mutluyum\u201d dedi.<\/p>\n<p>G\u00fcrb\u00fcz, geleneksel \u2018veda\u2019 ziyaretinin ard\u0131ndan ekibi ile birlikte Edirne\u2019de ayr\u0131larak, karayolu ile Antalya\u2019ya hareket etti.<\/p>\n","protected":false},"excerpt":{"rendered":"<p>658\u2019\u0130NC\u0130 TAR\u0130H\u0130 KIRKPINAR YA\u011eLI G\u00dcRE\u015eLER\u0130 BA\u015ePEHL\u0130VANI AL\u0130 G\u00dcRB\u00dcZ, ED\u0130RNE\u2019DE AYRILMADAN \u00d6NCE \u2018GELENEKSEL VEDA\u2019 Z\u0130YARET\u0130N\u0130 ED\u0130RNE BELED\u0130YE BA\u015eKANI RECEP G\u00dcRKAN\u2019A YAPTI.<\/p>\n","protected":false},"author":1,"featured_media":179307,"comment_status":"closed","ping_status":"open","sticky":false,"template":"","format":"standard","meta":{"jetpack_post_was_ever_published":false,"_jetpack_newsletter_access":"","_jetpack_dont_email_post_to_subs":false,"_jetpack_newsletter_tier_id":0,"_jetpack_memberships_contains_paywalled_content":false,"_jetpack_memberships_contains_paid_content":false,"footnotes":"","jetpack_publicize_message":"","jetpack_publicize_feature_enabled":true,"jetpack_social_post_already_shared":true,"jetpack_social_options":{"image_generator_settings":{"template":"highway","default_image_id":0,"font":"","enabled":false},"version":2}},"categories":[1],"tags":[7470,44029,30772,2415,4421,1730],"class_list":["post-179306","post","type-post","status-publish","format-standard","has-post-thumbnail","hentry","category-genel","tag-geleneksel","tag-gurbuzden","tag-kirkpinar","tag-sampiyonu","tag-veda","tag-ziyareti"],"jetpack_publicize_connections":[],"jetpack_featured_media_url":"https:\/\/i0.wp.com\/www.tvturk.com\/wp-content\/uploads\/2019\/07\/kirkpinar-sampiyonu-gurbuzden-geleneksel-veda-ziyareti_ca9bc19.jpg?fit=1000%2C666","jetpack_sharing_enabled":true,"jetpack_shortlink":"https:\/\/wp.me\/paKIfm-KE2","_links":{"self":[{"href":"http:\/\/www.tvturk.com\/index.php\/wp-json\/wp\/v2\/posts\/179306","targetHints":{"allow":["GET"]}}],"collection":[{"href":"http:\/\/www.tvturk.com\/index.php\/wp-json\/wp\/v2\/posts"}],"about":[{"href":"http:\/\/www.tvturk.com\/index.php\/wp-json\/wp\/v2\/types\/post"}],"author":[{"embeddable":true,"href":"http:\/\/www.tvturk.com\/index.php\/wp-json\/wp\/v2\/users\/1"}],"replies":[{"embeddable":true,"href":"http:\/\/www.tvturk.com\/index.php\/wp-json\/wp\/v2\/comments?post=179306"}],"version-history":[{"count":0,"href":"http:\/\/www.tvturk.com\/index.php\/wp-json\/wp\/v2\/posts\/179306\/revisions"}],"wp:featuredmedia":[{"embeddable":true,"href":"http:\/\/www.tvturk.com\/index.php\/wp-json\/wp\/v2\/media\/179307"}],"wp:attachment":[{"href":"http:\/\/www.tvturk.com\/index.php\/wp-json\/wp\/v2\/media?parent=179306"}],"wp:term":[{"taxonomy":"category","embeddable":true,"href":"http:\/\/www.tvturk.com\/index.php\/wp-json\/wp\/v2\/categories?post=179306"},{"taxonomy":"post_tag","embeddable":true,"href":"http:\/\/www.tvturk.com\/index.php\/wp-json\/wp\/v2\/tags?post=179306"}],"curies":[{"name":"wp","href":"https:\/\/api.w.org\/{rel}","templated":true}]}}