{"id":179312,"date":"2019-07-08T12:31:51","date_gmt":"2019-07-08T09:31:51","guid":{"rendered":"http:\/\/www.tvturk.com\/index.php\/balikci-kenan-balci-atik-yaglari-lavabolara-dokmeyelim\/"},"modified":"2019-07-08T12:31:51","modified_gmt":"2019-07-08T09:31:51","slug":"balikci-kenan-balci-atik-yaglari-lavabolara-dokmeyelim","status":"publish","type":"post","link":"http:\/\/www.tvturk.com\/index.php\/balikci-kenan-balci-atik-yaglari-lavabolara-dokmeyelim\/","title":{"rendered":"Bal\u0131k\u00e7\u0131 Kenan  Balc\u0131: \u201cAt\u0131k ya\u011flar\u0131 lavabolara d\u00f6kmeyelim\u201d"},"content":{"rendered":"<p>Artan deniz kirlili\u011fi konusunda uyar\u0131larda bulunan \u0130stanbul\u2019un \u00fcnl\u00fc bal\u0131k\u00e7\u0131s\u0131 Kenan Balc\u0131, \u00f6zellikle at\u0131k ya\u011flar\u0131n lavabolara d\u00f6k\u00fclmemesi gerekti\u011fini belirtti.<\/p>\n<p>T\u00fcrkiye\u2019nin  en zengin kaynaklar\u0131ndan birinin denizler oldu\u011fu vurgusunu yapan Bal\u0131k\u00e7\u0131 Kenan Balc\u0131, deniz kirlili\u011fi konusunda daha hassas olunmas\u0131 gerekti\u011fini vurgulad\u0131. Balc\u0131 yapt\u0131\u011f\u0131 a\u00e7\u0131klamada, \u2018Denizler t\u00fckenmeyen madenlerimizdir. Denizlerimizi evimiz kadar temiz tutmam\u0131z gerekiyor. \u00dclkemizin \u00fc\u00e7 taraf\u0131 denizlerle \u00e7evrili binbir \u00e7e\u015fit deniz canl\u0131s\u0131 var. Bal\u0131k\u00e7\u0131l\u0131k konusunda zengin bir \u00fclkeyiz. Fakat maalesef denizlerimize gereken de\u011feri veremiyoruz. Denizlerimize sahip \u00e7\u0131kal\u0131m. Bug\u00fcn denizlerimizde tonlarca at\u0131k \u00e7\u0131k\u0131yor. Naylon po\u015fetlerden tutun, araba lastiklerine, \u00e7ekyatlara kadar ne ararsan\u0131z var. Denizler bizim gelece\u011fimiz. \u00c7ocuklar\u0131m\u0131za b\u0131rakaca\u011f\u0131m\u0131z miras. Bug\u00fcn her buldu\u011fumuz \u00e7\u00f6p\u00fc denize at\u0131yoruz. Denizin dibine inen at\u0131klar bal\u0131klar\u0131 oksijensiz b\u0131rak\u0131yor. E\u011fer b\u00f6yle giderse 20-30 sene sonra denizlerimizde yiyecek bal\u0131k bulamayaca\u011f\u0131z\u2019 ifadesini kulland\u0131.<\/p>\n<p>\u201cAt\u0131k ya\u011flar\u0131 lavabolara d\u00f6kmeyelim\u201d<\/p>\n<p>\u00d6zellikle at\u0131k ya\u011flar konusunda hassasiyet g\u00f6sterilmesi gerekti\u011fini belirten Balc\u0131, \u2018Ev han\u0131mlar\u0131m\u0131zdan rica ediyorum. At\u0131k ya\u011flar\u0131 lavabolar\u0131m\u0131za d\u00f6kmememiz gerekir. Art\u0131k neredeyse her belediye at\u0131k ya\u011flar\u0131 topluyor. \u00d6zellikle \u0130stanbul\u2019a bu gibi \u00f6nlemleri almam\u0131z gerekiyor. Kullan\u0131lm\u0131\u015f  bitkisel ya\u011flar at\u0131k su kirlili\u011finin y\u00fczde 25 ini olu\u015fturmakta. Denize, akarsuya ve g\u00f6le ula\u015fan bitkisel at\u0131k ya\u011flar, ku\u015flara, bal\u0131klara ve di\u011fer canl\u0131 t\u00fcrlerine zarar veriyor. D\u00f6kt\u00fc\u011f\u00fcm\u00fcz her at\u0131k ya\u011f denizlerimize gidiyor. Fabrikalardan d\u00f6k\u00fclen at\u0131k ya\u011flar denizlerimize gidiyor. Buda bizim, \u00e7ocuklar\u0131m\u0131z\u0131n ve gen\u00e7lerimizin gelece\u011fini tehlikeye at\u0131yor. Denizler ekmeden bi\u00e7ti\u011fimiz tarlalar\u0131m\u0131zd\u0131r. Bug\u00fcn bir tarlaya \u00fcr\u00fcn ekti\u011fimizde her \u015feyi ile tek tek u\u011fra\u015f\u0131yoruz. Ama denizlerimiz \u00f6yle de\u011fil. Hi\u00e7bir \u015fey ekmeden binlerce \u00fcr\u00fcn\u00fc bize veriyor. Herkesin b\u00fct\u00fcn vatanda\u015flar\u0131n bu konuda duyarl\u0131 olmas\u0131n\u0131 rica ediyorum. Denizlerimiz nefes alam\u0131yor\u2019 \u015feklinde konu\u015ftu.<\/p>\n<p>\u201cKirlilikten dolay\u0131 bal\u0131klar\u0131m\u0131z ba\u015fka sulara g\u00f6\u00e7 ediyor\u201d<\/p>\n<p>M\u00fczedeki bal\u0131klar\u0131 g\u00f6stererek on sene \u00f6nce orkinoslar\u0131n hamsiyle yar\u0131\u015ft\u0131\u011f\u0131n\u0131 belirten Balc\u0131, \u2018On sene \u00f6nce orkinosun kilosuyla hamsinin kilosu ayn\u0131yd\u0131. O derece orkinos bol \u00e7\u0131kard\u0131. Her bal\u0131k daha \u00e7ok \u00e7\u0131kard\u0131. Ama \u015fimdi denizlerimizdeki at\u0131klardan dolay\u0131 \u00fc\u00e7 ay duracak bal\u0131k, bir ay durup ba\u015fka sulara g\u00f6\u00e7 ediyor. Nefes alamad\u0131\u011f\u0131 i\u00e7in denizlerimizi terk ediyorlar. Yaz k\u0131\u015f bal\u0131k tutulur bitmezdi. \u015eimdi kirlilikten dolay\u0131 bal\u0131klar\u0131m\u0131z\u0131 kaybettik\u201d dedi.<\/p>\n<p>\u201cGen\u00e7ler bu m\u00fczede denizlerimizdeki bal\u0131klar\u0131 \u00f6\u011freniyorlar\u201d<\/p>\n<p>Beylikd\u00fcz\u00fc Bal\u0131k\u00e7\u0131 Kenan Tesislerinde mumya bal\u0131klar\u0131 m\u00fcze haline getirerek sergileyen Balc\u0131, \u2018M\u00fcze tam 41 tondan fazla bal\u0131ktan olu\u015fuyor. Burada denizlerimizin k\u0131ymetini gen\u00e7lerimize g\u00f6steriyoruz. Uzun emekler ve u\u011fra\u015flar sonucundu \u00fclkemize b\u00f6yle bir m\u00fcze kazand\u0131rd\u0131\u011f\u0131m\u0131z i\u00e7in \u00e7ok mutluyuz. 7\u2019den 70\u2019e herkes bu m\u00fczeyi merak edip geliyorlar. Bir \u00e7ok vatanda\u015f\u0131m\u0131z buradaki bal\u0131klar\u0131 ilk kez g\u00f6rd\u00fc\u011f\u00fcn\u00fc ve \u015fa\u015fk\u0131nl\u0131k i\u00e7erisinde oldu\u011funu s\u00f6yl\u00fcyor\u2019 ifadesini kulland\u0131.<\/p>\n<p>T\u00fcrkiye Deniz Canl\u0131lar\u0131 M\u00fczesi\u2019nin yan\u0131nda minik dostlar\u0131n da bulundu\u011fu s\u00f6yleyen Balc\u0131, \u201cTav\u015fan\u2019dan tavu\u011fa kadar yakla\u015f\u0131k elli \u00e7e\u015fit hayvan\u0131n bulundu\u011fu Minik Dostlar Cenneti de \u00e7ocuklar\u0131m\u0131za hayvan sevgisini a\u015f\u0131l\u0131yoruz. Vatanda\u015flar\u0131m\u0131z m\u00fczeyi gezdikten sonra minik dostlar\u0131m\u0131z\u0131 da ziyaret ediyorlar. Bir \u00e7ok hayvan\u0131m\u0131z burada  \u00e7ocuklar\u0131m\u0131z\u0131n ne\u015fe kayna\u011f\u0131 oluyor. Onlara hem hayvanlar\u0131 sevdiriyoruz. Hem de g\u00fczel vakit ge\u00e7irmelerini sa\u011fl\u0131yoruz\u2019 diye konu\u015ftu.<\/p>\n","protected":false},"excerpt":{"rendered":"<p>ARTAN DEN\u0130Z K\u0130RL\u0130L\u0130\u011e\u0130 KONUSUNDA UYARILARDA BULUNAN \u0130STANBUL\u2019UN \u00dcNL\u00dc BALIK\u00c7ISI KENAN BALCI, \u00d6ZELL\u0130KLE ATIK YA\u011eLARIN LAVABOLARA D\u00d6K\u00dcLMEMES\u0130 GEREKT\u0130\u011e\u0130N\u0130 BEL\u0130RTT\u0130.<\/p>\n","protected":false},"author":1,"featured_media":179313,"comment_status":"closed","ping_status":"open","sticky":false,"template":"","format":"standard","meta":{"jetpack_post_was_ever_published":false,"_jetpack_newsletter_access":"","_jetpack_dont_email_post_to_subs":false,"_jetpack_newsletter_tier_id":0,"_jetpack_memberships_contains_paywalled_content":false,"_jetpack_memberships_contains_paid_content":false,"footnotes":"","jetpack_publicize_message":"","jetpack_publicize_feature_enabled":true,"jetpack_social_post_already_shared":true,"jetpack_social_options":{"image_generator_settings":{"template":"highway","default_image_id":0,"font":"","enabled":false},"version":2}},"categories":[1],"tags":[4512,2038,2594,44032,11643,44031,11336],"class_list":["post-179312","post","type-post","status-publish","format-standard","has-post-thumbnail","hentry","category-genel","tag-atik","tag-balci","tag-balikci","tag-dokmeyelim","tag-kenan","tag-lavabolara","tag-yaglari"],"jetpack_publicize_connections":[],"jetpack_featured_media_url":"https:\/\/i0.wp.com\/www.tvturk.com\/wp-content\/uploads\/2019\/07\/balikci-kenan-balci-atik-yaglari-lavabolara-dokmeyelim_211fd4b.jpg?fit=800%2C450","jetpack_sharing_enabled":true,"jetpack_shortlink":"https:\/\/wp.me\/paKIfm-KE8","_links":{"self":[{"href":"http:\/\/www.tvturk.com\/index.php\/wp-json\/wp\/v2\/posts\/179312","targetHints":{"allow":["GET"]}}],"collection":[{"href":"http:\/\/www.tvturk.com\/index.php\/wp-json\/wp\/v2\/posts"}],"about":[{"href":"http:\/\/www.tvturk.com\/index.php\/wp-json\/wp\/v2\/types\/post"}],"author":[{"embeddable":true,"href":"http:\/\/www.tvturk.com\/index.php\/wp-json\/wp\/v2\/users\/1"}],"replies":[{"embeddable":true,"href":"http:\/\/www.tvturk.com\/index.php\/wp-json\/wp\/v2\/comments?post=179312"}],"version-history":[{"count":0,"href":"http:\/\/www.tvturk.com\/index.php\/wp-json\/wp\/v2\/posts\/179312\/revisions"}],"wp:featuredmedia":[{"embeddable":true,"href":"http:\/\/www.tvturk.com\/index.php\/wp-json\/wp\/v2\/media\/179313"}],"wp:attachment":[{"href":"http:\/\/www.tvturk.com\/index.php\/wp-json\/wp\/v2\/media?parent=179312"}],"wp:term":[{"taxonomy":"category","embeddable":true,"href":"http:\/\/www.tvturk.com\/index.php\/wp-json\/wp\/v2\/categories?post=179312"},{"taxonomy":"post_tag","embeddable":true,"href":"http:\/\/www.tvturk.com\/index.php\/wp-json\/wp\/v2\/tags?post=179312"}],"curies":[{"name":"wp","href":"https:\/\/api.w.org\/{rel}","templated":true}]}}