{"id":179354,"date":"2019-07-08T13:17:34","date_gmt":"2019-07-08T10:17:34","guid":{"rendered":"http:\/\/www.tvturk.com\/index.php\/simdiden-gelecegin-mesleklerine-gore-karar-vermeyin\/"},"modified":"2019-07-08T13:17:34","modified_gmt":"2019-07-08T10:17:34","slug":"simdiden-gelecegin-mesleklerine-gore-karar-vermeyin","status":"publish","type":"post","link":"http:\/\/www.tvturk.com\/index.php\/simdiden-gelecegin-mesleklerine-gore-karar-vermeyin\/","title":{"rendered":"\u201c\u015eimdiden gelece\u011fin mesleklerine g\u00f6re karar vermeyin\u201d"},"content":{"rendered":"<p>\u00dcniversite tercihi yapacak olan \u00f6\u011frencilere son tavsiyelerde ve uyar\u0131larda bulunan Kariyer Dan\u0131\u015fman\u0131 Nur Erdem \u00d6zeren gen\u00e7lerin \u201c\u015eimdiden daha gelece\u011fin mesleklerine g\u00f6re se\u00e7im yapmalar\u0131 gerekmiyor. Ne i\u015f yapacaklar\u0131na karar verip o i\u015fi yapabilecekleri b\u00f6l\u00fcm alternatiflerinden birini se\u00e7sinler\u201d dedi.<\/p>\n<p>18 Temmuz\u2019da s\u0131nav sonu\u00e7lar\u0131n\u0131n a\u00e7\u0131klanaca\u011f\u0131n\u0131 duyuran \u00d6l\u00e7me, Se\u00e7me ve Yerle\u015ftirme Merkezi (\u00d6SYM) Ba\u015fkan\u0131 Prof. Dr. Halis Ayg\u00fcn ayn\u0131 zamanda tercihlerin de 23-29 Temmuz 2019 tarihleri aras\u0131nda yap\u0131laca\u011f\u0131n\u0131 bildirdi. Y\u0131llarca bu s\u0131nava emek veren \u00f6\u011frenciler de \u015fimdiden aileleri ile birlikte hangi \u00fcniversite ve b\u00f6l\u00fcmleri tercih edecekleri konusunda ara\u015ft\u0131rmalara ba\u015flad\u0131. Bu anlamda hem gen\u00e7lerin kafas\u0131ndaki yan\u0131tlanmam\u0131\u015f sorulara cevap veren Arel \u00dcniversitesi M\u00fctevelli Heyet Dan\u0131\u015fman\u0131 ve Kariyer Dan\u0131\u015fman\u0131 Nur Erdem \u00d6zeren ayn\u0131 zamanda da tercihler hakk\u0131nda tavsiyelerde bulundu.<\/p>\n<p>\u201c50 y\u0131l boyunca hangi mesleklerin var olaca\u011f\u0131n\u0131 ya da yok olaca\u011f\u0131n\u0131 \u015fuan kimse bilmiyor\u201d<\/p>\n<p>\u00d6zellikle son zamanlarda gelece\u011fin meslekleri ya da zamanla kaybolma ihtimali olan mesleklerle ilgili \u00e7\u0131kan a\u00e7\u0131klamalara kat\u0131lmad\u0131\u011f\u0131n\u0131 ve bu anlamda \u00f6\u011frencilerin olumsuz etkilenmemesi gerekti\u011fini d\u00fc\u015f\u00fcnen Nur Erdem \u00d6zeren, \u201cNe meslek ne de b\u00f6l\u00fcm olarak de\u011fil de ne i\u015f yapacaklar\u0131na karar verip o i\u015fi yapabilecekleri b\u00f6l\u00fcm ve alternatiflerinden birini se\u00e7sinler\u201d dedi. \u00d6zeren ayn\u0131 zamanda, \u201cL\u00fctfen \u015fu meslekler son bulacak, bu meslekler \u00e7ok pop\u00fcler olacak diyen kimseyi dinlemesinler. \u00c7\u00fcnk\u00fc gen\u00e7ler 5 y\u0131l sonra ba\u015flay\u0131p 50 y\u0131l \u00e7al\u0131\u015facaklar. 50 y\u0131l boyunca hangi mesleklerin var olaca\u011f\u0131n\u0131 ya da yok olaca\u011f\u0131n\u0131 \u015fuan kimse bilmiyor. Bug\u00fcnk\u00fc e\u011fitim sistemi gelecekte ad\u0131n\u0131 bilmedi\u011fimiz mesleklere insan yeti\u015ftirmiyor. Dolay\u0131s\u0131yla gen\u00e7lerin \u015fimdiden daha gelece\u011fin mesleklerine g\u00f6re se\u00e7im yapmalar\u0131 gerekmiyor. Bu i\u015f mesle\u011fe ve b\u00f6l\u00fcme g\u00f6re yap\u0131lmaz. Hi\u00e7 birimiz \u015fuan gelece\u011fi bilmiyoruz. Hi\u00e7bir sekt\u00f6r bitmeyecek, b\u00fct\u00fcn meslekler \u015fekil de\u011fi\u015ftirecek bug\u00fcn var olan mesleklerin yar\u0131s\u0131 kaybolacak ve yepyeni meslekler olacak ama bunlar\u0131 \u015fuanda bilmedi\u011fimiz i\u00e7in buna g\u00f6re se\u00e7im yapamazlar\u201d \u015feklinde konu\u015ftu. \u00d6zeren ayn\u0131 zamanda gen\u00e7lerin bilgi kirlili\u011finden uzak durmas\u0131n\u0131 ve herkese inanmamalar\u0131 konusunda da, \u201cBilgi kirlili\u011fin i\u00e7erisinde \u00f6\u011frenciler her televizyona \u00e7\u0131k\u0131p s\u00f6z s\u00f6yleyenin her uzman oldu\u011fu s\u00f6ylenenin, \u00fcniversitedeki herkesin s\u00f6ylediklerinin do\u011fru oldu\u011funu d\u00fc\u015f\u00fcnmesinler. Herkes kariyer dan\u0131\u015fman\u0131 de\u011fildir. Do\u011fru ki\u015fiden do\u011fru bilgi almaya dikkat etsinler. Deneyim burada \u00e7ok \u00f6nemli meslekleri ve \u00fcniversiteleri de deneyim etmi\u015f insanlardan dinlesinler\u201d ifadelerini kulland\u0131.<\/p>\n<p>\u201cK\u0131lavuzdan bakarak tercih yapmas\u0131nlar\u201d<\/p>\n<p>Gen\u00e7lerin tercihlerle ilgili olarak \u015fimdiden \u00e7al\u0131\u015fmaya ve ara\u015ft\u0131rmaya ba\u015flamalar\u0131n\u0131 gerekti\u011finin de alt\u0131n\u0131 \u00e7izen \u00d6zeren, \u201cHer \u015feyden \u00f6nce \u00e7ok ge\u00e7 kalmas\u0131nlar ve \u015fimdiden mesleklerini ve ne i\u015f yapacaklar\u0131n\u0131 se\u00e7mek i\u00e7in ad\u0131m atabilirler. \u00dcniversite se\u00e7imi i\u00e7in \u00fcniversiteleri ziyaret etsinler, sadece k\u0131lavuzdan bakarak tercih yapmas\u0131nlar. \u00c7ok fazla kafalar\u0131n\u0131 kar\u0131\u015ft\u0131racak bilgi ve yorum olacak etraflar\u0131nda. En do\u011fru bilgiyi teyit edip o \u015fekilde hareket etsinler. Yorumlara g\u00f6re de\u011fil bilgilere g\u00f6re karar versinler. Lise rehber \u00f6\u011fretmenleri tercih d\u00f6neminde \u00f6\u011frencilere yard\u0131mc\u0131 oluyorlar. Ancak \u00fcniversite ve meslek say\u0131s\u0131 \u00e7ok fazla artt\u0131\u011f\u0131 i\u00e7in hocalar\u0131m\u0131z da bu h\u0131za ayak uyduramayabiliyorlar. Bunun da negatif sonucu olarak; \u00f6\u011frenciler say\u0131sal bilgilerle istatistiklere g\u00f6re tercih yapabiliyorlar. Bu hataya d\u00fc\u015fmesinler. \u00dcniversiteler de bu d\u00f6nemde burslar\u0131yla \u00f6n plana \u00e7\u0131k\u0131yor. Orada da sadece \u00fcniversitenin burs imkanlar\u0131na de\u011fil i\u015f hayat\u0131na onlar\u0131 nas\u0131l haz\u0131rlayacaklar\u0131 konusundaki ve mezuniyet sonras\u0131 \u00e7al\u0131\u015fmalar\u0131na odaklans\u0131nlar\u201d dedi.<\/p>\n<p>\u201cU\u00e7mak \u00fczere olan ku\u015fa hala kanatlar\u0131n\u0131 kuvvetlendirmesi i\u00e7in imkan tan\u0131mazsan\u0131z, u\u00e7amaz\u201d<\/p>\n<p>Tercihler konusunda aile fakt\u00f6r\u00fcn\u00fc ve bask\u0131lar hakk\u0131nda da de\u011ferlendirmelerde bulunan \u00d6zeren , \u201cAileler \u00e7ocuklar\u0131n\u0131n kendilerini tan\u0131mas\u0131nda destek olabilirler\u201d diyerek, \u201cHepsi \u00e7ocu\u011fu i\u00e7in en iyisini istiyor ve asl\u0131nda do\u011fru yapt\u0131\u011f\u0131n\u0131 zannediyor. Bilse ki yapt\u0131\u011f\u0131 yanl\u0131\u015f, zaten yapmaz. \u00c7ocu\u011fundan \u015fikayet\u00e7i olan aileler varsa, \u00f6nce d\u00f6n\u00fcp kendilerine baks\u0131nlar. O \u00e7ocuk onlar\u0131n eseri! Ben yeti\u015ftirmedim ki! Zaten model al\u0131p, ailesine bakarak karakteri \u015fekillenmi\u015f o kadar \u00e7ok gen\u00e7 var ki. Aileler \u00e7ocuklar\u0131n\u0131n kendilerini tan\u0131mas\u0131nda destek olabilirler. \u00c7\u00fcnk\u00fc kariyer planlamada en \u00f6nemli eksiklerden biri gen\u00e7lerin kendilerini tan\u0131mamas\u0131. Bu anlamda aileler destek olabilir. Ancak bunun d\u0131\u015f\u0131nda hi\u00e7bir konuda, \u00f6\u011frenci sorup talep etmedik\u00e7e onun ad\u0131na karar vermeye de, ara\u015ft\u0131rmaya da kalkmamal\u0131lar. Yuvadan u\u00e7mak \u00fczere olan ku\u015fa hala kanatlar\u0131n\u0131 kuvvetlendirmesi i\u00e7in imkan tan\u0131mazsan\u0131z, u\u00e7amaz\u201d diye konu\u015ftu.<\/p>\n<p>\u2018Kariyerine \u0130lk Ad\u0131m\u2019  bursu ve sekt\u00f6rel i\u015fbirli\u011fi<\/p>\n<p>Son olarak da Arel \u00dcniversitesi olarak bu sene \u00f6\u011frencileri bekleyen yeni projelerden ve burstan bahseden \u00d6zeren, \u201cHem \u00f6n lisans hem de lisans programlar\u0131m\u0131zda \u00dcniversite olarak bu y\u0131l \u00f6\u011frencilerimize  \u2018Kariyerine \u0130lk Ad\u0131m\u2019  ad\u0131 alt\u0131nda bir burs veriyoruz. \u00d6\u011frencilerin kendilerini ke\u015ffedip kendilerine uygun b\u00f6l\u00fcm\u00fc se\u00e7meleri durumunda burslu okuduklar\u0131 dolay\u0131s\u0131yla kariyerlerine ve geleceklerine yat\u0131r\u0131m yapt\u0131klar\u0131 bir burs sistemi var. Bu t\u00fcm programlarda uyguluyoruz. Di\u011fer bir yeni ad\u0131m\u0131m\u0131 da ArelPro markas\u0131yla 100\u2019e yak\u0131n \u015firketle sekt\u00f6r i\u015f birli\u011fi yapt\u0131k ve sekt\u00f6rel derslerle \u015firketlerin \u00f6\u011frencileri yeti\u015ftirdi\u011fi bir e\u011fitim program\u0131na gidiyoruz. B\u00fct\u00fcn bunlar\u0131n yan\u0131nda i\u015f d\u00fcnyas\u0131 haz\u0131rl\u0131k program\u0131 yap\u0131yoruz. \u0130\u015f d\u00fcnyas\u0131n\u0131n beklentileri i\u00e7in kul\u00fcp, sivil toplum \u00f6rg\u00fctleri, yurt d\u0131\u015f\u0131, staj vb. konularda \u00f6\u011frencileri te\u015fvik etti\u011fimiz bir program\u0131m\u0131z var. Gelecek y\u0131ldan itibaren \u00f6\u011frenciler b\u00f6yle bir e\u011fitim program\u0131na tabi tutulacaklar\u201d diyerek s\u00f6zlerini sonland\u0131rd\u0131.<\/p>\n","protected":false},"excerpt":{"rendered":"<p>18 TEMMUZ\u2019DA SINAV SONU\u00c7LARININ A\u00c7IKLANACA\u011eINI DUYURAN \u00d6L\u00c7ME, SE\u00c7ME VE YERLE\u015eT\u0130RME MERKEZ\u0130 (\u00d6SYM) BA\u015eKANI PROF. DR. HAL\u0130S AYG\u00dcN AYNI ZAMANDA TERC\u0130HLER\u0130N DE 23-29 TEMMUZ 2019 TAR\u0130HLER\u0130 ARASINDA YAPILACA\u011eINI B\u0130LD\u0130RD\u0130.<\/p>\n","protected":false},"author":1,"featured_media":179355,"comment_status":"closed","ping_status":"open","sticky":false,"template":"","format":"standard","meta":{"jetpack_post_was_ever_published":false,"_jetpack_newsletter_access":"","_jetpack_dont_email_post_to_subs":false,"_jetpack_newsletter_tier_id":0,"_jetpack_memberships_contains_paywalled_content":false,"_jetpack_memberships_contains_paid_content":false,"footnotes":"","jetpack_publicize_message":"","jetpack_publicize_feature_enabled":true,"jetpack_social_post_already_shared":true,"jetpack_social_options":{"image_generator_settings":{"template":"highway","default_image_id":0,"font":"","enabled":false},"version":2}},"categories":[1],"tags":[2337,4020,2110,44049,7006,19088],"class_list":["post-179354","post","type-post","status-publish","format-standard","has-post-thumbnail","hentry","category-genel","tag-gelecegin","tag-gore","tag-karar","tag-mesleklerine","tag-simdiden","tag-vermeyin"],"jetpack_publicize_connections":[],"jetpack_featured_media_url":"https:\/\/i0.wp.com\/www.tvturk.com\/wp-content\/uploads\/2019\/07\/simdiden-gelecegin-mesleklerine-gore-karar-vermeyin_2a2b272.jpg?fit=1000%2C666","jetpack_sharing_enabled":true,"jetpack_shortlink":"https:\/\/wp.me\/paKIfm-KEO","_links":{"self":[{"href":"http:\/\/www.tvturk.com\/index.php\/wp-json\/wp\/v2\/posts\/179354","targetHints":{"allow":["GET"]}}],"collection":[{"href":"http:\/\/www.tvturk.com\/index.php\/wp-json\/wp\/v2\/posts"}],"about":[{"href":"http:\/\/www.tvturk.com\/index.php\/wp-json\/wp\/v2\/types\/post"}],"author":[{"embeddable":true,"href":"http:\/\/www.tvturk.com\/index.php\/wp-json\/wp\/v2\/users\/1"}],"replies":[{"embeddable":true,"href":"http:\/\/www.tvturk.com\/index.php\/wp-json\/wp\/v2\/comments?post=179354"}],"version-history":[{"count":0,"href":"http:\/\/www.tvturk.com\/index.php\/wp-json\/wp\/v2\/posts\/179354\/revisions"}],"wp:featuredmedia":[{"embeddable":true,"href":"http:\/\/www.tvturk.com\/index.php\/wp-json\/wp\/v2\/media\/179355"}],"wp:attachment":[{"href":"http:\/\/www.tvturk.com\/index.php\/wp-json\/wp\/v2\/media?parent=179354"}],"wp:term":[{"taxonomy":"category","embeddable":true,"href":"http:\/\/www.tvturk.com\/index.php\/wp-json\/wp\/v2\/categories?post=179354"},{"taxonomy":"post_tag","embeddable":true,"href":"http:\/\/www.tvturk.com\/index.php\/wp-json\/wp\/v2\/tags?post=179354"}],"curies":[{"name":"wp","href":"https:\/\/api.w.org\/{rel}","templated":true}]}}