{"id":179362,"date":"2019-07-08T13:32:24","date_gmt":"2019-07-08T10:32:24","guid":{"rendered":"http:\/\/www.tvturk.com\/index.php\/fenerbahce-hazirliklarini-surdurdu\/"},"modified":"2019-07-08T13:32:24","modified_gmt":"2019-07-08T10:32:24","slug":"fenerbahce-hazirliklarini-surdurdu","status":"publish","type":"post","link":"http:\/\/www.tvturk.com\/index.php\/fenerbahce-hazirliklarini-surdurdu\/","title":{"rendered":"Fenerbah\u00e7e haz\u0131rl\u0131klar\u0131n\u0131 s\u00fcrd\u00fcrd\u00fc"},"content":{"rendered":"<p>Fenerbah\u00e7e, yeni sezon haz\u0131rl\u0131klar\u0131n\u0131 D\u00fczce\u2019nin Kayna\u015fl\u0131 il\u00e7esinde bulunan Topuk Yaylas\u0131 Tesisleri\u2019nde sabah saatlerinde yapt\u0131\u011f\u0131 antrenmanla s\u00fcrd\u00fcrd\u00fc.<\/p>\n<p>Teknik Direkt\u00f6r Ersun Yanal y\u00f6netiminde saat 10.30\u2019da ba\u015flayan antrenman salonda ger\u00e7ekle\u015ftirilen kuvvet, denge ve sakatl\u0131k \u00f6nleyici \u00e7al\u0131\u015fmalarla sona erdi. Ayn\u0131 zamanda Fenerbah\u00e7e U19 Tak\u0131m\u0131 da \u00e7al\u0131\u015fmas\u0131n\u0131 koordineli olarak ger\u00e7ekle\u015ftirdi.<\/p>\n<p>Sar\u0131-lacivertliler, haz\u0131rl\u0131klar\u0131na ak\u015fam saatlerinde yapaca\u011f\u0131 g\u00fcn\u00fcn ikinci antrenman\u0131yla devam edecek.<\/p>\n","protected":false},"excerpt":{"rendered":"<p>FENERBAH\u00c7E, YEN\u0130 SEZON HAZIRLIKLARINI D\u00dcZCE\u2019N\u0130N KAYNA\u015eLI \u0130L\u00c7ES\u0130NDE BULUNAN TOPUK YAYLASI TES\u0130SLER\u0130&#8217;NDE SABAH SAATLER\u0130NDE YAPTI\u011eI ANTRENMANLA S\u00dcRD\u00dcRD\u00dc.<\/p>\n","protected":false},"author":1,"featured_media":179363,"comment_status":"closed","ping_status":"open","sticky":false,"template":"","format":"standard","meta":{"jetpack_post_was_ever_published":false,"_jetpack_newsletter_access":"","_jetpack_dont_email_post_to_subs":false,"_jetpack_newsletter_tier_id":0,"_jetpack_memberships_contains_paywalled_content":false,"_jetpack_memberships_contains_paid_content":false,"footnotes":"","jetpack_publicize_message":"","jetpack_publicize_feature_enabled":true,"jetpack_social_post_already_shared":true,"jetpack_social_options":{"image_generator_settings":{"template":"highway","default_image_id":0,"font":"","enabled":false},"version":2}},"categories":[657],"tags":[2626,2628,2629],"class_list":["post-179362","post","type-post","status-publish","format-standard","has-post-thumbnail","hentry","category-spor","tag-fenerbahce","tag-hazirliklarini","tag-surdurdu"],"jetpack_publicize_connections":[],"jetpack_featured_media_url":"https:\/\/i0.wp.com\/www.tvturk.com\/wp-content\/uploads\/2019\/07\/fenerbahce-hazirliklarini-surdurdu_8fe6ef3.jpg?fit=1000%2C577","jetpack_sharing_enabled":true,"jetpack_shortlink":"https:\/\/wp.me\/paKIfm-KEW","_links":{"self":[{"href":"http:\/\/www.tvturk.com\/index.php\/wp-json\/wp\/v2\/posts\/179362","targetHints":{"allow":["GET"]}}],"collection":[{"href":"http:\/\/www.tvturk.com\/index.php\/wp-json\/wp\/v2\/posts"}],"about":[{"href":"http:\/\/www.tvturk.com\/index.php\/wp-json\/wp\/v2\/types\/post"}],"author":[{"embeddable":true,"href":"http:\/\/www.tvturk.com\/index.php\/wp-json\/wp\/v2\/users\/1"}],"replies":[{"embeddable":true,"href":"http:\/\/www.tvturk.com\/index.php\/wp-json\/wp\/v2\/comments?post=179362"}],"version-history":[{"count":0,"href":"http:\/\/www.tvturk.com\/index.php\/wp-json\/wp\/v2\/posts\/179362\/revisions"}],"wp:featuredmedia":[{"embeddable":true,"href":"http:\/\/www.tvturk.com\/index.php\/wp-json\/wp\/v2\/media\/179363"}],"wp:attachment":[{"href":"http:\/\/www.tvturk.com\/index.php\/wp-json\/wp\/v2\/media?parent=179362"}],"wp:term":[{"taxonomy":"category","embeddable":true,"href":"http:\/\/www.tvturk.com\/index.php\/wp-json\/wp\/v2\/categories?post=179362"},{"taxonomy":"post_tag","embeddable":true,"href":"http:\/\/www.tvturk.com\/index.php\/wp-json\/wp\/v2\/tags?post=179362"}],"curies":[{"name":"wp","href":"https:\/\/api.w.org\/{rel}","templated":true}]}}