{"id":179370,"date":"2019-07-08T14:01:44","date_gmt":"2019-07-08T11:01:44","guid":{"rendered":"http:\/\/www.tvturk.com\/index.php\/ozel-afetlerden-korunabilmek-icin-erken-uyari-mobil-uygulamasi\/"},"modified":"2019-07-08T14:01:44","modified_gmt":"2019-07-08T11:01:44","slug":"ozel-afetlerden-korunabilmek-icin-erken-uyari-mobil-uygulamasi","status":"publish","type":"post","link":"http:\/\/www.tvturk.com\/index.php\/ozel-afetlerden-korunabilmek-icin-erken-uyari-mobil-uygulamasi\/","title":{"rendered":"(\u00d6zel) Afetlerden korunabilmek i\u00e7in erken uyar\u0131 mobil uygulamas\u0131"},"content":{"rendered":"<p>Tar\u0131m ve Orman Bakanl\u0131\u011f\u0131 Meteoroloji Genel M\u00fcd\u00fcrl\u00fc\u011f\u00fc Meteoroloji 10. B\u00f6lge M\u00fcd\u00fcrl\u00fc\u011f\u00fc Teknik \u015eube M\u00fcd\u00fcr\u00fc Ali Kesimo\u011flu, son teknoloji 20 adet radar ile T\u00fcrkiye\u2019nin atmosferini s\u00fcrekli izlediklerini belirterek, vatanda\u015flar\u0131n afetlerden korunabilmesi i\u00e7in erken uyar\u0131 mobil uygulamas\u0131n\u0131 indirmeleri gerekti\u011fini s\u00f6yledi.<\/p>\n<p>\u00d6zellikle Karadeniz B\u00f6lgesi ile T\u00fcrkiye\u2019nin bir\u00e7ok ilinde sa\u011fanak ya\u011f\u0131\u015flar etkili olmaya devam ediyor. Bu sa\u011fanak ya\u011f\u0131\u015fla birlikte zaman zaman sel bask\u0131nlar\u0131, y\u0131ld\u0131r\u0131m d\u00fc\u015fmesi, \u015fim\u015fek \u00e7akmas\u0131, dolu ya\u011f\u0131\u015f\u0131, \u015fiddetli f\u0131rt\u0131na ve hortum olaylar\u0131 da g\u00f6zlemleniyor. Baz\u0131 illerde \u015fiddetli ya\u011f\u0131\u015flarla birlikte ya\u015fanan sel bask\u0131nlar\u0131 ve dolu ya\u011f\u0131\u015f\u0131 sonras\u0131nda can kay\u0131plar\u0131 da meydana gelmeye ba\u015flad\u0131. Meteoroloji 10. B\u00f6lge M\u00fcd\u00fcrl\u00fc\u011f\u00fc, vatanda\u015flar\u0131n afetlerden korunabilmesi i\u00e7in yapmas\u0131 gerekenleri tek tek anlatt\u0131.<\/p>\n<p>S\u0131k s\u0131k afetlerin ya\u015fanmaya ba\u015fland\u0131\u011f\u0131 T\u00fcrkiye\u2019de, vatanda\u015flar\u0131n afetlerden korunabilmesi i\u00e7in yapmas\u0131 gerekenleri anlatan Tar\u0131m ve Orman Bakanl\u0131\u011f\u0131 Meteoroloji Genel M\u00fcd\u00fcrl\u00fc\u011f\u00fc Meteoroloji 10. B\u00f6lge M\u00fcd\u00fcrl\u00fc\u011f\u00fc Teknik \u015eube M\u00fcd\u00fcr\u00fc Ali Kesimo\u011flu, \u201cMeteorolojik karakterli do\u011fal afetleri di\u011fer do\u011fal afetlerden ay\u0131ran en \u00f6nemli \u00f6zellik, bunlar\u0131n yap\u0131lacak izleme veya \u00f6l\u00e7\u00fcmlerle \u00f6nceden tespit edilerek erken uyar\u0131larla zararlar\u0131n\u0131n en aza indirilebilmesidir. Zaman\u0131nda, do\u011fru, g\u00fcvenilir tahmin ve erken uyar\u0131lar\u0131n\u0131n risk alt\u0131ndaki b\u00f6lgelere ula\u015ft\u0131r\u0131lmas\u0131 can ve mal kay\u0131plar\u0131n\u0131n \u00f6nlenmesi ve en aza indirilmesi bak\u0131m\u0131ndan olduk\u00e7a b\u00fcy\u00fck \u00f6neme sahiptir. Meteoroloji Genel M\u00fcd\u00fcrl\u00fc\u011f\u00fc bilimsel ve teknolojik geli\u015fmeleri yak\u0131ndan takip ederek hava ve iklimi anlamak, tahminler haz\u0131rlamak gayesi ile son y\u0131llarda \u00f6nemli teknolojik yat\u0131r\u0131mlar yapm\u0131\u015ft\u0131r. Erken uyar\u0131lar konusunda son teknoloji diyebilece\u011fimiz 20 adet radar\u0131m\u0131z ile beraber uydu teknolojisiyle T\u00fcrkiye\u2019nin atmosferini s\u00fcrekli izliyoruz\u201d dedi.<\/p>\n<p>\u201cBin 866 adet G\u00f6zlem Sistemi ile t\u00fcm T\u00fcrkiye\u2019de g\u00f6zlemler yap\u0131yoruz\u201d<\/p>\n<p>Toplamda bin 866 adet G\u00f6zlem Sistemi ile t\u00fcm T\u00fcrkiye\u2019de g\u00f6zlemler yapt\u0131klar\u0131n\u0131 belirten Kesimo\u011flu, \u201cBu imk\u00e2nlar ile ula\u015f\u0131mdan tar\u0131ma, g\u00fcnl\u00fck hayat planlamalar\u0131na kadar \u00fclkemizdeki t\u00fcm sekt\u00f6rler i\u00e7in bilgi \u00fcretiyoruz ve bu istikamette hizmet vermeye devam edece\u011fiz. Halk\u0131m\u0131z\u0131n, Meteoroloji Genel M\u00fcd\u00fcrl\u00fc\u011f\u00fcm\u00fcz\u00fcn yay\u0131nlad\u0131\u011f\u0131 erken uyar\u0131lar\u0131 mobil uygulamam\u0131z, web sayfam\u0131z ve meteorolojinin sesi radyosundan takip etmesini, haberdar olup haz\u0131rl\u0131ks\u0131z yakalanmamas\u0131n\u0131 istiyoruz\u201d diye konu\u015ftu.<\/p>\n<p>\u201cKastamonu\u2019da son 5 senenin s\u0131cakl\u0131k ortalamas\u0131 mevsim normalleri civar\u0131nda\u201d<\/p>\n<p>Kastamonu\u2019da ormanl\u0131k alanda yap\u0131lan a\u011fa\u00e7 kesimlerinde seyretme \u00e7al\u0131\u015fmalar\u0131n\u0131n ya\u011f\u0131\u015f \u015fekillerini etkileyip etkilemedi\u011fini de\u011ferlendiren Tar\u0131m ve Orman Bakanl\u0131\u011f\u0131 Meteoroloji Genel M\u00fcd\u00fcrl\u00fc\u011f\u00fc Meteoroloji 10. B\u00f6lge M\u00fcd\u00fcrl\u00fc\u011f\u00fc Teknik \u015eube M\u00fcd\u00fcr\u00fc Ali Kesimo\u011flu, \u015f\u00f6yle konu\u015ftu: \u201cKastamonu \u00f6zelinde son 5 senenin s\u0131cakl\u0131k ortalamas\u0131 mevsim normalleri civar\u0131nda ger\u00e7ekle\u015fmi\u015ftir. Ya\u011f\u0131\u015f ortalamalar\u0131na bakt\u0131\u011f\u0131m\u0131zda 2017 y\u0131l\u0131nda normalinden y\u00fczde 6 kadar az ya\u011f\u0131\u015f alm\u0131\u015f di\u011fer senelerde ya\u011f\u0131\u015f normallerinin \u00e7ok \u00fczerinde ger\u00e7ekle\u015fmi\u015ftir. Orman \u00f6rt\u00fcs\u00fcn\u00fcn siklonik (sistemsel) ya\u011f\u0131\u015flar \u00fczerinde kayda de\u011fer bir etkisi yoktur. Orman\u0131n, orografik etkisi nedeniyle bulundu\u011fu yerdeki ya\u011f\u0131\u015f\u0131 \u0131l\u0131man iklimlerde y\u00fczde 3 kadar, baz\u0131 nemli ko\u015fullarda y\u00fczde 10\u2019a kadar art\u0131rabilece\u011fi. Bitkiler fotosentez yolu ile havadan karbondioksiti al\u0131r; havaya oksijen verir. Ormanlar\u0131n artmas\u0131 atmosferdeki karbon dengesini d\u00fczenlemekte, k\u00fcresel \u0131s\u0131nman\u0131n yava\u015flat\u0131lmas\u0131na olanak sa\u011flamaktad\u0131r. 40 ki\u015finin bir saatte havaya verdi\u011fi karbondioksiti yeti\u015fkin bir \u00e7am a\u011fac\u0131 1 saatte oksijene d\u00f6n\u00fc\u015ft\u00fcr\u00fcr\u201d<\/p>\n","protected":false},"excerpt":{"rendered":"<p>AL\u0130 KES\u0130MO\u011eLU, VATANDA\u015eLARIN AFETLERDEN KORUNAB\u0130LMES\u0130 \u0130\u00c7\u0130N ERKEN UYARI MOB\u0130L UYGULAMASINI \u0130ND\u0130RMELER\u0130 GEREKT\u0130\u011e\u0130N\u0130 S\u00d6YLED\u0130.<\/p>\n","protected":false},"author":1,"featured_media":179371,"comment_status":"closed","ping_status":"open","sticky":false,"template":"","format":"standard","meta":{"jetpack_post_was_ever_published":false,"_jetpack_newsletter_access":"","_jetpack_dont_email_post_to_subs":false,"_jetpack_newsletter_tier_id":0,"_jetpack_memberships_contains_paywalled_content":false,"_jetpack_memberships_contains_paid_content":false,"footnotes":"","jetpack_publicize_message":"","jetpack_publicize_feature_enabled":true,"jetpack_social_post_already_shared":true,"jetpack_social_options":{"image_generator_settings":{"template":"highway","default_image_id":0,"font":"","enabled":false},"version":2}},"categories":[1],"tags":[1073,42994,4955,44,44052,2183,4084,861],"class_list":["post-179370","post","type-post","status-publish","format-standard","has-post-thumbnail","hentry","category-genel","tag-ozel","tag-afetlerden","tag-erken","tag-icin","tag-korunabilmek","tag-mobil","tag-uyari","tag-uygulamasi"],"jetpack_publicize_connections":[],"jetpack_featured_media_url":"https:\/\/i0.wp.com\/www.tvturk.com\/wp-content\/uploads\/2019\/07\/ozel-afetlerden-korunabilmek-icin-erken-uyari-mobil-uygulamasi_bd43d9c.jpg?fit=1000%2C750","jetpack_sharing_enabled":true,"jetpack_shortlink":"https:\/\/wp.me\/paKIfm-KF4","_links":{"self":[{"href":"http:\/\/www.tvturk.com\/index.php\/wp-json\/wp\/v2\/posts\/179370","targetHints":{"allow":["GET"]}}],"collection":[{"href":"http:\/\/www.tvturk.com\/index.php\/wp-json\/wp\/v2\/posts"}],"about":[{"href":"http:\/\/www.tvturk.com\/index.php\/wp-json\/wp\/v2\/types\/post"}],"author":[{"embeddable":true,"href":"http:\/\/www.tvturk.com\/index.php\/wp-json\/wp\/v2\/users\/1"}],"replies":[{"embeddable":true,"href":"http:\/\/www.tvturk.com\/index.php\/wp-json\/wp\/v2\/comments?post=179370"}],"version-history":[{"count":0,"href":"http:\/\/www.tvturk.com\/index.php\/wp-json\/wp\/v2\/posts\/179370\/revisions"}],"wp:featuredmedia":[{"embeddable":true,"href":"http:\/\/www.tvturk.com\/index.php\/wp-json\/wp\/v2\/media\/179371"}],"wp:attachment":[{"href":"http:\/\/www.tvturk.com\/index.php\/wp-json\/wp\/v2\/media?parent=179370"}],"wp:term":[{"taxonomy":"category","embeddable":true,"href":"http:\/\/www.tvturk.com\/index.php\/wp-json\/wp\/v2\/categories?post=179370"},{"taxonomy":"post_tag","embeddable":true,"href":"http:\/\/www.tvturk.com\/index.php\/wp-json\/wp\/v2\/tags?post=179370"}],"curies":[{"name":"wp","href":"https:\/\/api.w.org\/{rel}","templated":true}]}}