{"id":179376,"date":"2019-07-08T14:16:27","date_gmt":"2019-07-08T11:16:27","guid":{"rendered":"http:\/\/www.tvturk.com\/index.php\/bursada-elektrikler-gitti-hayat-durdu\/"},"modified":"2019-07-08T14:16:27","modified_gmt":"2019-07-08T11:16:27","slug":"bursada-elektrikler-gitti-hayat-durdu","status":"publish","type":"post","link":"http:\/\/www.tvturk.com\/index.php\/bursada-elektrikler-gitti-hayat-durdu\/","title":{"rendered":"Bursa\u2019da elektrikler gitti, hayat durdu"},"content":{"rendered":"<p>Bursa\u2019da ana trafoda \u00e7\u0131kan ar\u0131za sonucu elektrikler \u015fehir genelinde kesildi. Metro seferleri durdu, hayat durma noktas\u0131na geldi.<\/p>\n<p>T\u00fcrkiye Elektrik \u0130leti\u015fim A.\u015e.\u2019nin (TE\u0130A\u015e) Ovaak\u00e7a Mahallesi\u2019ndeki ana trafosu ar\u0131zaland\u0131. Trafonun ar\u0131zalanmas\u0131 sonucu Bursa genelinde elektrikler kesildi. Metro seferleri yap\u0131lamazken, ula\u015f\u0131m i\u00e7in ek otob\u00fcs seferleri ba\u015flat\u0131ld\u0131.<\/p>\n<p>Bursa B\u00fcy\u00fck\u015fehir Belediyesinden a\u00e7\u0131klama<\/p>\n<p>Bursa B\u00fcy\u00fck\u015fehir Belediyesinden yap\u0131lan a\u00e7\u0131klamada, &#8220;T\u00fcrkiye Elektrik \u0130letim A.\u015e.\u2019ye (TE\u0130A\u015e) ait, Bursa\u2019y\u0131 besleyen ana trafo merkezlerinden birinde meydana gelen ar\u0131za dolay\u0131s\u0131yla Bursaray\u2019da seferler durdu. Kesinti s\u0131ras\u0131nda seyir halinde olan vagonlardaki yolcular sorunsuz bir \u015fekilde tahliye edilirken, vatanda\u015flar\u0131n ula\u015f\u0131mda bir sorun ya\u015famamas\u0131 nedeniyle Bursaray g\u00fczergah\u0131nda ula\u015f\u0131m otob\u00fcslerle sa\u011flan\u0131yor&#8221; denildi.<\/p>\n<p>Burula\u015f\u2019tan da a\u00e7\u0131klama geldi:<\/p>\n<p>&#8220;Ger\u00e7ekle\u015fen elektrik kesintisi sebebiyle BursaRay seferlerimiz ge\u00e7ici s\u00fcreli\u011fine hizmet verememektedir. Ya\u015fanan aksakl\u0131k sebebiyle \u00f6z\u00fcr diler, anlay\u0131\u015f\u0131n\u0131z i\u00e7in te\u015fekk\u00fcr ederiz.&#8221;<\/p>\n","protected":false},"excerpt":{"rendered":"<p>BURSA\u2019DA ANA TRAFODA \u00c7IKAN ARIZA SONUCU ELEKTR\u0130KLER \u015eEH\u0130R GENEL\u0130NDE KES\u0130LD\u0130. METRO SEFERLER\u0130 DURDU. HAYAT DURMA NOKTASINA GELD\u0130.<\/p>\n","protected":false},"author":1,"featured_media":179377,"comment_status":"closed","ping_status":"open","sticky":false,"template":"","format":"standard","meta":{"jetpack_post_was_ever_published":false,"_jetpack_newsletter_access":"","_jetpack_dont_email_post_to_subs":false,"_jetpack_newsletter_tier_id":0,"_jetpack_memberships_contains_paywalled_content":false,"_jetpack_memberships_contains_paid_content":false,"footnotes":"","jetpack_publicize_message":"","jetpack_publicize_feature_enabled":true,"jetpack_social_post_already_shared":true,"jetpack_social_options":{"image_generator_settings":{"template":"highway","default_image_id":0,"font":"","enabled":false},"version":2}},"categories":[1],"tags":[1032,11346,18953,1601,606],"class_list":["post-179376","post","type-post","status-publish","format-standard","has-post-thumbnail","hentry","category-genel","tag-bursada","tag-durdu","tag-elektrikler","tag-gitti","tag-hayat"],"jetpack_publicize_connections":[],"jetpack_featured_media_url":"https:\/\/i0.wp.com\/www.tvturk.com\/wp-content\/uploads\/2019\/07\/bursada-elektrikler-gitti-hayat-durdu_b9cb830.jpg?fit=1000%2C562","jetpack_sharing_enabled":true,"jetpack_shortlink":"https:\/\/wp.me\/paKIfm-KFa","_links":{"self":[{"href":"http:\/\/www.tvturk.com\/index.php\/wp-json\/wp\/v2\/posts\/179376","targetHints":{"allow":["GET"]}}],"collection":[{"href":"http:\/\/www.tvturk.com\/index.php\/wp-json\/wp\/v2\/posts"}],"about":[{"href":"http:\/\/www.tvturk.com\/index.php\/wp-json\/wp\/v2\/types\/post"}],"author":[{"embeddable":true,"href":"http:\/\/www.tvturk.com\/index.php\/wp-json\/wp\/v2\/users\/1"}],"replies":[{"embeddable":true,"href":"http:\/\/www.tvturk.com\/index.php\/wp-json\/wp\/v2\/comments?post=179376"}],"version-history":[{"count":0,"href":"http:\/\/www.tvturk.com\/index.php\/wp-json\/wp\/v2\/posts\/179376\/revisions"}],"wp:featuredmedia":[{"embeddable":true,"href":"http:\/\/www.tvturk.com\/index.php\/wp-json\/wp\/v2\/media\/179377"}],"wp:attachment":[{"href":"http:\/\/www.tvturk.com\/index.php\/wp-json\/wp\/v2\/media?parent=179376"}],"wp:term":[{"taxonomy":"category","embeddable":true,"href":"http:\/\/www.tvturk.com\/index.php\/wp-json\/wp\/v2\/categories?post=179376"},{"taxonomy":"post_tag","embeddable":true,"href":"http:\/\/www.tvturk.com\/index.php\/wp-json\/wp\/v2\/tags?post=179376"}],"curies":[{"name":"wp","href":"https:\/\/api.w.org\/{rel}","templated":true}]}}