{"id":179404,"date":"2019-07-08T15:02:34","date_gmt":"2019-07-08T12:02:34","guid":{"rendered":"http:\/\/www.tvturk.com\/index.php\/anadolu-efes-alec-petersi-transfer-etti\/"},"modified":"2019-07-08T15:02:34","modified_gmt":"2019-07-08T12:02:34","slug":"anadolu-efes-alec-petersi-transfer-etti","status":"publish","type":"post","link":"http:\/\/www.tvturk.com\/index.php\/anadolu-efes-alec-petersi-transfer-etti\/","title":{"rendered":"Anadolu Efes, Alec Peters\u2019i transfer etti"},"content":{"rendered":"<p>Anadolu Efes, geride kalan sezonda CSKA Moskova ile THY Euroleague \u015fampiyonlu\u011fu ya\u015fayan ABD\u2019li basketbolcu Alec Peters ile 1 y\u0131ll\u0131k s\u00f6zle\u015fme imzalad\u0131.<\/p>\n<p>Ge\u00e7ti\u011fimiz sezon THY Eureleague\u2019de final oynama ba\u015far\u0131s\u0131 g\u00f6sterip, Tahincio\u011flu Basketbol S\u00fcper Ligi\u2019nde de \u015fampiyonlu\u011fa ula\u015fan Anadolu Efes, kadrosunu g\u00fc\u00e7lendirmeye devam ediyor. Efes, bu ba\u011flamda CSKA Moskova ile yollar\u0131n\u0131 ay\u0131ran Alec Peters\u2019i 1 y\u0131ll\u0131\u011f\u0131na kadrosuna katt\u0131.<\/p>\n<p>24 ya\u015f\u0131ndaki basketbolcu, 2018-2019 sezonunda THY Euroleague\u2019de 5.3 say\u0131, 2.3 ribaund ortalamas\u0131yla m\u00fccadele etti.<\/p>\n","protected":false},"excerpt":{"rendered":"<p>ANADOLU EFES, GER\u0130DE KALAN SEZONDA CSKA MOSKOVA \u0130LE THY EUROLEAGUE \u015eAMP\u0130YONLU\u011eU YA\u015eAYAN ABD&#8217;L\u0130 BASKETBOLCU ALEC PETERS \u0130LE 1 YILLIK S\u00d6ZLE\u015eME \u0130MZALADI.<\/p>\n","protected":false},"author":1,"featured_media":179405,"comment_status":"closed","ping_status":"open","sticky":false,"template":"","format":"standard","meta":{"jetpack_post_was_ever_published":false,"_jetpack_newsletter_access":"","_jetpack_dont_email_post_to_subs":false,"_jetpack_newsletter_tier_id":0,"_jetpack_memberships_contains_paywalled_content":false,"_jetpack_memberships_contains_paid_content":false,"footnotes":"","jetpack_publicize_message":"","jetpack_publicize_feature_enabled":true,"jetpack_social_post_already_shared":true,"jetpack_social_options":{"image_generator_settings":{"template":"highway","default_image_id":0,"font":"","enabled":false},"version":2}},"categories":[657],"tags":[44061,1223,1224,207,44062,2518],"class_list":["post-179404","post","type-post","status-publish","format-standard","has-post-thumbnail","hentry","category-spor","tag-alec","tag-anadolu","tag-efes","tag-etti","tag-petersi","tag-transfer"],"jetpack_publicize_connections":[],"jetpack_featured_media_url":"https:\/\/i0.wp.com\/www.tvturk.com\/wp-content\/uploads\/2019\/07\/anadolu-efes-alec-petersi-transfer-etti_985ec49.jpg?fit=1000%2C1000","jetpack_sharing_enabled":true,"jetpack_shortlink":"https:\/\/wp.me\/paKIfm-KFC","_links":{"self":[{"href":"http:\/\/www.tvturk.com\/index.php\/wp-json\/wp\/v2\/posts\/179404","targetHints":{"allow":["GET"]}}],"collection":[{"href":"http:\/\/www.tvturk.com\/index.php\/wp-json\/wp\/v2\/posts"}],"about":[{"href":"http:\/\/www.tvturk.com\/index.php\/wp-json\/wp\/v2\/types\/post"}],"author":[{"embeddable":true,"href":"http:\/\/www.tvturk.com\/index.php\/wp-json\/wp\/v2\/users\/1"}],"replies":[{"embeddable":true,"href":"http:\/\/www.tvturk.com\/index.php\/wp-json\/wp\/v2\/comments?post=179404"}],"version-history":[{"count":0,"href":"http:\/\/www.tvturk.com\/index.php\/wp-json\/wp\/v2\/posts\/179404\/revisions"}],"wp:featuredmedia":[{"embeddable":true,"href":"http:\/\/www.tvturk.com\/index.php\/wp-json\/wp\/v2\/media\/179405"}],"wp:attachment":[{"href":"http:\/\/www.tvturk.com\/index.php\/wp-json\/wp\/v2\/media?parent=179404"}],"wp:term":[{"taxonomy":"category","embeddable":true,"href":"http:\/\/www.tvturk.com\/index.php\/wp-json\/wp\/v2\/categories?post=179404"},{"taxonomy":"post_tag","embeddable":true,"href":"http:\/\/www.tvturk.com\/index.php\/wp-json\/wp\/v2\/tags?post=179404"}],"curies":[{"name":"wp","href":"https:\/\/api.w.org\/{rel}","templated":true}]}}