{"id":179416,"date":"2019-07-08T15:17:23","date_gmt":"2019-07-08T12:17:23","guid":{"rendered":"http:\/\/www.tvturk.com\/index.php\/mustafa-yumlu-denizlisporda\/"},"modified":"2019-07-08T15:17:23","modified_gmt":"2019-07-08T12:17:23","slug":"mustafa-yumlu-denizlisporda","status":"publish","type":"post","link":"http:\/\/www.tvturk.com\/index.php\/mustafa-yumlu-denizlisporda\/","title":{"rendered":"Mustafa Yumlu, Denizlispor\u2019da"},"content":{"rendered":"<p>S\u00fcper Lig\u2019in yeni ekiplerinden Denizlispor, ge\u00e7ti\u011fimiz sezon Akhisar Belediyespor\u2019dan ayr\u0131lan Mustafa Yumlu ile 1 y\u0131ll\u0131k s\u00f6zle\u015fme imzalad\u0131.<\/p>\n<p>Transfer \u00e7al\u0131\u015fmalar\u0131n\u0131 s\u00fcrd\u00fcren S\u00fcper Lig\u2019in yeni ekibi Yukatel Denizlispor, ge\u00e7ti\u011fimiz sezon Akhisar Belediyespor\u2019da forma giyen ve s\u00f6zle\u015fmesi sona eren Mustafa Yumlu\u2019yu renklerine ba\u011flad\u0131. Ye\u015fil-siyahl\u0131 ekip 31 ya\u015f\u0131ndaki defans oyuncusu ile 1 y\u0131ll\u0131k s\u00f6zle\u015fme imzalad\u0131.<\/p>\n","protected":false},"excerpt":{"rendered":"<p>S\u00dcPER L\u0130G\u0130N YEN\u0130 EK\u0130PLER\u0130NDEN DEN\u0130ZL\u0130SPOR, GE\u00c7T\u0130\u011e\u0130M\u0130Z SEZON AKH\u0130SAR BELED\u0130YESPOR\u2019DA FORMA G\u0130YEN MUSTAFA YUMLU \u0130LE 1 YILLIK S\u00d6ZLE\u015eME \u0130MZALADI.<\/p>\n","protected":false},"author":1,"featured_media":179417,"comment_status":"closed","ping_status":"open","sticky":false,"template":"","format":"standard","meta":{"jetpack_post_was_ever_published":false,"_jetpack_newsletter_access":"","_jetpack_dont_email_post_to_subs":false,"_jetpack_newsletter_tier_id":0,"_jetpack_memberships_contains_paywalled_content":false,"_jetpack_memberships_contains_paid_content":false,"footnotes":"","jetpack_publicize_message":"","jetpack_publicize_feature_enabled":true,"jetpack_social_post_already_shared":true,"jetpack_social_options":{"image_generator_settings":{"template":"highway","default_image_id":0,"font":"","enabled":false},"version":2}},"categories":[657],"tags":[6421,159,44065],"class_list":["post-179416","post","type-post","status-publish","format-standard","has-post-thumbnail","hentry","category-spor","tag-denizlisporda","tag-mustafa","tag-yumlu"],"jetpack_publicize_connections":[],"jetpack_featured_media_url":"https:\/\/i0.wp.com\/www.tvturk.com\/wp-content\/uploads\/2019\/07\/mustafa-yumlu-denizlisporda_f19176d.jpg?fit=1000%2C562","jetpack_sharing_enabled":true,"jetpack_shortlink":"https:\/\/wp.me\/paKIfm-KFO","_links":{"self":[{"href":"http:\/\/www.tvturk.com\/index.php\/wp-json\/wp\/v2\/posts\/179416","targetHints":{"allow":["GET"]}}],"collection":[{"href":"http:\/\/www.tvturk.com\/index.php\/wp-json\/wp\/v2\/posts"}],"about":[{"href":"http:\/\/www.tvturk.com\/index.php\/wp-json\/wp\/v2\/types\/post"}],"author":[{"embeddable":true,"href":"http:\/\/www.tvturk.com\/index.php\/wp-json\/wp\/v2\/users\/1"}],"replies":[{"embeddable":true,"href":"http:\/\/www.tvturk.com\/index.php\/wp-json\/wp\/v2\/comments?post=179416"}],"version-history":[{"count":0,"href":"http:\/\/www.tvturk.com\/index.php\/wp-json\/wp\/v2\/posts\/179416\/revisions"}],"wp:featuredmedia":[{"embeddable":true,"href":"http:\/\/www.tvturk.com\/index.php\/wp-json\/wp\/v2\/media\/179417"}],"wp:attachment":[{"href":"http:\/\/www.tvturk.com\/index.php\/wp-json\/wp\/v2\/media?parent=179416"}],"wp:term":[{"taxonomy":"category","embeddable":true,"href":"http:\/\/www.tvturk.com\/index.php\/wp-json\/wp\/v2\/categories?post=179416"},{"taxonomy":"post_tag","embeddable":true,"href":"http:\/\/www.tvturk.com\/index.php\/wp-json\/wp\/v2\/tags?post=179416"}],"curies":[{"name":"wp","href":"https:\/\/api.w.org\/{rel}","templated":true}]}}