{"id":179420,"date":"2019-07-08T15:31:43","date_gmt":"2019-07-08T12:31:43","guid":{"rendered":"http:\/\/www.tvturk.com\/index.php\/kefe-yaylasi-muhtesem-dogasi-ile-misafirlerini-agirliyor\/"},"modified":"2019-07-08T15:31:43","modified_gmt":"2019-07-08T12:31:43","slug":"kefe-yaylasi-muhtesem-dogasi-ile-misafirlerini-agirliyor","status":"publish","type":"post","link":"http:\/\/www.tvturk.com\/index.php\/kefe-yaylasi-muhtesem-dogasi-ile-misafirlerini-agirliyor\/","title":{"rendered":"Kefe Yaylas\u0131 muhte\u015fem do\u011fas\u0131 ile misafirlerini a\u011f\u0131rl\u0131yor"},"content":{"rendered":"<p>Denizli B\u00fcy\u00fck\u015fehir Belediyesinin ge\u00e7en y\u0131l yenileyerek modern bir hale getirdi\u011fi Kefe Yaylas\u0131, muhte\u015fem do\u011fas\u0131 ve temiz havas\u0131yla mest ediyor. Vatanda\u015flar s\u0131cak havadan ve \u015fehir hayat\u0131n\u0131n stresinden kurtulmak i\u00e7in bin 350 metre rak\u0131mdaki Kefe Yaylas\u0131na ak\u0131n ediyor.<\/p>\n<p>Denizli B\u00fcy\u00fck\u015fehir Belediyesinin ge\u00e7en y\u0131l yenileyerek hizmete ald\u0131\u011f\u0131 Kefe Yaylas\u0131, bunalt\u0131c\u0131 s\u0131caklardan uzakla\u015fmak isteyenlerin mekan\u0131 oldu. Yayla turizminin b\u00f6lgede \u00f6nemli bir noktas\u0131 haline gelen bin 350 metre rak\u0131mdaki Kefe Yaylas\u0131 muhte\u015fem do\u011fas\u0131 ve temiz havas\u0131yla bunalt\u0131c\u0131 s\u0131cak havadan ve \u015fehir hayat\u0131n\u0131n stresinden kurtulmak i\u00e7in gelen vatanda\u015flar\u0131n u\u011frak noktas\u0131 haline geldi. Serinhisar \u0130l\u00e7esinin Yata\u011fan Mahallesi\u2019nde bulunan Kefe Yaylas\u0131\u2019nda 171 bin metrekarelik alan i\u00e7erisinde restoran, b\u00fcfe, manav, \u00e7ay bah\u00e7esi, spor alan\u0131, oyun alanlar\u0131, 24 saat s\u0131cak su, du\u015f, Y\u00f6r\u00fck \u00e7ad\u0131r\u0131 ve 300 \u00e7ad\u0131r kapasiteli kamp alan\u0131 bulunuyor. Kamp yapmak isteyen ya da g\u00fcn\u00fcbirlik vakit ge\u00e7irmek isteyen vatanda\u015flar\u0131n yo\u011fun ilgi g\u00f6sterdi\u011fi Kefe Yaylas\u0131 ayr\u0131ca temiz havas\u0131yla \u015fifa arayan misafirlerin de bulu\u015fma noktas\u0131 \u00f6zelli\u011fini ta\u015f\u0131yor.<\/p>\n<p>\u201cKefe Yaylas\u0131 binlerce misafiri a\u011f\u0131rl\u0131yor\u201d<\/p>\n<p>Denizli B\u00fcy\u00fck\u015fehir Belediye Ba\u015fkan\u0131 Osman Zolan, Kefe Yaylas\u0131\u2019n\u0131n sadece Denizlilileri de\u011fil, ba\u015fta \u00e7evre iller olmak \u00fczere pek \u00e7ok kentten misafir a\u011f\u0131rlad\u0131\u011f\u0131n\u0131 s\u00f6yledi. Ba\u015fkan Zolan, &#8220;Kefe Yaylam\u0131z\u0131 ge\u00e7ti\u011fimiz y\u0131l yenileyerek vatanda\u015flar\u0131m\u0131za yak\u0131\u015f\u0131r bir d\u00fczenleme yapt\u0131k. Misafirlerimizin ihtiya\u00e7lar\u0131 noktas\u0131nda eksiklikleri giderdik. \u00d6zellikle \u00e7evre illerden gelen konuklar\u0131m\u0131z var. Kamp yapmak, dinlenmek, sevdikleriyle rahat ve g\u00fcvenli bir \u015fekilde birlikte vakit ge\u00e7irmek isteyen vatanda\u015flar\u0131m\u0131z\u0131 en iyi \u015fartlarda a\u011f\u0131rlamaya devam edece\u011fiz&#8221; dedi.<\/p>\n<p>Yaylaya serinlemeye gelen vatanda\u015flar ise, Kefe Yaylas\u0131\u2019n\u0131n son y\u0131llarda modern bir hale geldi\u011fini ve s\u0131k s\u0131k buraya gelip vakit ge\u00e7irdiklerini s\u00f6yledi.<\/p>\n","protected":false},"excerpt":{"rendered":"<p>DEN\u0130ZL\u0130 B\u00dcY\u00dcK\u015eEH\u0130R BELED\u0130YES\u0130N\u0130N GE\u00c7EN YIL YEN\u0130LEYEREK MODERN B\u0130R HALE GET\u0130RD\u0130\u011e\u0130 KEFE YAYLASI, MUHTE\u015eEM DO\u011eASI VE TEM\u0130Z HAVASIYLA MEST ED\u0130YOR. VATANDA\u015eLAR SICAK HAVADAN VE \u015eEH\u0130R HAYATININ STRES\u0130NDEN KURTULMAK \u0130\u00c7\u0130N B\u0130N 350 METRE RAKIMDAK\u0130 KEFE YAYLASINA AKIN ED\u0130YOR.<\/p>\n","protected":false},"author":1,"featured_media":179421,"comment_status":"closed","ping_status":"open","sticky":false,"template":"","format":"standard","meta":{"jetpack_post_was_ever_published":false,"_jetpack_newsletter_access":"","_jetpack_dont_email_post_to_subs":false,"_jetpack_newsletter_tier_id":0,"_jetpack_memberships_contains_paywalled_content":false,"_jetpack_memberships_contains_paid_content":false,"footnotes":"","jetpack_publicize_message":"","jetpack_publicize_feature_enabled":true,"jetpack_social_post_already_shared":true,"jetpack_social_options":{"image_generator_settings":{"template":"highway","default_image_id":0,"font":"","enabled":false},"version":2}},"categories":[1],"tags":[2719,44068,192,44067,8493,10713,39934],"class_list":["post-179420","post","type-post","status-publish","format-standard","has-post-thumbnail","hentry","category-genel","tag-agirliyor","tag-dogasi","tag-ile","tag-kefe","tag-misafirlerini","tag-muhtesem","tag-yaylasi"],"jetpack_publicize_connections":[],"jetpack_featured_media_url":"https:\/\/i0.wp.com\/www.tvturk.com\/wp-content\/uploads\/2019\/07\/kefe-yaylasi-muhtesem-dogasi-ile-misafirlerini-agirliyor_d7c6e09.jpg?fit=1000%2C666","jetpack_sharing_enabled":true,"jetpack_shortlink":"https:\/\/wp.me\/paKIfm-KFS","_links":{"self":[{"href":"http:\/\/www.tvturk.com\/index.php\/wp-json\/wp\/v2\/posts\/179420","targetHints":{"allow":["GET"]}}],"collection":[{"href":"http:\/\/www.tvturk.com\/index.php\/wp-json\/wp\/v2\/posts"}],"about":[{"href":"http:\/\/www.tvturk.com\/index.php\/wp-json\/wp\/v2\/types\/post"}],"author":[{"embeddable":true,"href":"http:\/\/www.tvturk.com\/index.php\/wp-json\/wp\/v2\/users\/1"}],"replies":[{"embeddable":true,"href":"http:\/\/www.tvturk.com\/index.php\/wp-json\/wp\/v2\/comments?post=179420"}],"version-history":[{"count":0,"href":"http:\/\/www.tvturk.com\/index.php\/wp-json\/wp\/v2\/posts\/179420\/revisions"}],"wp:featuredmedia":[{"embeddable":true,"href":"http:\/\/www.tvturk.com\/index.php\/wp-json\/wp\/v2\/media\/179421"}],"wp:attachment":[{"href":"http:\/\/www.tvturk.com\/index.php\/wp-json\/wp\/v2\/media?parent=179420"}],"wp:term":[{"taxonomy":"category","embeddable":true,"href":"http:\/\/www.tvturk.com\/index.php\/wp-json\/wp\/v2\/categories?post=179420"},{"taxonomy":"post_tag","embeddable":true,"href":"http:\/\/www.tvturk.com\/index.php\/wp-json\/wp\/v2\/tags?post=179420"}],"curies":[{"name":"wp","href":"https:\/\/api.w.org\/{rel}","templated":true}]}}