{"id":179424,"date":"2019-07-08T15:32:09","date_gmt":"2019-07-08T12:32:09","guid":{"rendered":"http:\/\/www.tvturk.com\/index.php\/kayserisporlu-futbolcu-bodrum-sezonunu-cicislerle-acti\/"},"modified":"2019-07-08T15:32:09","modified_gmt":"2019-07-08T12:32:09","slug":"kayserisporlu-futbolcu-bodrum-sezonunu-cicislerle-acti","status":"publish","type":"post","link":"http:\/\/www.tvturk.com\/index.php\/kayserisporlu-futbolcu-bodrum-sezonunu-cicislerle-acti\/","title":{"rendered":"Kayserisporlu futbolcu Bodrum sezonunu \u2019Cici\u015fler\u2019le a\u00e7t\u0131"},"content":{"rendered":"<p>Kayserispor\u2019un sol beki Sak\u0131b Ayta\u00e7, tatil sezonunu Bodrum\u2019da a\u00e7t\u0131.<\/p>\n<p>Kayserispor\u2019un sol beki Sak\u0131b Ayta\u00e7, Bodrum Yal\u0131kavak\u2019ta g\u00fcnl\u00fck kiras\u0131 6 bin 500 euro olan gulet teknede g\u00f6r\u00fcnt\u00fclendi. \u2019Cici\u015fler\u2019 olarak bilinen Esra ve Ceyda Ersoy karde\u015flerin de bulundu\u011fu teknede Sak\u0131b Ayta\u00e7 g\u00f6nl\u00fcnce e\u011flenip tatil yapt\u0131. G\u00fcn boyu teknede e\u011flenen ve denize giren Ayta\u00e7, Esra ve Ceyda karde\u015flere jimnastik yapt\u0131rmay\u0131 da ihmal etmedi.<\/p>\n","protected":false},"excerpt":{"rendered":"<p>KAYSER\u0130SPOR\u2019UN SOL BEK\u0130 SAKIB AYTA\u00c7, TAT\u0130L SEZONUNU BODRUM\u2019DA A\u00c7TI.<\/p>\n","protected":false},"author":1,"featured_media":179425,"comment_status":"closed","ping_status":"open","sticky":false,"template":"","format":"standard","meta":{"jetpack_post_was_ever_published":false,"_jetpack_newsletter_access":"","_jetpack_dont_email_post_to_subs":false,"_jetpack_newsletter_tier_id":0,"_jetpack_memberships_contains_paywalled_content":false,"_jetpack_memberships_contains_paid_content":false,"footnotes":"","jetpack_publicize_message":"","jetpack_publicize_feature_enabled":true,"jetpack_social_post_already_shared":true,"jetpack_social_options":{"image_generator_settings":{"template":"highway","default_image_id":0,"font":"","enabled":false},"version":2}},"categories":[1],"tags":[44070,1494,708,4599,44069,23909],"class_list":["post-179424","post","type-post","status-publish","format-standard","has-post-thumbnail","hentry","category-genel","tag-cicislerle","tag-acti","tag-bodrum","tag-futbolcu","tag-kayserisporlu","tag-sezonunu"],"jetpack_publicize_connections":[],"jetpack_featured_media_url":"https:\/\/i0.wp.com\/www.tvturk.com\/wp-content\/uploads\/2019\/07\/kayserisporlu-futbolcu-bodrum-sezonunu-cicislerle-acti_093c0ee.jpg?fit=1000%2C666","jetpack_sharing_enabled":true,"jetpack_shortlink":"https:\/\/wp.me\/paKIfm-KFW","_links":{"self":[{"href":"http:\/\/www.tvturk.com\/index.php\/wp-json\/wp\/v2\/posts\/179424","targetHints":{"allow":["GET"]}}],"collection":[{"href":"http:\/\/www.tvturk.com\/index.php\/wp-json\/wp\/v2\/posts"}],"about":[{"href":"http:\/\/www.tvturk.com\/index.php\/wp-json\/wp\/v2\/types\/post"}],"author":[{"embeddable":true,"href":"http:\/\/www.tvturk.com\/index.php\/wp-json\/wp\/v2\/users\/1"}],"replies":[{"embeddable":true,"href":"http:\/\/www.tvturk.com\/index.php\/wp-json\/wp\/v2\/comments?post=179424"}],"version-history":[{"count":0,"href":"http:\/\/www.tvturk.com\/index.php\/wp-json\/wp\/v2\/posts\/179424\/revisions"}],"wp:featuredmedia":[{"embeddable":true,"href":"http:\/\/www.tvturk.com\/index.php\/wp-json\/wp\/v2\/media\/179425"}],"wp:attachment":[{"href":"http:\/\/www.tvturk.com\/index.php\/wp-json\/wp\/v2\/media?parent=179424"}],"wp:term":[{"taxonomy":"category","embeddable":true,"href":"http:\/\/www.tvturk.com\/index.php\/wp-json\/wp\/v2\/categories?post=179424"},{"taxonomy":"post_tag","embeddable":true,"href":"http:\/\/www.tvturk.com\/index.php\/wp-json\/wp\/v2\/tags?post=179424"}],"curies":[{"name":"wp","href":"https:\/\/api.w.org\/{rel}","templated":true}]}}