{"id":179426,"date":"2019-07-08T15:46:28","date_gmt":"2019-07-08T12:46:28","guid":{"rendered":"http:\/\/www.tvturk.com\/index.php\/orduda-anit-agaclara-ozel-bakim\/"},"modified":"2019-07-08T15:46:28","modified_gmt":"2019-07-08T12:46:28","slug":"orduda-anit-agaclara-ozel-bakim","status":"publish","type":"post","link":"http:\/\/www.tvturk.com\/index.php\/orduda-anit-agaclara-ozel-bakim\/","title":{"rendered":"Ordu\u2019da an\u0131t a\u011fa\u00e7lara \u00f6zel bak\u0131m"},"content":{"rendered":"<p>Ordu\u2019da 15\u2019i an\u0131t a\u011fa\u00e7 olmak \u00fczere toplam 41 a\u011fac\u0131n bak\u0131m ve rehabilitasyonu yap\u0131l\u0131yor.<\/p>\n<p>644 Say\u0131l\u0131 \u00c7evre ve \u015eehircilik Bakanl\u0131\u011f\u0131\u2019n\u0131n Te\u015fkilat ve G\u00f6revleri Hakk\u0131nda Kanun H\u00fckm\u00fcnde Kararname h\u00fck\u00fcmleri kapsam\u0131nda, Ordu ilinde bulunan an\u0131t a\u011fa\u00e7lar\u0131n ve tescilli a\u011fa\u00e7 topluluklar\u0131n\u0131n bak\u0131m\u0131, rehabilitasyonu, foto\u011fraflanmas\u0131, tan\u0131t\u0131c\u0131 tabela yapt\u0131r\u0131lmas\u0131 i\u015fi, ihale edildi. \u0130hale, Ordu ili s\u0131n\u0131rlar\u0131nda bulunan toplam 15 an\u0131t a\u011fa\u00e7 ve 2 adet a\u011fa\u00e7 toplulu\u011fundaki 26 a\u011fa\u00e7 bireyini kaps\u0131yor.<\/p>\n<p>An\u0131t a\u011fa\u00e7lar\u0131n bak\u0131m ve rehabilitasyonu \u00e7al\u0131\u015fmalar\u0131 hakk\u0131nda bilgi veren \u0130l \u00c7evre ve \u015eehircilik M\u00fcd\u00fcr\u00fc H\u00fcseyin \u00d6zt\u00fcrk, 2016 y\u0131l\u0131nda \u00c7evre ve \u015eehircilik Bakanl\u0131\u011f\u0131nca Ordu\u2019da an\u0131t a\u011fa\u00e7lar\u0131 da i\u00e7eren ve onlar i\u00e7in yap\u0131lmas\u0131 gerekenleri belirten bir rapor haz\u0131rlat\u0131ld\u0131\u011f\u0131n\u0131, bu rapor do\u011frultusunda 10 May\u0131s 2019 tarihinde \u00e7al\u0131\u015fmaya ba\u015fland\u0131\u011f\u0131n\u0131 kaydetti.<\/p>\n<p>\u00d6zt\u00fcrk, \u201cAn\u0131t a\u011fa\u00e7 bak\u0131m i\u015flerine aciliyet g\u00f6steren ve \u00f6nem arz eden Alt\u0131nordu, Fatsa, \u00dcnye, Per\u015fembe il\u00e7elerinden ba\u015flanm\u0131\u015f olup i\u015fin y\u00fczde 90\u2019\u0131 tamamlanm\u0131\u015f durumdad\u0131r\u201d dedi.<\/p>\n","protected":false},"excerpt":{"rendered":"<p>ORDU\u2019DA 15\u2019\u0130 ANIT A\u011eA\u00c7 OLMAK \u00dcZERE TOPLAM 41 A\u011eACIN BAKIM VE REHAB\u0130L\u0130TASYONU YAPILIYOR.<\/p>\n","protected":false},"author":1,"featured_media":179427,"comment_status":"closed","ping_status":"open","sticky":false,"template":"","format":"standard","meta":{"jetpack_post_was_ever_published":false,"_jetpack_newsletter_access":"","_jetpack_dont_email_post_to_subs":false,"_jetpack_newsletter_tier_id":0,"_jetpack_memberships_contains_paywalled_content":false,"_jetpack_memberships_contains_paid_content":false,"footnotes":"","jetpack_publicize_message":"","jetpack_publicize_feature_enabled":true,"jetpack_social_post_already_shared":true,"jetpack_social_options":{"image_generator_settings":{"template":"highway","default_image_id":0,"font":"","enabled":false},"version":2}},"categories":[1],"tags":[1073,9651,22466,2270,363],"class_list":["post-179426","post","type-post","status-publish","format-standard","has-post-thumbnail","hentry","category-genel","tag-ozel","tag-agaclara","tag-anit","tag-bakim","tag-orduda"],"jetpack_publicize_connections":[],"jetpack_featured_media_url":"https:\/\/i0.wp.com\/www.tvturk.com\/wp-content\/uploads\/2019\/07\/orduda-anit-agaclara-ozel-bakim_e45fcee.jpg?fit=1000%2C750","jetpack_sharing_enabled":true,"jetpack_shortlink":"https:\/\/wp.me\/paKIfm-KFY","_links":{"self":[{"href":"http:\/\/www.tvturk.com\/index.php\/wp-json\/wp\/v2\/posts\/179426","targetHints":{"allow":["GET"]}}],"collection":[{"href":"http:\/\/www.tvturk.com\/index.php\/wp-json\/wp\/v2\/posts"}],"about":[{"href":"http:\/\/www.tvturk.com\/index.php\/wp-json\/wp\/v2\/types\/post"}],"author":[{"embeddable":true,"href":"http:\/\/www.tvturk.com\/index.php\/wp-json\/wp\/v2\/users\/1"}],"replies":[{"embeddable":true,"href":"http:\/\/www.tvturk.com\/index.php\/wp-json\/wp\/v2\/comments?post=179426"}],"version-history":[{"count":0,"href":"http:\/\/www.tvturk.com\/index.php\/wp-json\/wp\/v2\/posts\/179426\/revisions"}],"wp:featuredmedia":[{"embeddable":true,"href":"http:\/\/www.tvturk.com\/index.php\/wp-json\/wp\/v2\/media\/179427"}],"wp:attachment":[{"href":"http:\/\/www.tvturk.com\/index.php\/wp-json\/wp\/v2\/media?parent=179426"}],"wp:term":[{"taxonomy":"category","embeddable":true,"href":"http:\/\/www.tvturk.com\/index.php\/wp-json\/wp\/v2\/categories?post=179426"},{"taxonomy":"post_tag","embeddable":true,"href":"http:\/\/www.tvturk.com\/index.php\/wp-json\/wp\/v2\/tags?post=179426"}],"curies":[{"name":"wp","href":"https:\/\/api.w.org\/{rel}","templated":true}]}}