{"id":179428,"date":"2019-07-08T15:46:40","date_gmt":"2019-07-08T12:46:40","guid":{"rendered":"http:\/\/www.tvturk.com\/index.php\/toki-baskani-bulut-eskisehirli-vatandaslarimizi-daha-cok-yesille-ve-oksijenle-bulusturacagiz\/"},"modified":"2019-07-08T15:46:40","modified_gmt":"2019-07-08T12:46:40","slug":"toki-baskani-bulut-eskisehirli-vatandaslarimizi-daha-cok-yesille-ve-oksijenle-bulusturacagiz","status":"publish","type":"post","link":"http:\/\/www.tvturk.com\/index.php\/toki-baskani-bulut-eskisehirli-vatandaslarimizi-daha-cok-yesille-ve-oksijenle-bulusturacagiz\/","title":{"rendered":"TOK\u0130 Ba\u015fkan\u0131 Bulut: \u201cEski\u015fehirli vatanda\u015flar\u0131m\u0131z\u0131 daha \u00e7ok ye\u015fille ve oksijenle bulu\u015fturaca\u011f\u0131z\u201d"},"content":{"rendered":"<p>\u00c7evre ve \u015eehircilik Bakanl\u0131\u011f\u0131 Toplu Konut \u0130daresi (TOK\u0130) Ba\u015fkan\u0131 \u00d6mer Bulut, idare taraf\u0131ndan Eski\u015fehir\u2019de y\u00fcr\u00fct\u00fclen millet bah\u00e7esi projesine ili\u015fkin bilgilendirmede bulundu.<\/p>\n<p>Eski\u015fehir Millet Bah\u00e7esi projesinde hi\u00e7bir a\u015famada yap\u0131la\u015fman\u0131n planlanmad\u0131\u011f\u0131n\u0131 ve Eski\u015fehirli vatanda\u015flar\u0131n daha \u00e7ok ye\u015fille bulu\u015faca\u011f\u0131n\u0131 ifade eden Bulut, ask\u0131 s\u00fcrecinin ba\u015flat\u0131lmas\u0131 i\u00e7in projenin Eski\u015fehir \u00c7evre ve \u015eehircilik \u0130l M\u00fcd\u00fcrl\u00fc\u011f\u00fcne g\u00f6nderildi\u011fini s\u00f6yledi.<\/p>\n<p>Eski\u015fehir Millet Bah\u00e7esi Projesinin toplam 56 bin 448 metrekare alanda yap\u0131laca\u011f\u0131n\u0131 belirten Bulut, \u201c\u0130mar kanununa g\u00f6re Millet Bah\u00e7elerinde toplam alan\u0131n y\u00fczde 5\u2019 ine kadar yap\u0131la\u015fmaya izin verilmesine ra\u011fmen bu oran Eski\u015fehir Millet Bah\u00e7esi i\u00e7in y\u00fczde 5 seviyesinin \u00e7ok alt\u0131nda yakla\u015f\u0131k y\u00fczde 1,58 seviyesindedir. Ayr\u0131ca millet bah\u00e7esinin in\u015fa edilece\u011fi alanda vatanda\u015flar\u0131m\u0131z\u0131n bilgilenmesi amac\u0131yla proje g\u00f6rselleri millet bah\u00e7esi alan\u0131 \u00e7evresinde sergilenmektedir\u201d dedi.<\/p>\n<p>35 ilde 71 millet bah\u00e7esi<\/p>\n<p>Cumhurba\u015fkan\u0131 Recep Tayyip Erdo\u011fan\u2019\u0131n kamuoyuna a\u00e7\u0131klad\u0131\u011f\u0131 millet bah\u00e7eleri projeleri do\u011frultusunda her ile en az bir millet bah\u00e7esi yapma hedefi olduklar\u0131n\u0131 belirten Bulut, \u00c7evre ve \u015eehircilik Bakanl\u0131\u011f\u0131 koordinasyonunda millet bah\u00e7esi \u00e7al\u0131\u015fmalar\u0131na ara verilmeksizin devam ettiklerini ifade etti.<\/p>\n<p>Hedeflerinin 35 ilde 71 millet bah\u00e7esi yapmak oldu\u011funu belirten Bulut, s\u00f6zlerine \u015f\u00f6yle devam etti:<\/p>\n<p>\u201c\u0130dare olarak bug\u00fcne kadar iki millet bah\u00e7esinin yap\u0131m\u0131n\u0131 tamamlayarak vatanda\u015flar\u0131m\u0131z\u0131n hizmetine a\u00e7t\u0131k. 13 millet bah\u00e7emizin in\u015faat\u0131 h\u0131zla devam ediyor. 51 millet bah\u00e7emizin de proje \u00e7al\u0131\u015fmalar\u0131 devam ediyor. Ayr\u0131ca TOK\u0130 olarak bu y\u0131l 7 millet bah\u00e7esini bitirip vatanda\u015flar\u0131m\u0131z\u0131 daha \u00e7ok ye\u015fille bulu\u015fturmay\u0131 hedefliyoruz.\u201d<\/p>\n<p>Eski\u015fehir Millet Bah\u00e7esi\u2019nde yap\u0131la\u015fma minimum seviyede<\/p>\n<p>Eski\u015fehir Millet Bah\u00e7esi\u2019ne ayr\u0131 bir paragraf a\u00e7an Ba\u015fkan Bulut, millet bah\u00e7elerinin temel prensibinin vatanda\u015flar\u0131n daha \u00e7ok ye\u015fille ve oksijenle bulu\u015fmas\u0131n\u0131 sa\u011flamak oldu\u011funu ifade ederek, Eski\u015fehir Millet Bah\u00e7esi ile ilgili olarak ne ihale haz\u0131rl\u0131k a\u015famas\u0131nda, ne de sonras\u0131nda kesinlikle bir yap\u0131la\u015fma planlanmad\u0131\u011f\u0131n\u0131 ve yap\u0131lmad\u0131\u011f\u0131n\u0131 vurgulad\u0131.<\/p>\n<p>\u0130mar kanununa g\u00f6re Millet Bah\u00e7elerinde toplam alan\u0131n y\u00fczde 5\u2019ine kadar yap\u0131la\u015fmaya izin verilmesine ra\u011fmen bu oran\u0131n Eski\u015fehir Millet Bah\u00e7esi i\u00e7in yakla\u015f\u0131k y\u00fczde 1,58 seviyesinde oldu\u011funun alt\u0131n\u0131 \u00e7izen Bulut, \u201cEski\u015fehir Millet Bah\u00e7esi projemizde yer alt\u0131 otopark\u0131, millet k\u0131raathanesi, iki tuvalet, bek\u00e7i kul\u00fcbesi, havuz, gezinti yollar\u0131, giri\u015f yollar\u0131, ko\u015fu ve bisiklet yollar\u0131 bulunuyor\u201d diye konu\u015ftu.<\/p>\n<p>Bulut ayr\u0131ca, proje i\u00e7erisinde etkinlik alan\u0131, bitkisel peyzaj alan\u0131n\u0131n i\u00e7erisinde yaprakl\u0131, ibreli a\u011fa\u00e7lar, \u00e7al\u0131, sarma\u015f\u0131klar ve \u00e7ocuk oyun alanlar\u0131n\u0131n olaca\u011f\u0131n\u0131 s\u00f6yledi.<\/p>\n<p>Son g\u00fcnlerde Eski\u015fehir\u2019de hayata ge\u00e7ecek millet bah\u00e7esiyle ilgili baz\u0131 bas\u0131n-yay\u0131n organlar\u0131 taraf\u0131ndan ger\u00e7ek d\u0131\u015f\u0131 bilgilerin servis edildi\u011fini s\u00f6yleyen Bulut; \u201cMillet bah\u00e7esinin in\u015fa edilece\u011fi alanda vatanda\u015flar\u0131m\u0131z\u0131n bilgilenmesi amac\u0131yla proje g\u00f6rselleri sergilenmektedir. Vatanda\u015flar\u0131m\u0131z proje g\u00f6rsellerini buradan g\u00f6rebilirler\u201d a\u00e7\u0131klamas\u0131nda bulundu.<\/p>\n","protected":false},"excerpt":{"rendered":"<p>\u00c7EVRE VE \u015eEH\u0130RC\u0130L\u0130K BAKANLI\u011eI TOPLU KONUT \u0130DARES\u0130 (TOK\u0130) BA\u015eKANI \u00d6MER BULUT, \u0130DARE TARAFINDAN ESK\u0130\u015eEH\u0130R\u2019DE Y\u00dcR\u00dcT\u00dcLEN M\u0130LLET BAH\u00c7ES\u0130 PROJES\u0130NE \u0130L\u0130\u015eK\u0130N B\u0130LG\u0130LEND\u0130RMEDE BULUNDU.<\/p>\n","protected":false},"author":1,"featured_media":179429,"comment_status":"closed","ping_status":"open","sticky":false,"template":"","format":"standard","meta":{"jetpack_post_was_ever_published":false,"_jetpack_newsletter_access":"","_jetpack_dont_email_post_to_subs":false,"_jetpack_newsletter_tier_id":0,"_jetpack_memberships_contains_paywalled_content":false,"_jetpack_memberships_contains_paid_content":false,"footnotes":"","jetpack_publicize_message":"","jetpack_publicize_feature_enabled":true,"jetpack_social_post_already_shared":true,"jetpack_social_options":{"image_generator_settings":{"template":"highway","default_image_id":0,"font":"","enabled":false},"version":2}},"categories":[1],"tags":[216,44073,8519,105,1018,9739,44072,15050,33600,44071],"class_list":["post-179428","post","type-post","status-publish","format-standard","has-post-thumbnail","hentry","category-genel","tag-baskani","tag-bulusturacagiz","tag-bulut","tag-cok","tag-daha","tag-eskisehirli","tag-oksijenle","tag-toki","tag-vatandaslarimizi","tag-yesille"],"jetpack_publicize_connections":[],"jetpack_featured_media_url":"https:\/\/i0.wp.com\/www.tvturk.com\/wp-content\/uploads\/2019\/07\/toki-baskani-bulut-eskisehirli-vatandaslarimizi-daha-cok-yesille-ve-oksijenle-bulusturacagiz_f58ab0d.jpg?fit=1000%2C800","jetpack_sharing_enabled":true,"jetpack_shortlink":"https:\/\/wp.me\/paKIfm-KG0","_links":{"self":[{"href":"http:\/\/www.tvturk.com\/index.php\/wp-json\/wp\/v2\/posts\/179428","targetHints":{"allow":["GET"]}}],"collection":[{"href":"http:\/\/www.tvturk.com\/index.php\/wp-json\/wp\/v2\/posts"}],"about":[{"href":"http:\/\/www.tvturk.com\/index.php\/wp-json\/wp\/v2\/types\/post"}],"author":[{"embeddable":true,"href":"http:\/\/www.tvturk.com\/index.php\/wp-json\/wp\/v2\/users\/1"}],"replies":[{"embeddable":true,"href":"http:\/\/www.tvturk.com\/index.php\/wp-json\/wp\/v2\/comments?post=179428"}],"version-history":[{"count":0,"href":"http:\/\/www.tvturk.com\/index.php\/wp-json\/wp\/v2\/posts\/179428\/revisions"}],"wp:featuredmedia":[{"embeddable":true,"href":"http:\/\/www.tvturk.com\/index.php\/wp-json\/wp\/v2\/media\/179429"}],"wp:attachment":[{"href":"http:\/\/www.tvturk.com\/index.php\/wp-json\/wp\/v2\/media?parent=179428"}],"wp:term":[{"taxonomy":"category","embeddable":true,"href":"http:\/\/www.tvturk.com\/index.php\/wp-json\/wp\/v2\/categories?post=179428"},{"taxonomy":"post_tag","embeddable":true,"href":"http:\/\/www.tvturk.com\/index.php\/wp-json\/wp\/v2\/tags?post=179428"}],"curies":[{"name":"wp","href":"https:\/\/api.w.org\/{rel}","templated":true}]}}