{"id":179444,"date":"2019-07-08T16:16:32","date_gmt":"2019-07-08T13:16:32","guid":{"rendered":"http:\/\/www.tvturk.com\/index.php\/unlu-sef-hazar-amani-turizm-deniz-ve-kumdan-ibaret-degildir\/"},"modified":"2019-07-08T16:16:32","modified_gmt":"2019-07-08T13:16:32","slug":"unlu-sef-hazar-amani-turizm-deniz-ve-kumdan-ibaret-degildir","status":"publish","type":"post","link":"http:\/\/www.tvturk.com\/index.php\/unlu-sef-hazar-amani-turizm-deniz-ve-kumdan-ibaret-degildir\/","title":{"rendered":"\u00dcnl\u00fc \u015eef Hazar Amani: &#8220;Turizm deniz ve kumdan ibaret de\u011fildir&#8221;"},"content":{"rendered":"<p>D\u00fcnyaca \u00fcnl\u00fc \u015fef Hazar Amani, turizmin sadece deniz ve kumdan ibaret olmad\u0131\u011f\u0131n\u0131, turizmin ayn\u0131 zamanda gastronomi turizmi oldu\u011funu s\u00f6yledi.<\/p>\n<p>Tv ekranlar\u0131nda yemek yar\u0131\u015fmas\u0131nda j\u00fcri \u00fcyeli\u011fi de yapan d\u00fcnyaca \u00fcnl\u00fc \u015fef Hazar Amani Karacabey\u2019e hayran kald\u0131.<\/p>\n<p>T\u00fcrkiye\u2019deki lezzet duraklar\u0131n\u0131 ziyarete \u00e7\u0131kan \u00fcnl\u00fc \u015fef Hazar Amani\u2019nin Karacabey\u2019deki dura\u011f\u0131 so\u011fan pazar\u0131 yan\u0131nda bulunan Tavac\u0131 Refik oldu. Bug\u00fcne kadar bir\u00e7ok gurmenin ziyaret ederek lezzetli mutfa\u011f\u0131na tam not alan, \u00e7ok say\u0131da yemek ve turizm dergilerine konu olan Tavac\u0131 Refik\u2019in damaklarda unutulmaz tat b\u0131rakan \u00fcr\u00fcnlerine \u00fcnl\u00fc \u015fef Hazar Amani\u2019de hayran kald\u0131.<\/p>\n<p>Tavac\u0131 Refik isimli restorantt\u0131n i\u015fletme sahibi Refik Berber\u2019in misafiri olan Hazar Amani, b\u00f6lgede marka haline gelen restorant\u0131n yemeklerinin tad\u0131na bakt\u0131.<\/p>\n<p>Gastronomi turizminin \u00f6nemine vurgu yapan \u015eef Amani , &#8220;Ge\u00e7en y\u0131l Cumhurba\u015fkan\u0131\u2019m\u0131z Recep Tayyip Erdo\u011fan\u2019\u0131n kat\u0131l\u0131m\u0131yla \u00fc\u00e7\u00fcnc\u00fcs\u00fc d\u00fczenlenen turizm \u015furas\u0131nda \u2019Turizmin sadece deniz, kumdan ibaret olmad\u0131\u011f\u0131, turizmin ayn\u0131 zamanda bir gastronomi turizmi oldu\u011fu, dini turizm oldu\u011fu, tarihsel bir turizm oldu\u011fu ve bunlar\u0131n hepsinin asl\u0131nda de\u011ferlendirilmesi gerekti\u011fi\u2019 s\u00f6ylendi. Bu sene g\u00fcneyde de bir ka\u00e7 turizmciyle g\u00f6r\u00fc\u015ft\u00fcm. Bu sene ger\u00e7ekten turistlerin ak\u0131n etti\u011fi eski g\u00fcnlerdeki gibi pop\u00fcler bir \u00fclke haline geldik. Yapmaya \u00e7al\u0131\u015ft\u0131\u011f\u0131m herkesin yolunun \u00fcst\u00fcnde olmayan k\u0131y\u0131da k\u00f6\u015fede kalm\u0131\u015f lezzet noktalar\u0131n\u0131 halk\u0131m\u0131zla bulu\u015fturmak. Arkam\u0131zdan da onlar gelsin. Onlarda bizim tatt\u0131klar\u0131m\u0131z\u0131 tats\u0131n. Bu g\u00fcne kadar bo\u015f yere gitmedik. Hep \u00f6nerilerle bir yerlere gittik. Hepsi de birbirinden lezzetliydi. Ama burada yedi\u011fim sa\u00e7 tava bug\u00fcne kadar yedi\u011fim en lezzetli, en g\u00fczel tavayd\u0131.<\/p>\n<p>Karacabey hem mutfa\u011f\u0131yla hem de tabiat\u0131yla mutlaka ziyaret edilmesi gereken yerlerden bir tanesi. Herkesin bu il\u00e7eye gelmesini do\u011fal g\u00fczellerini g\u00f6rmesini ve bu lezzet duraklar\u0131na u\u011framas\u0131n\u0131 tavsiye ediyorum.&#8221; \u015feklinde konu\u015ftu.<\/p>\n<p>D\u00fcnyaca \u00fcnl\u00fc \u015fef Hazar Amani\u2019nin Karacabey\u2019e gelerek i\u015fletmesini ziyaret etmesinden duydu\u011fu memnuniyeti dile getiren i\u015fletme sahibi Refik Berber, mutfa\u011f\u0131nda pi\u015firdi\u011fi lezzetli \u00fcr\u00fcnler hakk\u0131nda bilgiler verdi. Ovada bol miktarda yeti\u015fen tar\u0131m \u00fcr\u00fcnlerinin mutfa\u011f\u0131nda lezzetiyle bulu\u015fturarak m\u00fc\u015fteriye taze ve kaliteli yemek \u00e7e\u015fitlerini sundu\u011funu s\u00f6yledi. Ayr\u0131ca il\u00e7enin turizminden bahsederek herkesin mutlaka gelip Karacabey\u2019i g\u00f6rmelerini tavsiye etti.<\/p>\n","protected":false},"excerpt":{"rendered":"<p>D\u00dcNYACA \u00dcNL\u00dc \u015eEF HAZAR AMAN\u0130, TUR\u0130ZM\u0130N SADECE DEN\u0130Z VE KUMDAN \u0130BARET OLMADI\u011eINI, TUR\u0130ZM\u0130N AYNI ZAMANDA GASTRONOM\u0130 TUR\u0130ZM\u0130 OLDU\u011eUNU S\u00d6YLED\u0130.<\/p>\n","protected":false},"author":1,"featured_media":179445,"comment_status":"closed","ping_status":"open","sticky":false,"template":"","format":"standard","meta":{"jetpack_post_was_ever_published":false,"_jetpack_newsletter_access":"","_jetpack_dont_email_post_to_subs":false,"_jetpack_newsletter_tier_id":0,"_jetpack_memberships_contains_paywalled_content":false,"_jetpack_memberships_contains_paid_content":false,"footnotes":"","jetpack_publicize_message":"","jetpack_publicize_feature_enabled":true,"jetpack_social_post_already_shared":true,"jetpack_social_options":{"image_generator_settings":{"template":"highway","default_image_id":0,"font":"","enabled":false},"version":2}},"categories":[1],"tags":[44081,3932,1471,27754,44083,44082,17407,2184,5590],"class_list":["post-179444","post","type-post","status-publish","format-standard","has-post-thumbnail","hentry","category-genel","tag-amani","tag-degildir","tag-deniz","tag-hazar","tag-ibaret","tag-kumdan","tag-sef","tag-turizm","tag-unlu"],"jetpack_publicize_connections":[],"jetpack_featured_media_url":"https:\/\/i0.wp.com\/www.tvturk.com\/wp-content\/uploads\/2019\/07\/unlu-sef-hazar-amani-turizm-deniz-ve-kumdan-ibaret-degildir_3ea317a.jpg?fit=1000%2C664","jetpack_sharing_enabled":true,"jetpack_shortlink":"https:\/\/wp.me\/paKIfm-KGg","_links":{"self":[{"href":"http:\/\/www.tvturk.com\/index.php\/wp-json\/wp\/v2\/posts\/179444","targetHints":{"allow":["GET"]}}],"collection":[{"href":"http:\/\/www.tvturk.com\/index.php\/wp-json\/wp\/v2\/posts"}],"about":[{"href":"http:\/\/www.tvturk.com\/index.php\/wp-json\/wp\/v2\/types\/post"}],"author":[{"embeddable":true,"href":"http:\/\/www.tvturk.com\/index.php\/wp-json\/wp\/v2\/users\/1"}],"replies":[{"embeddable":true,"href":"http:\/\/www.tvturk.com\/index.php\/wp-json\/wp\/v2\/comments?post=179444"}],"version-history":[{"count":0,"href":"http:\/\/www.tvturk.com\/index.php\/wp-json\/wp\/v2\/posts\/179444\/revisions"}],"wp:featuredmedia":[{"embeddable":true,"href":"http:\/\/www.tvturk.com\/index.php\/wp-json\/wp\/v2\/media\/179445"}],"wp:attachment":[{"href":"http:\/\/www.tvturk.com\/index.php\/wp-json\/wp\/v2\/media?parent=179444"}],"wp:term":[{"taxonomy":"category","embeddable":true,"href":"http:\/\/www.tvturk.com\/index.php\/wp-json\/wp\/v2\/categories?post=179444"},{"taxonomy":"post_tag","embeddable":true,"href":"http:\/\/www.tvturk.com\/index.php\/wp-json\/wp\/v2\/tags?post=179444"}],"curies":[{"name":"wp","href":"https:\/\/api.w.org\/{rel}","templated":true}]}}