{"id":179472,"date":"2019-07-08T17:16:27","date_gmt":"2019-07-08T14:16:27","guid":{"rendered":"http:\/\/www.tvturk.com\/index.php\/tum-is-konfederasyonundan-mizrakliya-ziyaret\/"},"modified":"2019-07-08T17:16:27","modified_gmt":"2019-07-08T14:16:27","slug":"tum-is-konfederasyonundan-mizrakliya-ziyaret","status":"publish","type":"post","link":"http:\/\/www.tvturk.com\/index.php\/tum-is-konfederasyonundan-mizrakliya-ziyaret\/","title":{"rendered":"T\u00dcM-\u0130\u015e Konfederasyonu\u2019ndan M\u0131zrakl\u0131\u2019ya ziyaret"},"content":{"rendered":"<p>T\u00dcM-\u0130\u015e Konfederasyonu Genel Ba\u015fkan\u0131 Mahmut \u015eahin ve y\u00f6netim kurulu \u00fcyeleri, Diyarbak\u0131r B\u00fcy\u00fck\u015fehir Belediye Ba\u015fkan\u0131 Dr. Sel\u00e7uk M\u0131zrakl\u0131\u2019ya tebrik ziyaretinde bulunarak g\u00f6revinde ba\u015far\u0131lar diledi.<\/p>\n<p>\u00c7e\u015fitli temaslarda bulunmak \u00fczere Diyarbak\u0131r\u2019a gelen T\u00dcM-\u0130\u015e Konfederasyonu Genel Ba\u015fkan\u0131 Mahmut \u015eahin ve Y\u00f6netim Kurulu \u00fcyeleri, Diyarbak\u0131r B\u00fcy\u00fck\u015fehir Belediye Ba\u015fkan\u0131 Dr. Sel\u00e7uk M\u0131zrakl\u0131\u2019y\u0131 ziyaret etti. Ba\u015fkan \u015eahin, yeni g\u00f6revinde ba\u015far\u0131lar dileyerek Ba\u015fkan M\u0131zrakl\u0131\u2019y\u0131 kutlad\u0131. Ba\u015fkan M\u0131zrakl\u0131, ziyaretten duydu\u011fu memnuniyeti ifade ederek \u015eahin\u2019e te\u015fekk\u00fcr etti.<\/p>\n","protected":false},"excerpt":{"rendered":"<p>T\u00dcM-\u0130\u015e KONFEDERASYONU GENEL BA\u015eKANI MAHMUT \u015eAH\u0130N VE Y\u00d6NET\u0130M KURULU \u00dcYELER\u0130, D\u0130YARBAKIR B\u00dcY\u00dcK\u015eEH\u0130R BELED\u0130YE BA\u015eKANI SEL\u00c7UK MIZRAKLI\u2019YA TEBR\u0130K Z\u0130YARET\u0130NDE BULUNDU<\/p>\n","protected":false},"author":1,"featured_media":179473,"comment_status":"closed","ping_status":"open","sticky":false,"template":"","format":"standard","meta":{"jetpack_post_was_ever_published":false,"_jetpack_newsletter_access":"","_jetpack_dont_email_post_to_subs":false,"_jetpack_newsletter_tier_id":0,"_jetpack_memberships_contains_paywalled_content":false,"_jetpack_memberships_contains_paid_content":false,"footnotes":"","jetpack_publicize_message":"","jetpack_publicize_feature_enabled":true,"jetpack_social_post_already_shared":true,"jetpack_social_options":{"image_generator_settings":{"template":"highway","default_image_id":0,"font":"","enabled":false},"version":2}},"categories":[1],"tags":[28465,44102,44101,150],"class_list":["post-179472","post","type-post","status-publish","format-standard","has-post-thumbnail","hentry","category-genel","tag-konfederasyonundan","tag-mizrakliya","tag-tum-is","tag-ziyaret"],"jetpack_publicize_connections":[],"jetpack_featured_media_url":"https:\/\/i0.wp.com\/www.tvturk.com\/wp-content\/uploads\/2019\/07\/tum-is-konfederasyonundan-mizrakliya-ziyaret_56637a9.jpg?fit=1000%2C666","jetpack_sharing_enabled":true,"jetpack_shortlink":"https:\/\/wp.me\/paKIfm-KGI","_links":{"self":[{"href":"http:\/\/www.tvturk.com\/index.php\/wp-json\/wp\/v2\/posts\/179472","targetHints":{"allow":["GET"]}}],"collection":[{"href":"http:\/\/www.tvturk.com\/index.php\/wp-json\/wp\/v2\/posts"}],"about":[{"href":"http:\/\/www.tvturk.com\/index.php\/wp-json\/wp\/v2\/types\/post"}],"author":[{"embeddable":true,"href":"http:\/\/www.tvturk.com\/index.php\/wp-json\/wp\/v2\/users\/1"}],"replies":[{"embeddable":true,"href":"http:\/\/www.tvturk.com\/index.php\/wp-json\/wp\/v2\/comments?post=179472"}],"version-history":[{"count":0,"href":"http:\/\/www.tvturk.com\/index.php\/wp-json\/wp\/v2\/posts\/179472\/revisions"}],"wp:featuredmedia":[{"embeddable":true,"href":"http:\/\/www.tvturk.com\/index.php\/wp-json\/wp\/v2\/media\/179473"}],"wp:attachment":[{"href":"http:\/\/www.tvturk.com\/index.php\/wp-json\/wp\/v2\/media?parent=179472"}],"wp:term":[{"taxonomy":"category","embeddable":true,"href":"http:\/\/www.tvturk.com\/index.php\/wp-json\/wp\/v2\/categories?post=179472"},{"taxonomy":"post_tag","embeddable":true,"href":"http:\/\/www.tvturk.com\/index.php\/wp-json\/wp\/v2\/tags?post=179472"}],"curies":[{"name":"wp","href":"https:\/\/api.w.org\/{rel}","templated":true}]}}