{"id":179498,"date":"2019-07-08T18:01:47","date_gmt":"2019-07-08T15:01:47","guid":{"rendered":"http:\/\/www.tvturk.com\/index.php\/aktas-ile-turkyilmaz-arasinda-buzlar-eridi\/"},"modified":"2019-07-08T18:01:47","modified_gmt":"2019-07-08T15:01:47","slug":"aktas-ile-turkyilmaz-arasinda-buzlar-eridi","status":"publish","type":"post","link":"http:\/\/www.tvturk.com\/index.php\/aktas-ile-turkyilmaz-arasinda-buzlar-eridi\/","title":{"rendered":"Akta\u015f ile T\u00fcrky\u0131lmaz aras\u0131nda buzlar eridi"},"content":{"rendered":"<p>Bursa B\u00fcy\u00fck\u015fehir Belediye Ba\u015fkan\u0131 Alinur Akta\u015f, Mudanya Belediye Ba\u015fkan\u0131 Hayri T\u00fcrky\u0131lmaz ile bir araya geldi. Mudanya ve Bursa\u2019n\u0131n gelece\u011fine d\u00e2ir isti\u015f\u00e2rede bulunan Ba\u015fkan Akta\u015f ve T\u00fcrky\u0131lmaz, kurumlar aras\u0131ndaki uyumun Bursa\u2019n\u0131n gelece\u011fine fayda sa\u011flayaca\u011f\u0131n\u0131 belirterek, birlik ve beraberlik mesajlar\u0131 verdi.<\/p>\n<p>Bursa B\u00fcy\u00fck\u015fehir Belediye Ba\u015fkan\u0131 Alinur Akta\u015f, Mudanya Belediye Ba\u015fkan\u0131 Hayri T\u00fcrky\u0131lmaz\u2019\u0131 makam\u0131nda a\u011f\u0131rlad\u0131. T\u00fcrky\u0131lmaz\u2019a Ba\u015fkan yard\u0131mc\u0131lar\u0131 ve meclis \u00fcyeleri de e\u015flik etti. Akta\u015f, T\u00fcrky\u0131lmaz\u2019\u0131n ziyaretinden dolay\u0131 mutluluk duydu\u011funu belirterek, \u201cMudanya halk\u0131n\u0131n oylar\u0131yla ikinci kez g\u00f6reve se\u00e7ilen Mudanya Belediye Ba\u015fkan\u0131\u2019m\u0131za ba\u015far\u0131lar ve kolayl\u0131klar, meclis \u00fcyelerine de yeni d\u00f6nemin hay\u0131rl\u0131 u\u011furlu olmas\u0131n\u0131 diliyorum\u201d dedi.<\/p>\n<p>Ba\u015fkan Akta\u015f, ziyaretin \u00f6nemine i\u015faret ederek, \u201cMudanya ve Bursa\u2019ya neler yapabilece\u011fimiz ile ilgili isti\u015farelerde bulunuyoruz. Yeni B\u00fcy\u00fck\u015fehir Kanunu ile birlikte B\u00fcy\u00fck\u015fehir ve il\u00e7e belediyelerinin uyumu ve \u00e2hengi, \u015fehrin genel anlamda faydas\u0131 i\u00e7in \u00f6nemli \u0130nan\u0131yor ve \u00fcmit ediyorum ki bu ortam\u0131 her zaman tesis etmeye \u00e7al\u0131\u015faca\u011f\u0131z\u201d diye konu\u015ftu.<\/p>\n<p>Mudanya Belediye Ba\u015fkan\u0131 Hayri T\u00fcrky\u0131lmaz da Ba\u015fkan Akta\u015f\u2019\u0131 se\u00e7imden dolay\u0131 tebrik ederek, \u201cYeni d\u00f6nemde, ba\u015fkan\u0131m\u0131z\u0131 se\u00e7imdeki ba\u015far\u0131s\u0131ndan dolay\u0131 kutlamaya geldik. Ba\u015far\u0131lar ve kolayl\u0131klar diliyoruz. Bursa\u2019y\u0131 bir b\u00fct\u00fcn olarak, t\u00fcm il\u00e7eleriyle beraber gelece\u011fe ta\u015f\u0131mak gibi bir sorumlulu\u011fumuz var. Mudanya olarak bug\u00fcne kadar oldu\u011fu gibi bundan sonra da \u00fczerimize d\u00fc\u015fen sorumluluklar\u0131m\u0131z\u0131 eksiksiz yerine getirmeye \u00e7al\u0131\u015faca\u011f\u0131z\u201d \u015feklinde konu\u015ftu.<\/p>\n<p>Kurumlar aras\u0131 ili\u015fkilerdeki uyumun de\u011ferine vurgu yapan T\u00fcrky\u0131lmaz, \u201cHem \u015fehrimiz  hem de \u00fclkemiz i\u00e7in birlikte kafa yormak, konu\u015fabilmek, d\u00fc\u015f\u00fcnebilmek \u00e7ok \u00f6nemli\u201d diyerek, Mudanya ve Bursa i\u00e7in bir araya geldiklerini kaydetti. T\u00fcrky\u0131lmaz, Ba\u015fkan Akta\u015f\u2019a il\u00e7eye \u00f6zg\u00fc hediyeler verdi.<\/p>\n","protected":false},"excerpt":{"rendered":"<p>BURSA B\u00dcY\u00dcK\u015eEH\u0130R BELED\u0130YE BA\u015eKANI AL\u0130NUR AKTA\u015e, MUDANYA BELED\u0130YE BA\u015eKANI HAYR\u0130 T\u00dcRKYILMAZ \u0130LE B\u0130R ARAYA GELD\u0130<\/p>\n","protected":false},"author":1,"featured_media":179499,"comment_status":"closed","ping_status":"open","sticky":false,"template":"","format":"standard","meta":{"jetpack_post_was_ever_published":false,"_jetpack_newsletter_access":"","_jetpack_dont_email_post_to_subs":false,"_jetpack_newsletter_tier_id":0,"_jetpack_memberships_contains_paywalled_content":false,"_jetpack_memberships_contains_paid_content":false,"footnotes":"","jetpack_publicize_message":"","jetpack_publicize_feature_enabled":true,"jetpack_social_post_already_shared":true,"jetpack_social_options":{"image_generator_settings":{"template":"highway","default_image_id":0,"font":"","enabled":false},"version":2}},"categories":[1],"tags":[2369,1882,29413,39228,192,30437],"class_list":["post-179498","post","type-post","status-publish","format-standard","has-post-thumbnail","hentry","category-genel","tag-aktas","tag-arasinda","tag-buzlar","tag-eridi","tag-ile","tag-turkyilmaz"],"jetpack_publicize_connections":[],"jetpack_featured_media_url":"https:\/\/i0.wp.com\/www.tvturk.com\/wp-content\/uploads\/2019\/07\/aktas-ile-turkyilmaz-arasinda-buzlar-eridi_d4c6984.jpg?fit=1000%2C642","jetpack_sharing_enabled":true,"jetpack_shortlink":"https:\/\/wp.me\/paKIfm-KH8","_links":{"self":[{"href":"http:\/\/www.tvturk.com\/index.php\/wp-json\/wp\/v2\/posts\/179498","targetHints":{"allow":["GET"]}}],"collection":[{"href":"http:\/\/www.tvturk.com\/index.php\/wp-json\/wp\/v2\/posts"}],"about":[{"href":"http:\/\/www.tvturk.com\/index.php\/wp-json\/wp\/v2\/types\/post"}],"author":[{"embeddable":true,"href":"http:\/\/www.tvturk.com\/index.php\/wp-json\/wp\/v2\/users\/1"}],"replies":[{"embeddable":true,"href":"http:\/\/www.tvturk.com\/index.php\/wp-json\/wp\/v2\/comments?post=179498"}],"version-history":[{"count":0,"href":"http:\/\/www.tvturk.com\/index.php\/wp-json\/wp\/v2\/posts\/179498\/revisions"}],"wp:featuredmedia":[{"embeddable":true,"href":"http:\/\/www.tvturk.com\/index.php\/wp-json\/wp\/v2\/media\/179499"}],"wp:attachment":[{"href":"http:\/\/www.tvturk.com\/index.php\/wp-json\/wp\/v2\/media?parent=179498"}],"wp:term":[{"taxonomy":"category","embeddable":true,"href":"http:\/\/www.tvturk.com\/index.php\/wp-json\/wp\/v2\/categories?post=179498"},{"taxonomy":"post_tag","embeddable":true,"href":"http:\/\/www.tvturk.com\/index.php\/wp-json\/wp\/v2\/tags?post=179498"}],"curies":[{"name":"wp","href":"https:\/\/api.w.org\/{rel}","templated":true}]}}