{"id":179504,"date":"2019-07-08T18:16:31","date_gmt":"2019-07-08T15:16:31","guid":{"rendered":"http:\/\/www.tvturk.com\/index.php\/hilmi-gulerden-flas-aciklama-kiyilar-halkindir\/"},"modified":"2019-07-08T18:16:31","modified_gmt":"2019-07-08T15:16:31","slug":"hilmi-gulerden-flas-aciklama-kiyilar-halkindir","status":"publish","type":"post","link":"http:\/\/www.tvturk.com\/index.php\/hilmi-gulerden-flas-aciklama-kiyilar-halkindir\/","title":{"rendered":"Hilmi G\u00fcler\u2019den fla\u015f a\u00e7\u0131klama: \u201cK\u0131y\u0131lar halk\u0131nd\u0131r\u201d"},"content":{"rendered":"<p>Ordu B\u00fcy\u00fck\u015fehir Belediye Ba\u015fkan\u0131 Dr. Mehmet Hilmi G\u00fcler, 121 km\u2019lik k\u0131y\u0131 \u015feridine sahip olan Ordu\u2019da k\u0131y\u0131lar\u0131 halk\u0131n yarar\u0131na sunacaklar\u0131n\u0131 a\u00e7\u0131klad\u0131.<\/p>\n<p>G\u00fcler, yapt\u0131\u011f\u0131 a\u00e7\u0131klamada, Anayasa\u2019n\u0131n 43. maddesinin k\u0131y\u0131lar\u0131n devletin h\u00fck\u00fcm ve tasarrufu alt\u0131nda oldu\u011funu, denizlerden ve sahil \u015feritlerinden \u00f6ncelikle kamunun yararlanaca\u011f\u0131n\u0131n a\u00e7\u0131k\u00e7a d\u00fczenlendi\u011fine dikkat \u00e7ekti.<\/p>\n<p>G\u00fcler, Karadeniz\u2019in en g\u00fczel sahil \u015feridine sahip olan Ordu\u2019da k\u0131y\u0131 kesimlerinde mimari kirlili\u011fe izin vermeyeceklerini ve halk\u0131n yararlanaca\u011f\u0131 \u015fekilde her t\u00fcrl\u00fc tedbiri alacaklar\u0131n\u0131 belirterek, kararl\u0131 konu\u015ftu. G\u00fcler, \u201cK\u0131y\u0131lar\u0131m\u0131z\u0131 ve sahil \u015feridimizi halk\u0131n yarar\u0131na sunaca\u011f\u0131z\u201d dedi.<\/p>\n<p>G\u00fcler, \u015fu a\u00e7\u0131klamay\u0131 yapt\u0131:<\/p>\n<p>\u201c\u00dclkemizin en g\u00fczel ve denize en uzun k\u0131y\u0131s\u0131 bulunan \u015fehirlerinden biri olan Ordu\u2019ya ba\u015fkan aday\u0131 olurken her faaliyetimizde kamunun yarar\u0131n\u0131 \u00fcst\u00fcn tutaca\u011f\u0131m\u0131za, yapt\u0131\u011f\u0131m\u0131z her faaliyetin halkla birlikte ve \u015feffaf bir \u015fekilde ger\u00e7ekle\u015ftirilece\u011fine s\u00f6z verdim. Bu ilkeler ayn\u0131 zamanda \u015ferefle temsil etti\u011fim partimizin de temel ilkeleridir. Milletimize verdi\u011fimiz s\u00f6z\u00fcn her daim arkas\u0131nda olarak, Ordu ve k\u0131ymetli hem\u015fehrilerimin yararlar\u0131 i\u00e7in en ufak bir teredd\u00fct g\u00f6stermeksizin medeni \u015fehircilik ve ya\u015fam i\u00e7in ne gerekiyorsa yerine getirece\u011fiz. K\u0131y\u0131lar\u0131m\u0131z\u0131 ve sahil \u015feridimizi kamunun yarar\u0131na sunarak Ordu\u2019yu bir turizm merkezi ve Ordulular\u0131n mutlu ya\u015fad\u0131klar\u0131 bir \u015fehre d\u00f6n\u00fc\u015ft\u00fcrece\u011fiz.\u201d<\/p>\n","protected":false},"excerpt":{"rendered":"<p>ORDU B\u00dcY\u00dcK\u015eEH\u0130R BELED\u0130YE BA\u015eKANI DR. MEHMET H\u0130LM\u0130 G\u00dcLER, 121 KM\u2019L\u0130K KIYI \u015eER\u0130D\u0130NE SAH\u0130P OLAN ORDU\u2019DA KIYILARI HALKIN YARARINA SUNACAKLARINI A\u00c7IKLADI.<\/p>\n","protected":false},"author":1,"featured_media":179505,"comment_status":"closed","ping_status":"open","sticky":false,"template":"","format":"standard","meta":{"jetpack_post_was_ever_published":false,"_jetpack_newsletter_access":"","_jetpack_dont_email_post_to_subs":false,"_jetpack_newsletter_tier_id":0,"_jetpack_memberships_contains_paywalled_content":false,"_jetpack_memberships_contains_paid_content":false,"footnotes":"","jetpack_publicize_message":"","jetpack_publicize_feature_enabled":true,"jetpack_social_post_already_shared":true,"jetpack_social_options":{"image_generator_settings":{"template":"highway","default_image_id":0,"font":"","enabled":false},"version":2}},"categories":[1],"tags":[44109,3349,28118,16781,44110,4959],"class_list":["post-179504","post","type-post","status-publish","format-standard","has-post-thumbnail","hentry","category-genel","tag-kiyilar","tag-aciklama","tag-flas","tag-gulerden","tag-halkindir","tag-hilmi"],"jetpack_publicize_connections":[],"jetpack_featured_media_url":"https:\/\/i0.wp.com\/www.tvturk.com\/wp-content\/uploads\/2019\/07\/hilmi-gulerden-flas-aciklama-kiyilar-halkindir_822c2f5.jpg?fit=1000%2C666","jetpack_sharing_enabled":true,"jetpack_shortlink":"https:\/\/wp.me\/paKIfm-KHe","_links":{"self":[{"href":"http:\/\/www.tvturk.com\/index.php\/wp-json\/wp\/v2\/posts\/179504","targetHints":{"allow":["GET"]}}],"collection":[{"href":"http:\/\/www.tvturk.com\/index.php\/wp-json\/wp\/v2\/posts"}],"about":[{"href":"http:\/\/www.tvturk.com\/index.php\/wp-json\/wp\/v2\/types\/post"}],"author":[{"embeddable":true,"href":"http:\/\/www.tvturk.com\/index.php\/wp-json\/wp\/v2\/users\/1"}],"replies":[{"embeddable":true,"href":"http:\/\/www.tvturk.com\/index.php\/wp-json\/wp\/v2\/comments?post=179504"}],"version-history":[{"count":0,"href":"http:\/\/www.tvturk.com\/index.php\/wp-json\/wp\/v2\/posts\/179504\/revisions"}],"wp:featuredmedia":[{"embeddable":true,"href":"http:\/\/www.tvturk.com\/index.php\/wp-json\/wp\/v2\/media\/179505"}],"wp:attachment":[{"href":"http:\/\/www.tvturk.com\/index.php\/wp-json\/wp\/v2\/media?parent=179504"}],"wp:term":[{"taxonomy":"category","embeddable":true,"href":"http:\/\/www.tvturk.com\/index.php\/wp-json\/wp\/v2\/categories?post=179504"},{"taxonomy":"post_tag","embeddable":true,"href":"http:\/\/www.tvturk.com\/index.php\/wp-json\/wp\/v2\/tags?post=179504"}],"curies":[{"name":"wp","href":"https:\/\/api.w.org\/{rel}","templated":true}]}}