{"id":179506,"date":"2019-07-08T18:17:18","date_gmt":"2019-07-08T15:17:18","guid":{"rendered":"http:\/\/www.tvturk.com\/index.php\/burak-yilmaz-ameliyat-oldu\/"},"modified":"2019-07-08T18:17:18","modified_gmt":"2019-07-08T15:17:18","slug":"burak-yilmaz-ameliyat-oldu","status":"publish","type":"post","link":"http:\/\/www.tvturk.com\/index.php\/burak-yilmaz-ameliyat-oldu\/","title":{"rendered":"Burak Y\u0131lmaz ameliyat oldu"},"content":{"rendered":"<p>Be\u015fikta\u015fl\u0131 futbolcu Burak Y\u0131lmaz, a\u011f ayak 5. tarak kemi\u011finde olu\u015fan kemik \u00f6demi-stres  reaksiyonu nedeniyle ameliyat oldu.<\/p>\n<p>Siyah-beyazl\u0131 futbolcu Burak Y\u0131lmaz, sa\u011f ayak 5. tarak kemi\u011finde olu\u015fan kemik \u00f6demi-stres reaksiyonu nedeniyle, ileride olu\u015fabilecek stres k\u0131r\u0131\u011f\u0131 riskini ortadan kald\u0131rmak ve iyile\u015fme s\u00fcrecini k\u0131saltmak amac\u0131yla ameliyat oldu. Ba\u015far\u0131l\u0131 ge\u00e7en operasyonda Burak Y\u0131lmaz\u2019\u0131n sa\u011f ayak 5. tarak kemi\u011fine (metatars) vida yerle\u015ftirildi.<\/p>\n","protected":false},"excerpt":{"rendered":"<p>BE\u015e\u0130KTA\u015eLI FUTBOLCU BURAK YILMAZ, A\u011e AYAK 5. TARAK KEM\u0130\u011e\u0130NDE OLU\u015eAN KEM\u0130K \u00d6DEM\u0130-STRES  REAKS\u0130YONU NEDEN\u0130YLE AMEL\u0130YAT OLDU.<\/p>\n","protected":false},"author":1,"featured_media":179507,"comment_status":"closed","ping_status":"open","sticky":false,"template":"","format":"standard","meta":{"jetpack_post_was_ever_published":false,"_jetpack_newsletter_access":"","_jetpack_dont_email_post_to_subs":false,"_jetpack_newsletter_tier_id":0,"_jetpack_memberships_contains_paywalled_content":false,"_jetpack_memberships_contains_paid_content":false,"footnotes":"","jetpack_publicize_message":"","jetpack_publicize_feature_enabled":true,"jetpack_social_post_already_shared":true,"jetpack_social_options":{"image_generator_settings":{"template":"highway","default_image_id":0,"font":"","enabled":false},"version":2}},"categories":[657],"tags":[571,7932,77,4688],"class_list":["post-179506","post","type-post","status-publish","format-standard","has-post-thumbnail","hentry","category-spor","tag-ameliyat","tag-burak","tag-oldu","tag-yilmaz"],"jetpack_publicize_connections":[],"jetpack_featured_media_url":"https:\/\/i0.wp.com\/www.tvturk.com\/wp-content\/uploads\/2019\/07\/burak-yilmaz-ameliyat-oldu_2f557b0.jpg?fit=705%2C400","jetpack_sharing_enabled":true,"jetpack_shortlink":"https:\/\/wp.me\/paKIfm-KHg","_links":{"self":[{"href":"http:\/\/www.tvturk.com\/index.php\/wp-json\/wp\/v2\/posts\/179506","targetHints":{"allow":["GET"]}}],"collection":[{"href":"http:\/\/www.tvturk.com\/index.php\/wp-json\/wp\/v2\/posts"}],"about":[{"href":"http:\/\/www.tvturk.com\/index.php\/wp-json\/wp\/v2\/types\/post"}],"author":[{"embeddable":true,"href":"http:\/\/www.tvturk.com\/index.php\/wp-json\/wp\/v2\/users\/1"}],"replies":[{"embeddable":true,"href":"http:\/\/www.tvturk.com\/index.php\/wp-json\/wp\/v2\/comments?post=179506"}],"version-history":[{"count":0,"href":"http:\/\/www.tvturk.com\/index.php\/wp-json\/wp\/v2\/posts\/179506\/revisions"}],"wp:featuredmedia":[{"embeddable":true,"href":"http:\/\/www.tvturk.com\/index.php\/wp-json\/wp\/v2\/media\/179507"}],"wp:attachment":[{"href":"http:\/\/www.tvturk.com\/index.php\/wp-json\/wp\/v2\/media?parent=179506"}],"wp:term":[{"taxonomy":"category","embeddable":true,"href":"http:\/\/www.tvturk.com\/index.php\/wp-json\/wp\/v2\/categories?post=179506"},{"taxonomy":"post_tag","embeddable":true,"href":"http:\/\/www.tvturk.com\/index.php\/wp-json\/wp\/v2\/tags?post=179506"}],"curies":[{"name":"wp","href":"https:\/\/api.w.org\/{rel}","templated":true}]}}