{"id":179518,"date":"2019-07-08T19:17:16","date_gmt":"2019-07-08T16:17:16","guid":{"rendered":"http:\/\/www.tvturk.com\/index.php\/inegolspor-cumhur-yilmazturk-ile-anlasti\/"},"modified":"2019-07-08T19:17:16","modified_gmt":"2019-07-08T16:17:16","slug":"inegolspor-cumhur-yilmazturk-ile-anlasti","status":"publish","type":"post","link":"http:\/\/www.tvturk.com\/index.php\/inegolspor-cumhur-yilmazturk-ile-anlasti\/","title":{"rendered":"\u0130neg\u00f6lspor Cumhur Y\u0131lmazt\u00fcrk ile anla\u015ft\u0131"},"content":{"rendered":"<p>TFF 2. Lig ekiplerinden \u0130neg\u00f6lspor, Fethiyespor\u2019dan orta saha oyuncusu Cumhur Y\u0131lmazt\u00fcrk ile 1 y\u0131ll\u0131k anla\u015fma imzalad\u0131.<\/p>\n<p>Kul\u00fcp tesislerinde d\u00fczenlenen imza t\u00f6reninde konu\u015fan Ba\u015fkan Yard\u0131mc\u0131 \u0130brahim Bayram, &#8220;D\u0131\u015f transfer \u00e7al\u0131\u015fmalar\u0131m\u0131za devam ediyoruz. Bug\u00fcn Galatasaray alt yap\u0131s\u0131ndan yeti\u015fmi\u015f, uzun y\u0131llar 1. ve 2.Ligde \u00e7e\u015fitli tak\u0131mlarda forma giyen, en son ge\u00e7ti\u011fimiz sezonu Fethiyespor\u2019da ge\u00e7iren orta saha mevki oyuncusu Cumhur Y\u0131lmazt\u00fcrk ile 1 y\u0131ll\u0131k s\u00f6zle\u015fme imzalad\u0131k. Biz y\u00f6netim olarak kendisine g\u00fcveniyoruz. \u0130n\u015fallah g\u00fczel bir sezon ge\u00e7iririz. \u015euanda g\u00f6r\u00fc\u015fme halinde oldu\u011fumuz oyuncular var. Netle\u015fti\u011fi zaman bu arkada\u015flar\u0131m\u0131z\u0131 kamuoyu ile payla\u015faca\u011f\u0131z&#8221; dedi.<\/p>\n<p>Cumhur Y\u0131lmazt\u00fcrk ise, &#8220;\u00d6ncelikle \u0130neg\u00f6lspor ile anla\u015ft\u0131\u011f\u0131m i\u00e7in \u00e7ok mutluyum. Daha \u00f6nceki d\u00f6nemlerde de ileti\u015fim halindeydik. Bu sefer k\u0131smet oldu. \u0130neg\u00f6lspor hem camia, hem taraftar potansiyeli olarak bu liglerin marka tak\u0131m\u0131. Hedefim tak\u0131m arkada\u015flar\u0131mla beraber sezonu iyi bir \u015fekilde bitirmek. Tabii g\u00f6nl\u00fcm\u00fczden \u015fampiyonluk ge\u00e7iyor, ama bunu ad\u0131m ad\u0131m ger\u00e7ekle\u015ftirmek gerekti\u011fini d\u00fc\u015f\u00fcn\u00fcyorum. Lige iyi ba\u015flay\u0131p in\u015fallah sonunu da iyi bitirmek istiyoruz. Kazas\u0131z, belas\u0131z in\u015fallah g\u00fczel bir sene olacak. Ba\u015farmak i\u00e7in elimizden gelenin en iyisini yapaca\u011f\u0131m\u0131zdan kimsenin \u015f\u00fcphesi olmas\u0131n&#8221; diye konu\u015ftu.<\/p>\n","protected":false},"excerpt":{"rendered":"<p>TFF 2.L\u0130G EK\u0130PLER\u0130NDEN \u0130NEG\u00d6LSPOR, FETH\u0130YESPOR&#8217;DAN ORTA SAHA OYUNCUSU CUMHUR YILMAZT\u00dcRK \u0130LE 1 YILLIK ANLA\u015eMA SA\u011eLADI.<\/p>\n","protected":false},"author":1,"featured_media":179519,"comment_status":"closed","ping_status":"open","sticky":false,"template":"","format":"standard","meta":{"jetpack_post_was_ever_published":false,"_jetpack_newsletter_access":"","_jetpack_dont_email_post_to_subs":false,"_jetpack_newsletter_tier_id":0,"_jetpack_memberships_contains_paywalled_content":false,"_jetpack_memberships_contains_paid_content":false,"footnotes":"","jetpack_publicize_message":"","jetpack_publicize_feature_enabled":true,"jetpack_social_post_already_shared":true,"jetpack_social_options":{"image_generator_settings":{"template":"highway","default_image_id":0,"font":"","enabled":false},"version":2}},"categories":[657],"tags":[6579,364,192,14889,44112],"class_list":["post-179518","post","type-post","status-publish","format-standard","has-post-thumbnail","hentry","category-spor","tag-anlasti","tag-cumhur","tag-ile","tag-inegolspor","tag-yilmazturk"],"jetpack_publicize_connections":[],"jetpack_featured_media_url":"https:\/\/i0.wp.com\/www.tvturk.com\/wp-content\/uploads\/2019\/07\/inegolspor-cumhur-yilmazturk-ile-anlasti_b6fb5fb.jpg?fit=1000%2C665","jetpack_sharing_enabled":true,"jetpack_shortlink":"https:\/\/wp.me\/paKIfm-KHs","_links":{"self":[{"href":"http:\/\/www.tvturk.com\/index.php\/wp-json\/wp\/v2\/posts\/179518","targetHints":{"allow":["GET"]}}],"collection":[{"href":"http:\/\/www.tvturk.com\/index.php\/wp-json\/wp\/v2\/posts"}],"about":[{"href":"http:\/\/www.tvturk.com\/index.php\/wp-json\/wp\/v2\/types\/post"}],"author":[{"embeddable":true,"href":"http:\/\/www.tvturk.com\/index.php\/wp-json\/wp\/v2\/users\/1"}],"replies":[{"embeddable":true,"href":"http:\/\/www.tvturk.com\/index.php\/wp-json\/wp\/v2\/comments?post=179518"}],"version-history":[{"count":0,"href":"http:\/\/www.tvturk.com\/index.php\/wp-json\/wp\/v2\/posts\/179518\/revisions"}],"wp:featuredmedia":[{"embeddable":true,"href":"http:\/\/www.tvturk.com\/index.php\/wp-json\/wp\/v2\/media\/179519"}],"wp:attachment":[{"href":"http:\/\/www.tvturk.com\/index.php\/wp-json\/wp\/v2\/media?parent=179518"}],"wp:term":[{"taxonomy":"category","embeddable":true,"href":"http:\/\/www.tvturk.com\/index.php\/wp-json\/wp\/v2\/categories?post=179518"},{"taxonomy":"post_tag","embeddable":true,"href":"http:\/\/www.tvturk.com\/index.php\/wp-json\/wp\/v2\/tags?post=179518"}],"curies":[{"name":"wp","href":"https:\/\/api.w.org\/{rel}","templated":true}]}}