{"id":179524,"date":"2019-07-08T20:17:15","date_gmt":"2019-07-08T17:17:15","guid":{"rendered":"http:\/\/www.tvturk.com\/index.php\/bb-erzurumsporda-sezon-oncesi-kamp-calismalari-hiz-kazandi\/"},"modified":"2019-07-08T20:17:15","modified_gmt":"2019-07-08T17:17:15","slug":"bb-erzurumsporda-sezon-oncesi-kamp-calismalari-hiz-kazandi","status":"publish","type":"post","link":"http:\/\/www.tvturk.com\/index.php\/bb-erzurumsporda-sezon-oncesi-kamp-calismalari-hiz-kazandi\/","title":{"rendered":"BB Erzurumspor\u2019da sezon \u00f6ncesi kamp \u00e7al\u0131\u015fmalar\u0131 h\u0131z kazand\u0131"},"content":{"rendered":"<p>Yeni sezonda Spor Toto 1. Lig\u2019de m\u00fccadele edecek BB Erzurumspor sezon \u00f6ncesi kamp \u00e7al\u0131\u015fmalar\u0131n\u0131 kul\u00fcp tesislerinde s\u00fcrd\u00fcr\u00fcyor.<\/p>\n<p>Spor Toto 1. Lig ekiplerinden BB Erzurumspor g\u00fcn\u00fcn ikinci antrenman\u0131n\u0131 kul\u00fcp tesislerinde yapt\u0131. Teknik Direkt\u00f6r Muzaffer Bilazer y\u00f6netiminde yakla\u015f\u0131k 2 saat s\u00fcren antrenman, ko\u015fu ve \u0131s\u0131nma \u00e7al\u0131\u015fmalar\u0131n\u0131n ard\u0131ndan dayan\u0131kl\u0131l\u0131k \u00e7al\u0131\u015fmalar\u0131 ile devam etti.<\/p>\n<p>Antrenmanda gazetecilere a\u00e7\u0131klamalarda bulunan ba\u015far\u0131l\u0131 orta saha oyuncusu \u0130brahim Akda\u011f, yeni sezona tam anlam\u0131yla konsantre olduklar\u0131n\u0131 ifade ederek, \u201cYeni bir sezona ba\u015flad\u0131k. Kamp g\u00fczel ilerliyor umar\u0131m hay\u0131rl\u0131 olur herkes i\u00e7in. Herkes kampa tam anlam\u0131yla konsantre. Yeni hocam\u0131zla ilk g\u00fcnden itibaren g\u00fczel \u015feyler ya\u015f\u0131yoruz. Ge\u00e7mi\u015fi unutmam\u0131z laz\u0131m bu y\u0131l yap\u0131lan hatalar\u0131 biz d\u00fczeltece\u011fiz. Bizi d\u00fc\u015f\u00fcrenlerin bizi tekrar \u00e7\u0131karmas\u0131n\u0131 beklemiyoruz. Biz d\u00fc\u015ferdik biz \u00e7\u0131karaca\u011f\u0131z. Ge\u00e7mi\u015fi unutup yeni bir sayfa a\u00e7mal\u0131y\u0131z\u201d dedi.<\/p>\n<p>Kendisini transfer etmek isteyen bir\u00e7ok kul\u00fcb\u00fcn bulundu\u011funu ama ba\u015fkan H\u00fcseyin \u00dcne\u015f ile g\u00f6r\u00fc\u015ft\u00fckten sonra tak\u0131mda kalmaya karar verdi\u011fini belirten Akda\u011f, \u201cBa\u015fkan beni odas\u0131na \u00e7a\u011f\u0131rd\u0131. Normal \u015fartlarda \u00e7ok fazla talip vard\u0131. Ba\u015fkan\u0131n yan\u0131na talipler hakk\u0131nda g\u00f6r\u00fc\u015fmeye gittim. Ba\u015fkan ger\u00e7ekten bu \u015fehrin adam\u0131. Ben ba\u015fkan olsam iyi para eden oyuncular\u0131 satar \u00e7ok fazla oyuncu al\u0131rd\u0131m. Ama o bizi tak\u0131mda tutmak istiyor. Gitmek istememin ailevi boyutu vard\u0131. Ama o sorunlar\u0131 da \u00e7\u00f6zd\u00fck. Ben ba\u015fkan\u0131n tutumu sonras\u0131 bu tak\u0131mda kalmaya karar veren ilk ki\u015filerden oldum. Kariyer anlam\u0131nda enteresan teklifler ald\u0131m ama burada kalaca\u011f\u0131m. Baz\u0131lar\u0131 buna hata diye bilir ama ben \u00f6yle d\u00fc\u015f\u00fcnm\u00fcyorum\u201d \u015feklinde konu\u015ftu.<\/p>\n<p>Ayr\u0131ca BB Erzurumspor\u2019da yeni transfer Mickael Pote \u00fclkesi Benin ile Afrika Kupas\u0131nda oldu\u011fu i\u00e7in antrenmana kat\u0131lmad\u0131.<\/p>\n","protected":false},"excerpt":{"rendered":"<p>YEN\u0130 SEZONDA S\u00dcPER TOTO 1. L\u0130G\u2019DE M\u00dcCADELE EDECEK BB ERZURUMSPOR SEZON \u00d6NCES\u0130 KAMP \u00c7ALI\u015eMALARINI KUL\u00dcP TES\u0130SLER\u0130NDE S\u00dcRD\u00dcR\u00dcYOR.<\/p>\n","protected":false},"author":1,"featured_media":179525,"comment_status":"closed","ping_status":"open","sticky":false,"template":"","format":"standard","meta":{"jetpack_post_was_ever_published":false,"_jetpack_newsletter_access":"","_jetpack_dont_email_post_to_subs":false,"_jetpack_newsletter_tier_id":0,"_jetpack_memberships_contains_paywalled_content":false,"_jetpack_memberships_contains_paid_content":false,"footnotes":"","jetpack_publicize_message":"","jetpack_publicize_feature_enabled":true,"jetpack_social_post_already_shared":true,"jetpack_social_options":{"image_generator_settings":{"template":"highway","default_image_id":0,"font":"","enabled":false},"version":2}},"categories":[657],"tags":[310,20926,4229,1101,3801,5360,4954],"class_list":["post-179524","post","type-post","status-publish","format-standard","has-post-thumbnail","hentry","category-spor","tag-calismalari","tag-erzurumsporda","tag-hiz","tag-kamp","tag-kazandi","tag-oncesi","tag-sezon"],"jetpack_publicize_connections":[],"jetpack_featured_media_url":"https:\/\/i0.wp.com\/www.tvturk.com\/wp-content\/uploads\/2019\/07\/bb-erzurumsporda-sezon-oncesi-kamp-calismalari-hiz-kazandi_41214b3.jpg?fit=1000%2C666","jetpack_sharing_enabled":true,"jetpack_shortlink":"https:\/\/wp.me\/paKIfm-KHy","_links":{"self":[{"href":"http:\/\/www.tvturk.com\/index.php\/wp-json\/wp\/v2\/posts\/179524","targetHints":{"allow":["GET"]}}],"collection":[{"href":"http:\/\/www.tvturk.com\/index.php\/wp-json\/wp\/v2\/posts"}],"about":[{"href":"http:\/\/www.tvturk.com\/index.php\/wp-json\/wp\/v2\/types\/post"}],"author":[{"embeddable":true,"href":"http:\/\/www.tvturk.com\/index.php\/wp-json\/wp\/v2\/users\/1"}],"replies":[{"embeddable":true,"href":"http:\/\/www.tvturk.com\/index.php\/wp-json\/wp\/v2\/comments?post=179524"}],"version-history":[{"count":0,"href":"http:\/\/www.tvturk.com\/index.php\/wp-json\/wp\/v2\/posts\/179524\/revisions"}],"wp:featuredmedia":[{"embeddable":true,"href":"http:\/\/www.tvturk.com\/index.php\/wp-json\/wp\/v2\/media\/179525"}],"wp:attachment":[{"href":"http:\/\/www.tvturk.com\/index.php\/wp-json\/wp\/v2\/media?parent=179524"}],"wp:term":[{"taxonomy":"category","embeddable":true,"href":"http:\/\/www.tvturk.com\/index.php\/wp-json\/wp\/v2\/categories?post=179524"},{"taxonomy":"post_tag","embeddable":true,"href":"http:\/\/www.tvturk.com\/index.php\/wp-json\/wp\/v2\/tags?post=179524"}],"curies":[{"name":"wp","href":"https:\/\/api.w.org\/{rel}","templated":true}]}}