{"id":179526,"date":"2019-07-08T20:17:18","date_gmt":"2019-07-08T17:17:18","guid":{"rendered":"http:\/\/www.tvturk.com\/index.php\/brice-djedje-kayserispora-imzayi-atti\/"},"modified":"2019-07-08T20:17:18","modified_gmt":"2019-07-08T17:17:18","slug":"brice-djedje-kayserispora-imzayi-atti","status":"publish","type":"post","link":"http:\/\/www.tvturk.com\/index.php\/brice-djedje-kayserispora-imzayi-atti\/","title":{"rendered":"Brice Djedje Kayserispor\u2019a imzay\u0131 att\u0131"},"content":{"rendered":"<p>Ankarag\u00fcc\u00fc\u2019n\u00fcn orta saha oyuncusu Brice Djedje, \u0130stikbal Mobilya Kayserispor\u2019la s\u00f6zle\u015fme yapt\u0131.<\/p>\n<p>2019-2019 Spor Toto S\u00fcper Lig sezonunda \u0130stikbal Mobilya Kayserispor kadrosu g\u00fc\u00e7lenmeye devam ediyor. Ge\u00e7ti\u011fimiz sezon Ankarag\u00fcc\u00fc\u2019nde forma giyen Fildi\u015fi Abidjan uyruklu orta saha oyuncusu Brice Djedje, bug\u00fcn sa\u011fl\u0131k kontrollerinden ge\u00e7erek, \u0130stikbal Mobilya Kayserispor\u2019la 1+1 y\u0131ll\u0131k s\u00f6zle\u015fmeye imza att\u0131.<\/p>\n<p>Sezona nas\u0131l ba\u015flan\u0131rsa \u00f6yle gidilece\u011fini ve Kayserispor\u2019un sezona g\u00fczel ba\u015flay\u0131p g\u00fczel bitirece\u011fini s\u00f6yleyen Kayserispor Y\u00f6netim Kurulu Ba\u015fkan\u0131 Erol Bedir, \u201cHer mevsimin ve her ay\u0131n farkl\u0131 \u00f6zelli\u011fi var. Ligler ba\u015fl\u0131yor, sezon sonu geliyor kurtulduk diyoruz ama hi\u00e7bir \u015fey bitmiyor. Transfer d\u00f6nemi ba\u015flad\u0131, giden oyuncular\u0131m\u0131z vard\u0131. Bunlarla ilgili \u00e7ok ciddi ve s\u0131k\u0131 \u00e7al\u0131\u015fmalar yapt\u0131k hocam\u0131zla ve y\u00f6netimimizle. Ger\u00e7ekten iyi bir kadro m\u00fchendisli\u011fi yapt\u0131\u011f\u0131m\u0131z\u0131 d\u00fc\u015f\u00fcn\u00fcyorum. S\u0131ralamam\u0131z\u0131 yap\u0131p her mevkiye adamlar\u0131m\u0131z\u0131 almaya \u00e7al\u0131\u015ft\u0131k. \u00d6nce yerli ve gen\u00e7 oyunculardan kadromuza katt\u0131k. Bug\u00fcn de s\u0131ra Ankarag\u00fcc\u00fc\u2019nden Djedje isimli hepimizin tan\u0131y\u0131p bildi\u011fi, orta sahada dinamo gibi ko\u015fan ve 6-8 kar\u0131\u015f\u0131m\u0131 oynayan bir oyuncuyu almaya geldi. \u00c7ok keyifli ve mutlu bir \u015fekilde bize geldi. Zaten piyasas\u0131 olan bir oyuncu. Onu hocam\u0131z da \u00e7ok istemi\u015fti ve transfer ettik bug\u00fcn imzas\u0131n\u0131 att\u0131. Herhalde yar\u0131ndan sonra antrenmanlara kat\u0131l\u0131r. Bundan sonras\u0131yla ilgili de hemen hemen her g\u00fcn bir iki oyuncu gelip imzalar\u0131n\u0131 atacaklar \u00e7\u00fcnk\u00fc siz de biliyorsunuz bizim k\u00f6t\u00fc bir huyumuz var.  Avustralya\u2019ya haz\u0131r bir \u015fekilde gitmek istiyoruz. Her sene tak\u0131m\u0131m\u0131z\u0131n tamam\u0131n\u0131 neredeyse kampa yeti\u015ftirmi\u015ftik. Bu da bize \u015f\u00f6yle bir avantaj sa\u011fl\u0131yor, ligler ba\u015flad\u0131\u011f\u0131nda eksiksiz ba\u015fl\u0131yoruz ve ilk ma\u00e7lar\u0131m\u0131z hep iyi ge\u00e7iyor. Hat\u0131rlay\u0131n ge\u00e7mi\u015f seneleri, nas\u0131l ba\u015flan\u0131rsa \u00f6yle gidiyor b\u00fcy\u00fck bir s\u0131k\u0131nt\u0131 olmad\u0131k\u00e7a. Biz de yar\u0131ndan itibaren, giden oyuncular\u0131m\u0131z\u0131n yerini dolduracak en az onlar kadar kaliteli ve Kayserisporumuzu yukar\u0131lara ta\u015f\u0131yacak oyuncular transfer edece\u011fiz\u201d dedi.<\/p>\n","protected":false},"excerpt":{"rendered":"<p>ANKARAG\u00dcC\u00dc\u2019N\u00dcN ORTA SAHA OYUNCUSU BR\u0130CE DJEDJE, \u0130ST\u0130KBAL MOB\u0130LYA KAYSER\u0130SPOR\u2019LA S\u00d6ZLE\u015eME YAPTI<\/p>\n","protected":false},"author":1,"featured_media":179527,"comment_status":"closed","ping_status":"open","sticky":false,"template":"","format":"standard","meta":{"jetpack_post_was_ever_published":false,"_jetpack_newsletter_access":"","_jetpack_dont_email_post_to_subs":false,"_jetpack_newsletter_tier_id":0,"_jetpack_memberships_contains_paywalled_content":false,"_jetpack_memberships_contains_paid_content":false,"footnotes":"","jetpack_publicize_message":"","jetpack_publicize_feature_enabled":true,"jetpack_social_post_already_shared":true,"jetpack_social_options":{"image_generator_settings":{"template":"highway","default_image_id":0,"font":"","enabled":false},"version":2}},"categories":[657],"tags":[2875,44117,44118,22353,12766],"class_list":["post-179526","post","type-post","status-publish","format-standard","has-post-thumbnail","hentry","category-spor","tag-atti","tag-brice","tag-djedje","tag-imzayi","tag-kayserispora"],"jetpack_publicize_connections":[],"jetpack_featured_media_url":"https:\/\/i0.wp.com\/www.tvturk.com\/wp-content\/uploads\/2019\/07\/brice-djedje-kayserispora-imzayi-atti_ebc056e.jpg?fit=1000%2C750","jetpack_sharing_enabled":true,"jetpack_shortlink":"https:\/\/wp.me\/paKIfm-KHA","_links":{"self":[{"href":"http:\/\/www.tvturk.com\/index.php\/wp-json\/wp\/v2\/posts\/179526","targetHints":{"allow":["GET"]}}],"collection":[{"href":"http:\/\/www.tvturk.com\/index.php\/wp-json\/wp\/v2\/posts"}],"about":[{"href":"http:\/\/www.tvturk.com\/index.php\/wp-json\/wp\/v2\/types\/post"}],"author":[{"embeddable":true,"href":"http:\/\/www.tvturk.com\/index.php\/wp-json\/wp\/v2\/users\/1"}],"replies":[{"embeddable":true,"href":"http:\/\/www.tvturk.com\/index.php\/wp-json\/wp\/v2\/comments?post=179526"}],"version-history":[{"count":0,"href":"http:\/\/www.tvturk.com\/index.php\/wp-json\/wp\/v2\/posts\/179526\/revisions"}],"wp:featuredmedia":[{"embeddable":true,"href":"http:\/\/www.tvturk.com\/index.php\/wp-json\/wp\/v2\/media\/179527"}],"wp:attachment":[{"href":"http:\/\/www.tvturk.com\/index.php\/wp-json\/wp\/v2\/media?parent=179526"}],"wp:term":[{"taxonomy":"category","embeddable":true,"href":"http:\/\/www.tvturk.com\/index.php\/wp-json\/wp\/v2\/categories?post=179526"},{"taxonomy":"post_tag","embeddable":true,"href":"http:\/\/www.tvturk.com\/index.php\/wp-json\/wp\/v2\/tags?post=179526"}],"curies":[{"name":"wp","href":"https:\/\/api.w.org\/{rel}","templated":true}]}}