{"id":179540,"date":"2019-07-08T21:16:30","date_gmt":"2019-07-08T18:16:30","guid":{"rendered":"http:\/\/www.tvturk.com\/index.php\/esekler-birinci-olabilmek-yaristi\/"},"modified":"2019-07-08T21:16:30","modified_gmt":"2019-07-08T18:16:30","slug":"esekler-birinci-olabilmek-yaristi","status":"publish","type":"post","link":"http:\/\/www.tvturk.com\/index.php\/esekler-birinci-olabilmek-yaristi\/","title":{"rendered":"E\u015fekler birinci olabilmek yar\u0131\u015ft\u0131"},"content":{"rendered":"<p>60. Uluslararas\u0131 Ak\u015fehir Nasreddin \u015eenli\u011fi kapsam\u0131nda Konya\u2019n\u0131n Ak\u015fehir il\u00e7esinde, \u2018E\u015fe\u011fe D\u00fcz Binme\u2019, \u2018E\u015fe\u011fe Ters Binme\u2019 ve \u2018En G\u00fczel G\u00f6zl\u00fc E\u015fek\u2019 yar\u0131\u015fmalar\u0131 yap\u0131ld\u0131.<\/p>\n<p>Ak\u015fehir Belediyesi ve Ak\u015fehir Nasreddin Hoca Av Do\u011fa Spor Kul\u00fcb\u00fcnce, Nasreddin Hoca Stadyumu\u2019nda ger\u00e7ekle\u015ftirilen yar\u0131\u015fmalara vatanda\u015flar da yo\u011fun ilgi g\u00f6sterdi. Etkinlik \u00f6ncesi protokol \u00fcyeleri, temsili Nasreddin Hoca ve halk danslar\u0131 ekipleri bir kortej yapt\u0131. Kortejde e\u015fe\u011fe ters binerek halk\u0131 selamlayan temsili Nasreddin Hoca vatanda\u015flara f\u0131st\u0131k ve \u015feker da\u011f\u0131tt\u0131. Ak\u015fehir Belediye Ba\u015fkan\u0131 Salih Akkaya, temsili Nasreddin Hoca ile il\u00e7e protokol\u00fcn\u00fcn de kat\u0131ld\u0131\u011f\u0131 yar\u0131\u015fmalarda ilk olarak e\u015fe\u011fe d\u00fcz binme yar\u0131\u015f\u0131 yap\u0131ld\u0131. Yar\u0131\u015flar \u00f6ncesi yerli ve yabanc\u0131 halk oyunu ekipleri taraf\u0131ndan g\u00f6steri sunuldu. 14 e\u015fe\u011fin kat\u0131ld\u0131\u011f\u0131 e\u015fe\u011fe d\u00fcz binme yar\u0131\u015f\u0131 2 etapta ger\u00e7ekle\u015ftirildi. Her etapta birinci, ikinci ve \u00fc\u00e7\u00fcnc\u00fc olan e\u015fekler, \u00fc\u00e7\u00fcnc\u00fc ve son etapta bir kez daha yar\u0131\u015farak birinci, ikinci, \u00fc\u00e7\u00fcnc\u00fc belirlendi. E\u015fe\u011fe d\u00fcz binme yar\u0131\u015f\u0131nda Mustafa Karakaya\u2019n\u0131n 2 numaral\u0131 e\u015fe\u011fi t\u00fcm e\u015fekleri ge\u00e7erek farkl\u0131 bir \u015fekilde birinci oldu.<\/p>\n<p>E\u015fe\u011fe ters binme yar\u0131\u015f\u0131nda ise biniciler e\u015feklere ters binerek biti\u015f \u00e7izgisine ula\u015fmaya \u00e7al\u0131\u015ft\u0131. Bu yar\u0131\u015fmada ise Samet Ta\u015ftan\u2019\u0131n 4 numaral\u0131 e\u015fe\u011fi t\u00fcm e\u015fekleri ge\u00e7erek birinci oldu. Yar\u0131\u015fmada son olarak en g\u00fczel g\u00f6zl\u00fc e\u015fek se\u00e7ildi. Yar\u0131\u015fmada, j\u00fcri \u00fcyeleri 14 e\u015fek aras\u0131ndan en g\u00fczel g\u00f6zl\u00fc e\u015fe\u011fi se\u00e7mekte olduk\u00e7a zorland\u0131. Yar\u0131\u015fmada 4 g\u00fcnl\u00fck olan s\u0131pa da dikkatleri \u00e7ekti. Temsili Nasreddin Hoca\u2019n\u0131n en g\u00fczel g\u00f6zl\u00fc e\u015fekleri incelerken \u2018Bizim zaman\u0131m\u0131zda e\u015feklerin g\u00f6zleri b\u00f6yle \u00e7ok parlam\u0131yordu. Acaba lens mi tak\u0131yorlar\u2019 esprisi izleyenleri g\u00fcld\u00fcrd\u00fc. Temsili Nasreddin Hoca\u2019n\u0131n J\u00fcri ba\u015fkanl\u0131\u011f\u0131nda yap\u0131lan yar\u0131\u015fmada Ali \u0130hsan \u00d6z\u2019\u00fcn 3 numaral\u0131 e\u015fe\u011fi en g\u00fczel g\u00f6zl\u00fc e\u015fek se\u00e7ildi. Yar\u0131\u015fmalarda dereceye giren e\u015fek sahiplerine para \u00f6d\u00fcl\u00fc ve kupalar\u0131 yar\u0131\u015fmay\u0131 izleyen, Ak\u015fehir Belediye Ba\u015fkan\u0131 Salih Akkaya, AK Parti \u0130l\u00e7e Ba\u015fkan\u0131 Abdurrahman \u00c7ardako\u011flu, temsili Nasreddin Hoca ve Ak\u015fehir Nasreddin Hoca Av Do\u011fa Spor Kul\u00fcb\u00fc Ba\u015fkan\u0131 Mehmet K\u00fc\u00e7\u00fcktongarlak taraf\u0131ndan verildi<\/p>\n","protected":false},"excerpt":{"rendered":"<p>60. ULUSLARARASI AK\u015eEH\u0130R NASREDD\u0130N \u015eENL\u0130\u011e\u0130 KAPSAMINDA KONYA\u2019NIN AK\u015eEH\u0130R \u0130L\u00c7ES\u0130NDE, \u2018E\u015eE\u011eE D\u00dcZ B\u0130NME\u2019, \u2018E\u015eE\u011eE TERS B\u0130NME\u2019 VE \u2018EN G\u00dcZEL G\u00d6ZL\u00dc E\u015eEK\u2019 YARI\u015eMALARI YAPILDI.<\/p>\n","protected":false},"author":1,"featured_media":179541,"comment_status":"closed","ping_status":"open","sticky":false,"template":"","format":"standard","meta":{"jetpack_post_was_ever_published":false,"_jetpack_newsletter_access":"","_jetpack_dont_email_post_to_subs":false,"_jetpack_newsletter_tier_id":0,"_jetpack_memberships_contains_paywalled_content":false,"_jetpack_memberships_contains_paid_content":false,"footnotes":"","jetpack_publicize_message":"","jetpack_publicize_feature_enabled":true,"jetpack_social_post_already_shared":true,"jetpack_social_options":{"image_generator_settings":{"template":"highway","default_image_id":0,"font":"","enabled":false},"version":2}},"categories":[1],"tags":[93,14654,3717,7830],"class_list":["post-179540","post","type-post","status-publish","format-standard","has-post-thumbnail","hentry","category-genel","tag-birinci","tag-esekler","tag-olabilmek","tag-yaristi"],"jetpack_publicize_connections":[],"jetpack_featured_media_url":"https:\/\/i0.wp.com\/www.tvturk.com\/wp-content\/uploads\/2019\/07\/esekler-birinci-olabilmek-yaristi_3016884.jpg?fit=1000%2C664","jetpack_sharing_enabled":true,"jetpack_shortlink":"https:\/\/wp.me\/paKIfm-KHO","_links":{"self":[{"href":"http:\/\/www.tvturk.com\/index.php\/wp-json\/wp\/v2\/posts\/179540","targetHints":{"allow":["GET"]}}],"collection":[{"href":"http:\/\/www.tvturk.com\/index.php\/wp-json\/wp\/v2\/posts"}],"about":[{"href":"http:\/\/www.tvturk.com\/index.php\/wp-json\/wp\/v2\/types\/post"}],"author":[{"embeddable":true,"href":"http:\/\/www.tvturk.com\/index.php\/wp-json\/wp\/v2\/users\/1"}],"replies":[{"embeddable":true,"href":"http:\/\/www.tvturk.com\/index.php\/wp-json\/wp\/v2\/comments?post=179540"}],"version-history":[{"count":0,"href":"http:\/\/www.tvturk.com\/index.php\/wp-json\/wp\/v2\/posts\/179540\/revisions"}],"wp:featuredmedia":[{"embeddable":true,"href":"http:\/\/www.tvturk.com\/index.php\/wp-json\/wp\/v2\/media\/179541"}],"wp:attachment":[{"href":"http:\/\/www.tvturk.com\/index.php\/wp-json\/wp\/v2\/media?parent=179540"}],"wp:term":[{"taxonomy":"category","embeddable":true,"href":"http:\/\/www.tvturk.com\/index.php\/wp-json\/wp\/v2\/categories?post=179540"},{"taxonomy":"post_tag","embeddable":true,"href":"http:\/\/www.tvturk.com\/index.php\/wp-json\/wp\/v2\/tags?post=179540"}],"curies":[{"name":"wp","href":"https:\/\/api.w.org\/{rel}","templated":true}]}}