{"id":179542,"date":"2019-07-08T21:16:35","date_gmt":"2019-07-08T18:16:35","guid":{"rendered":"http:\/\/www.tvturk.com\/index.php\/corludaki-tren-kazasinda-olenler-raylara-karanfil-birakilarak-anildi\/"},"modified":"2019-07-08T21:16:35","modified_gmt":"2019-07-08T18:16:35","slug":"corludaki-tren-kazasinda-olenler-raylara-karanfil-birakilarak-anildi","status":"publish","type":"post","link":"http:\/\/www.tvturk.com\/index.php\/corludaki-tren-kazasinda-olenler-raylara-karanfil-birakilarak-anildi\/","title":{"rendered":"\u00c7orlu\u2019daki tren kazas\u0131nda \u00f6lenler raylara karanfil b\u0131rak\u0131larak an\u0131ld\u0131"},"content":{"rendered":"<p>Tekirda\u011f\u2019\u0131n \u00c7orlu il\u00e7esinde 8 Temmuz 2018 tarihinde meydana gelen tren kazas\u0131nda \u00f6len 25 ki\u015fi kazan\u0131n y\u0131ld\u00f6n\u00fcm\u00fcnde raylara karanfil b\u0131rak\u0131larak an\u0131ld\u0131.<\/p>\n<p>Sar\u0131lar Mahallesi yak\u0131nlar\u0131nda 8 Temmuz 2018\u2019de meydana gelen tren kazas\u0131n\u0131n y\u0131l d\u00f6n\u00fcm\u00fc nedeniyle kazada hayat\u0131n\u0131 kaybedenlerin ve yaral\u0131lar\u0131n yak\u0131nlar\u0131 slogan atarak hemzemin ge\u00e7ide gitti.  Burada kazada \u00f6lenler i\u00e7in sela okunmas\u0131n\u0131n ard\u0131ndan raylara karanfil b\u0131rak\u0131ld\u0131.<\/p>\n<p>Ailelerin tren raylar\u0131na oturarak eylem yapmas\u0131n\u0131n ard\u0131ndan kazan\u0131n ya\u015fand\u0131\u011f\u0131 saatte ayn\u0131 hatta g\u00f6rev yapan tren olay yerinden ge\u00e7ti. Baz\u0131 vatanda\u015flar trene k\u0131rm\u0131z\u0131 karanfil atarken, baz\u0131lar\u0131 da ellerine ald\u0131klar\u0131 ta\u015flar\u0131 atmak isterken di\u011fer vatanda\u015flar ve jandarma ekipleri engel oldu. Daha sonra Sar\u0131lar Mahallesi camiinde kazada hayat\u0131n\u0131 kaybedenler i\u00e7in mevlit okutuldu.<\/p>\n<p>Ya\u015fanan kazada e\u015fi ve o\u011flunu kaybeden M\u0131sra \u00d6z, \u201cHepsini \u00f6zlemle hasretle sayg\u0131yla an\u0131yoruz. Bug\u00fcn bizim i\u00e7in s\u00f6yleyecek bir s\u00f6z\u00fcm\u00fcz yok. Ger\u00e7ekten bir \u015feyler s\u00f6yleyebilmek \u00e7ok zor. Her biri bizimle burada. Ge\u00e7en y\u0131l hepsi bizimle beraber nefes al\u0131yordu ama ne yaz\u0131k ki burada ta\u015flar\u0131n alt\u0131na yak\u0131nlar\u0131m\u0131z\u0131 g\u00f6md\u00fck. Hepsini \u00e7ok \u00f6zl\u00fcyoruz\u201d dedi.<\/p>\n<p>Kazan\u0131n y\u0131ld\u00f6n\u00fcm\u00fc nedeniyle d\u00fczenlenen anma program\u0131na CHP Tekirda\u011f Milletvekili \u0130lhami \u00d6zcan Aygun, \u00c7orlu Belediye Ba\u015fkan\u0131 Ahmet Sar\u0131kurt, belediye ba\u015fkan yard\u0131mc\u0131lar\u0131 \u00d6zcan Veysel Tun\u00e7can, Adnan Kum ve G\u00fcner \u00c7etin ile kazada yak\u0131nlar\u0131n\u0131 kaybedenler ile tren kazas\u0131 an\u0131nda yard\u0131ma ilk ko\u015fan Sar\u0131lar Mahallesi\u2019nin sakinleri kat\u0131ld\u0131.<\/p>\n","protected":false},"excerpt":{"rendered":"<p>TEK\u0130RDA\u011e\u2019IN \u00c7ORLU \u0130L\u00c7ES\u0130NDE GE\u00c7T\u0130\u011e\u0130M\u0130Z YIL 8 TEMMUZ 2018 TAR\u0130H\u0130NDE MEYDANA GELEN VE 25 K\u0130\u015e\u0130N\u0130N \u00d6L\u00dcM\u00dc 300\u2019DEN FAZLA K\u0130\u015e\u0130N\u0130N DE YARALANMASI \u0130LE SONU\u00c7LANAN TREN KAZASININ YILD\u00d6N\u00dcM\u00dcNDE KAZADA \u00d6LENLER, KAZANIN YA\u015eANDI\u011eI SAATTE TREN\u0130N GE\u00c7\u0130\u015e\u0130 SIRASINDA RAYLARA KARANF\u0130L VE \u00dcZER\u0130NDE S\u0130ZLER\u0130 SEV\u0130YORUZ YAZILI \u00c7ELENK BIRAKILARAK ANILDI.<\/p>\n","protected":false},"author":1,"featured_media":179543,"comment_status":"closed","ping_status":"open","sticky":false,"template":"","format":"standard","meta":{"jetpack_post_was_ever_published":false,"_jetpack_newsletter_access":"","_jetpack_dont_email_post_to_subs":false,"_jetpack_newsletter_tier_id":0,"_jetpack_memberships_contains_paywalled_content":false,"_jetpack_memberships_contains_paid_content":false,"footnotes":"","jetpack_publicize_message":"","jetpack_publicize_feature_enabled":true,"jetpack_social_post_already_shared":true,"jetpack_social_options":{"image_generator_settings":{"template":"highway","default_image_id":0,"font":"","enabled":false},"version":2}},"categories":[1],"tags":[241,44122,21434,12496,7568,20513,24693,5044],"class_list":["post-179542","post","type-post","status-publish","format-standard","has-post-thumbnail","hentry","category-genel","tag-anildi","tag-birakilarak","tag-corludaki","tag-karanfil","tag-kazasinda","tag-olenler","tag-raylara","tag-tren"],"jetpack_publicize_connections":[],"jetpack_featured_media_url":"https:\/\/i0.wp.com\/www.tvturk.com\/wp-content\/uploads\/2019\/07\/corludaki-tren-kazasinda-olenler-raylara-karanfil-birakilarak-anildi_38f8dc0.jpg?fit=1000%2C750","jetpack_sharing_enabled":true,"jetpack_shortlink":"https:\/\/wp.me\/paKIfm-KHQ","_links":{"self":[{"href":"http:\/\/www.tvturk.com\/index.php\/wp-json\/wp\/v2\/posts\/179542","targetHints":{"allow":["GET"]}}],"collection":[{"href":"http:\/\/www.tvturk.com\/index.php\/wp-json\/wp\/v2\/posts"}],"about":[{"href":"http:\/\/www.tvturk.com\/index.php\/wp-json\/wp\/v2\/types\/post"}],"author":[{"embeddable":true,"href":"http:\/\/www.tvturk.com\/index.php\/wp-json\/wp\/v2\/users\/1"}],"replies":[{"embeddable":true,"href":"http:\/\/www.tvturk.com\/index.php\/wp-json\/wp\/v2\/comments?post=179542"}],"version-history":[{"count":0,"href":"http:\/\/www.tvturk.com\/index.php\/wp-json\/wp\/v2\/posts\/179542\/revisions"}],"wp:featuredmedia":[{"embeddable":true,"href":"http:\/\/www.tvturk.com\/index.php\/wp-json\/wp\/v2\/media\/179543"}],"wp:attachment":[{"href":"http:\/\/www.tvturk.com\/index.php\/wp-json\/wp\/v2\/media?parent=179542"}],"wp:term":[{"taxonomy":"category","embeddable":true,"href":"http:\/\/www.tvturk.com\/index.php\/wp-json\/wp\/v2\/categories?post=179542"},{"taxonomy":"post_tag","embeddable":true,"href":"http:\/\/www.tvturk.com\/index.php\/wp-json\/wp\/v2\/tags?post=179542"}],"curies":[{"name":"wp","href":"https:\/\/api.w.org\/{rel}","templated":true}]}}