{"id":179568,"date":"2019-07-09T00:16:05","date_gmt":"2019-07-08T21:16:05","guid":{"rendered":"http:\/\/www.tvturk.com\/index.php\/hong-kong-protestolarinda-yeni-donem\/"},"modified":"2019-07-09T00:16:05","modified_gmt":"2019-07-08T21:16:05","slug":"hong-kong-protestolarinda-yeni-donem","status":"publish","type":"post","link":"http:\/\/www.tvturk.com\/index.php\/hong-kong-protestolarinda-yeni-donem\/","title":{"rendered":"Hong Kong protestolar\u0131nda yeni d\u00f6nem"},"content":{"rendered":"<p>\u00c7in\u2019in Hong Kong \u00d6zel \u0130dari B\u00f6lgesi\u2019nde su\u00e7lular\u0131n \u00c7in\u2019e iadesini sa\u011flayan yasa tasar\u0131s\u0131n\u0131 protesto eden g\u00f6stericiler \u00c7inli turistlerin ilgisini \u00e7ekmek i\u00e7in \u00f6zel pankartlar ta\u015f\u0131yarak, \u00c7in mill\u00ee mar\u015f\u0131n\u0131 okudu.<\/p>\n<p>Hong Kong\u2019da su\u00e7lular\u0131n \u00c7in\u2019e iade edilmesini \u00f6ng\u00f6ren yasa tasar\u0131s\u0131 i\u00e7in ba\u015flayan protestolar Hong Kong y\u00f6netimine geri ad\u0131m att\u0131rm\u0131\u015f ve yasa tasar\u0131s\u0131 ask\u0131ya al\u0131nm\u0131\u015ft\u0131. Ancak yasan\u0131n tamamen iptalini isteyen protestocular \u015fehir meclisini i\u015fgal etmi\u015f \u015fehirde hayat\u0131n fel\u00e7 olmas\u0131na neden olmu\u015ftu. Sadece Haziran ay\u0131nda d\u00fczenlenen d\u00f6rd\u00fcnc\u00fc g\u00f6steride protestocular, hedef kitlelerini Hong Kong\u2019un \u00f6tesine ta\u015f\u0131yarak \u00c7in\u2019in kendisini de hedef ald\u0131. \u0130ade yasas\u0131na dair \u015fik\u00e2yetlerini duyurmak isteyen \u00f6fkeli halk, bu haftaki g\u00f6sterilerde, \u00c7inli turistlerin yo\u011fun olarak bulundu\u011fu Kowloon Caddesi\u2019nde y\u00fcr\u00fcd\u00fc. Turistlere \u00f6zel afi\u015f ve pankartlar haz\u0131rlayan g\u00f6stericiler turistlerin anlayaca\u011f\u0131 \u015fekilde sadele\u015ftirilmi\u015f \u00c7ince pankartlar ta\u015f\u0131d\u0131. Turistlerin dikkatini \u00e7ekmek i\u00e7in farkl\u0131 y\u00f6ntemlere ba\u015fvuran g\u00f6stericiler, y\u00fcr\u00fcrken \u00c7in Ulusal Mar\u015f\u0131\u2019n\u0131 okudu. Protestocular ile polis aras\u0131nda \u00e7\u0131kan arbede sonucu 6 ki\u015fi g\u00f6zalt\u0131na al\u0131nd\u0131.<\/p>\n<p>G\u00f6steriyi d\u00fczenleyenler, protestolara 230 bin ki\u015finin kat\u0131ld\u0131\u011f\u0131n\u0131 iddia ederken, resmi makamlar kat\u0131l\u0131mc\u0131 say\u0131s\u0131n\u0131n 56 bin civar\u0131nda oldu\u011funu kaydetti.<\/p>\n","protected":false},"excerpt":{"rendered":"<p>\u00c7\u0130N\u2019\u0130N HONG KONG \u00d6ZEL \u0130DAR\u0130 B\u00d6LGES\u0130\u2019NDE SU\u00c7LULARIN \u00c7\u0130N&#8217;E \u0130ADES\u0130N\u0130 SA\u011eLAYAN YASA TASARISINI PROTESTO EDEN G\u00d6STER\u0130C\u0130LER \u00c7\u0130NL\u0130 TUR\u0130STLER\u0130N \u0130LG\u0130S\u0130N\u0130 \u00c7EKMEK \u0130\u00c7\u0130N \u00d6ZEL PANKARTLAR TA\u015eIYARAK, \u00c7\u0130N M\u0130LL\u00ce MAR\u015eINI OKUDU.<\/p>\n","protected":false},"author":1,"featured_media":179569,"comment_status":"closed","ping_status":"open","sticky":false,"template":"","format":"standard","meta":{"jetpack_post_was_ever_published":false,"_jetpack_newsletter_access":"","_jetpack_dont_email_post_to_subs":false,"_jetpack_newsletter_tier_id":0,"_jetpack_memberships_contains_paywalled_content":false,"_jetpack_memberships_contains_paid_content":false,"footnotes":"","jetpack_publicize_message":"","jetpack_publicize_feature_enabled":true,"jetpack_social_post_already_shared":true,"jetpack_social_options":{"image_generator_settings":{"template":"highway","default_image_id":0,"font":"","enabled":false},"version":2}},"categories":[10],"tags":[1530,13822,13823,32658,87],"class_list":["post-179568","post","type-post","status-publish","format-standard","has-post-thumbnail","hentry","category-dunya","tag-donem","tag-hong","tag-kong","tag-protestolarinda","tag-yeni"],"jetpack_publicize_connections":[],"jetpack_featured_media_url":"https:\/\/i0.wp.com\/www.tvturk.com\/wp-content\/uploads\/2019\/07\/hong-kong-protestolarinda-yeni-donem_22549d1.jpg?fit=1000%2C666","jetpack_sharing_enabled":true,"jetpack_shortlink":"https:\/\/wp.me\/paKIfm-KIg","_links":{"self":[{"href":"http:\/\/www.tvturk.com\/index.php\/wp-json\/wp\/v2\/posts\/179568","targetHints":{"allow":["GET"]}}],"collection":[{"href":"http:\/\/www.tvturk.com\/index.php\/wp-json\/wp\/v2\/posts"}],"about":[{"href":"http:\/\/www.tvturk.com\/index.php\/wp-json\/wp\/v2\/types\/post"}],"author":[{"embeddable":true,"href":"http:\/\/www.tvturk.com\/index.php\/wp-json\/wp\/v2\/users\/1"}],"replies":[{"embeddable":true,"href":"http:\/\/www.tvturk.com\/index.php\/wp-json\/wp\/v2\/comments?post=179568"}],"version-history":[{"count":0,"href":"http:\/\/www.tvturk.com\/index.php\/wp-json\/wp\/v2\/posts\/179568\/revisions"}],"wp:featuredmedia":[{"embeddable":true,"href":"http:\/\/www.tvturk.com\/index.php\/wp-json\/wp\/v2\/media\/179569"}],"wp:attachment":[{"href":"http:\/\/www.tvturk.com\/index.php\/wp-json\/wp\/v2\/media?parent=179568"}],"wp:term":[{"taxonomy":"category","embeddable":true,"href":"http:\/\/www.tvturk.com\/index.php\/wp-json\/wp\/v2\/categories?post=179568"},{"taxonomy":"post_tag","embeddable":true,"href":"http:\/\/www.tvturk.com\/index.php\/wp-json\/wp\/v2\/tags?post=179568"}],"curies":[{"name":"wp","href":"https:\/\/api.w.org\/{rel}","templated":true}]}}