{"id":179592,"date":"2019-07-09T09:31:27","date_gmt":"2019-07-09T06:31:27","guid":{"rendered":"http:\/\/www.tvturk.com\/index.php\/bu-ilcenin-gencleri-kiraathanede-kitap-okuyup-satranc-oynayarak-vakit-geciriyor\/"},"modified":"2019-07-09T09:31:27","modified_gmt":"2019-07-09T06:31:27","slug":"bu-ilcenin-gencleri-kiraathanede-kitap-okuyup-satranc-oynayarak-vakit-geciriyor","status":"publish","type":"post","link":"http:\/\/www.tvturk.com\/index.php\/bu-ilcenin-gencleri-kiraathanede-kitap-okuyup-satranc-oynayarak-vakit-geciriyor\/","title":{"rendered":"Bu il\u00e7enin gen\u00e7leri k\u0131raath\u00e2nede kitap okuyup, satran\u00e7 oynayarak vakit ge\u00e7iriyor"},"content":{"rendered":"<p>Bursa\u2019n\u0131n Mustafakemalpa\u015fa il\u00e7esinde a\u00e7\u0131lan k\u0131raath\u00e2neye giden gen\u00e7ler, kitap okuyup, satran\u00e7 oynayarak vakit ge\u00e7iriyor.<\/p>\n<p>Necip Faz\u0131l K\u0131sak\u00fcrek Millet K\u0131raath\u00e2nesi, il\u00e7ede bulunan \u00e7ocuk, gen\u00e7 ve vatanda\u015flar taraf\u0131ndan b\u00fcy\u00fck ra\u011fbet g\u00f6r\u00fcyor. Buraya gelen gen\u00e7ler, istedikleri kitab\u0131 okuyup, satran\u00e7 oyarken, bir yandan da \u00e7aylar\u0131n\u0131 yudumluyor. Uzun y\u0131llard\u0131r b\u00f6yle bir yerin hasretini \u00e7ektiklerini belirten il\u00e7e s\u00e2kinleri, k\u0131raathaneye ak\u0131n ediyor.<\/p>\n<p>Yeni a\u00e7\u0131l\u0131\u015f\u0131n\u0131 yapt\u0131klar\u0131 Necip Faz\u0131l K\u0131sak\u00fcrek Millet K\u0131raath\u00e2nesi\u2019ni ziyaret eden Mustafakemalpa\u015fa Belediye Ba\u015fkan\u0131 Mehmet Kanar, &#8220;Daha \u00f6nceki d\u00f6nemde haz\u0131rlanan, bize de a\u00e7mas\u0131 nasip olan k\u0131raath\u00e2nenin halk\u0131m\u0131za hay\u0131rl\u0131 olmas\u0131n\u0131 diliyorum. \u00c7ok nezih bir ortam oldu. Biz buray\u0131 daha g\u00fczel hale getirmek i\u00e7in \u00e7al\u0131\u015fmalar\u0131m\u0131za devam ediyoruz. De\u011ferli halk\u0131m\u0131zdan buraya kitap istiyoruz. Ellerinde okumad\u0131klar\u0131 fazla kitaplar varsa buraya getirebilirler. Biz buraya olan ra\u011fbeti g\u00f6r\u00fcnce di\u011fer mahallelerimize de a\u00e7may\u0131 d\u00fc\u015f\u00fcn\u00fcyoruz&#8221; dedi.<\/p>\n","protected":false},"excerpt":{"rendered":"<p>BU \u0130L\u00c7EDE GEN\u00c7LER KIRAATHANEDE K\u0130TAP OKUYUP SANTRA\u00c7 OYNAYARAK VAK\u0130T GE\u00c7\u0130R\u0130YOR<\/p>\n","protected":false},"author":1,"featured_media":179593,"comment_status":"closed","ping_status":"open","sticky":false,"template":"","format":"standard","meta":{"jetpack_post_was_ever_published":false,"_jetpack_newsletter_access":"","_jetpack_dont_email_post_to_subs":false,"_jetpack_newsletter_tier_id":0,"_jetpack_memberships_contains_paywalled_content":false,"_jetpack_memberships_contains_paid_content":false,"footnotes":"","jetpack_publicize_message":"","jetpack_publicize_feature_enabled":true,"jetpack_social_post_already_shared":true,"jetpack_social_options":{"image_generator_settings":{"template":"highway","default_image_id":0,"font":"","enabled":false},"version":2}},"categories":[1],"tags":[17206,2718,8071,4074,41464,44134,9289,6765,1061],"class_list":["post-179592","post","type-post","status-publish","format-standard","has-post-thumbnail","hentry","category-genel","tag-geciriyor","tag-gencleri","tag-ilcenin","tag-kitap","tag-kiraathanede","tag-okuyup","tag-oynayarak","tag-satranc","tag-vakit"],"jetpack_publicize_connections":[],"jetpack_featured_media_url":"https:\/\/i0.wp.com\/www.tvturk.com\/wp-content\/uploads\/2019\/07\/bu-ilcenin-gencleri-kiraathnede-kitap-okuyup-satranc-oynayarak-vakit-geciriyor_760a89d.jpg?fit=1000%2C604","jetpack_sharing_enabled":true,"jetpack_shortlink":"https:\/\/wp.me\/paKIfm-KIE","_links":{"self":[{"href":"http:\/\/www.tvturk.com\/index.php\/wp-json\/wp\/v2\/posts\/179592","targetHints":{"allow":["GET"]}}],"collection":[{"href":"http:\/\/www.tvturk.com\/index.php\/wp-json\/wp\/v2\/posts"}],"about":[{"href":"http:\/\/www.tvturk.com\/index.php\/wp-json\/wp\/v2\/types\/post"}],"author":[{"embeddable":true,"href":"http:\/\/www.tvturk.com\/index.php\/wp-json\/wp\/v2\/users\/1"}],"replies":[{"embeddable":true,"href":"http:\/\/www.tvturk.com\/index.php\/wp-json\/wp\/v2\/comments?post=179592"}],"version-history":[{"count":0,"href":"http:\/\/www.tvturk.com\/index.php\/wp-json\/wp\/v2\/posts\/179592\/revisions"}],"wp:featuredmedia":[{"embeddable":true,"href":"http:\/\/www.tvturk.com\/index.php\/wp-json\/wp\/v2\/media\/179593"}],"wp:attachment":[{"href":"http:\/\/www.tvturk.com\/index.php\/wp-json\/wp\/v2\/media?parent=179592"}],"wp:term":[{"taxonomy":"category","embeddable":true,"href":"http:\/\/www.tvturk.com\/index.php\/wp-json\/wp\/v2\/categories?post=179592"},{"taxonomy":"post_tag","embeddable":true,"href":"http:\/\/www.tvturk.com\/index.php\/wp-json\/wp\/v2\/tags?post=179592"}],"curies":[{"name":"wp","href":"https:\/\/api.w.org\/{rel}","templated":true}]}}