{"id":179606,"date":"2019-07-09T09:31:56","date_gmt":"2019-07-09T06:31:56","guid":{"rendered":"http:\/\/www.tvturk.com\/index.php\/ozel-istanbulda-motosikletlinin-yasadigi-ilginc-kaza-kamerada\/"},"modified":"2019-07-09T09:31:56","modified_gmt":"2019-07-09T06:31:56","slug":"ozel-istanbulda-motosikletlinin-yasadigi-ilginc-kaza-kamerada","status":"publish","type":"post","link":"http:\/\/www.tvturk.com\/index.php\/ozel-istanbulda-motosikletlinin-yasadigi-ilginc-kaza-kamerada\/","title":{"rendered":"(\u00d6zel) \u0130stanbul\u2019da motosikletlinin ya\u015fad\u0131\u011f\u0131 ilgin\u00e7 kaza kamerada"},"content":{"rendered":"<p>Sar\u0131yer\u2019de trafikte seyir halinde olan motosikletli gence, kendisini s\u0131k\u0131\u015ft\u0131rmamas\u0131 i\u00e7in defalarca korna \u00e7alarak uyard\u0131\u011f\u0131 otomobil s\u00fcr\u00fcc\u00fcs\u00fc \u00e7arpt\u0131. Kaza an\u0131 kask kameras\u0131na yans\u0131rken, s\u00fcr\u00fcc\u00fc ise gen\u00e7ten \u00f6z\u00fcr diledi.<\/p>\n<p>Sar\u0131yer Merkez Mahallesi Meseburnu Caddesi \u00fczerinde ge\u00e7ti\u011fimiz g\u00fcnlerde motosikletli bir gen\u00e7, trafikte seyretmeye ba\u015flad\u0131. Gencin \u00f6n\u00fcne bir s\u00fcre sonra otomobil ge\u00e7ti. Motosikletli gen\u00e7 yava\u015flad\u0131ktan sonra arac\u0131 sa\u011f taraf\u0131ndan ge\u00e7mek istedi. Genci fark etmeyen otomobil s\u00fcr\u00fcc\u00fcs\u00fc de direksiyonu sa\u011fa do\u011fru k\u0131rd\u0131. Arac\u0131 fark eden gen\u00e7 s\u00fcr\u00fcc\u00fcs\u00fcne defalarca korna \u00e7ald\u0131 ancak kazadan kurtulamad\u0131.<\/p>\n<p>Defalarca korna bast\u0131, kazadan kurtulamad\u0131<\/p>\n<p>Otomobil \u00e7arpt\u0131\u011f\u0131 motosikletli gen\u00e7 yere d\u00fc\u015ferek hafif \u015fekilde yaralan\u0131rken, servisten yeni \u00e7\u0131kt\u0131\u011f\u0131 \u00f6\u011frenilen motosikletli de hasar ald\u0131. Kazan\u0131n ard\u0131ndan arac\u0131ndan inen s\u00fcr\u00fcc\u00fc, gencin yan\u0131na giderek bir \u015fey olup olmad\u0131\u011f\u0131n\u0131 sordu. Gencin sinyal vermesini ve dikkatli olmas\u0131 gerekti\u011fini s\u00f6yledi\u011fi s\u00fcr\u00fcc\u00fc de \u00f6z\u00fcr diledi. Ya\u015fananlar ise kask kameras\u0131na yans\u0131d\u0131.<\/p>\n","protected":false},"excerpt":{"rendered":"<p>SARIYER\u2019DE TRAF\u0130KTE SEY\u0130R HAL\u0130NDE OLAN MOTOS\u0130KLETL\u0130 GENCE, KEND\u0130S\u0130N\u0130 SIKI\u015eTIRMAMASI \u0130\u00c7\u0130N DEFALARCA KORNA \u00c7ALARAK UYARDI\u011eI OTOMOB\u0130L \u00c7ARPTI.<\/p>\n","protected":false},"author":1,"featured_media":179607,"comment_status":"closed","ping_status":"open","sticky":false,"template":"","format":"standard","meta":{"jetpack_post_was_ever_published":false,"_jetpack_newsletter_access":"","_jetpack_dont_email_post_to_subs":false,"_jetpack_newsletter_tier_id":0,"_jetpack_memberships_contains_paywalled_content":false,"_jetpack_memberships_contains_paid_content":false,"footnotes":"","jetpack_publicize_message":"","jetpack_publicize_feature_enabled":true,"jetpack_social_post_already_shared":true,"jetpack_social_options":{"image_generator_settings":{"template":"highway","default_image_id":0,"font":"","enabled":false},"version":2}},"categories":[1],"tags":[1073,585,1268,1142,852,20625,9095],"class_list":["post-179606","post","type-post","status-publish","format-standard","has-post-thumbnail","hentry","category-genel","tag-ozel","tag-ilginc","tag-istanbulda","tag-kamerada","tag-kaza","tag-motosikletlinin","tag-yasadigi"],"jetpack_publicize_connections":[],"jetpack_featured_media_url":"https:\/\/i0.wp.com\/www.tvturk.com\/wp-content\/uploads\/2019\/07\/ozel-istanbulda-motosikletlinin-yasadigi-ilginc-kaza-kamerada_09724f0.jpg?fit=848%2C400","jetpack_sharing_enabled":true,"jetpack_shortlink":"https:\/\/wp.me\/paKIfm-KIS","_links":{"self":[{"href":"http:\/\/www.tvturk.com\/index.php\/wp-json\/wp\/v2\/posts\/179606","targetHints":{"allow":["GET"]}}],"collection":[{"href":"http:\/\/www.tvturk.com\/index.php\/wp-json\/wp\/v2\/posts"}],"about":[{"href":"http:\/\/www.tvturk.com\/index.php\/wp-json\/wp\/v2\/types\/post"}],"author":[{"embeddable":true,"href":"http:\/\/www.tvturk.com\/index.php\/wp-json\/wp\/v2\/users\/1"}],"replies":[{"embeddable":true,"href":"http:\/\/www.tvturk.com\/index.php\/wp-json\/wp\/v2\/comments?post=179606"}],"version-history":[{"count":0,"href":"http:\/\/www.tvturk.com\/index.php\/wp-json\/wp\/v2\/posts\/179606\/revisions"}],"wp:featuredmedia":[{"embeddable":true,"href":"http:\/\/www.tvturk.com\/index.php\/wp-json\/wp\/v2\/media\/179607"}],"wp:attachment":[{"href":"http:\/\/www.tvturk.com\/index.php\/wp-json\/wp\/v2\/media?parent=179606"}],"wp:term":[{"taxonomy":"category","embeddable":true,"href":"http:\/\/www.tvturk.com\/index.php\/wp-json\/wp\/v2\/categories?post=179606"},{"taxonomy":"post_tag","embeddable":true,"href":"http:\/\/www.tvturk.com\/index.php\/wp-json\/wp\/v2\/tags?post=179606"}],"curies":[{"name":"wp","href":"https:\/\/api.w.org\/{rel}","templated":true}]}}