{"id":179668,"date":"2019-07-09T10:46:34","date_gmt":"2019-07-09T07:46:34","guid":{"rendered":"http:\/\/www.tvturk.com\/index.php\/izmirin-gobeginde-cop-daglari\/"},"modified":"2019-07-09T10:46:34","modified_gmt":"2019-07-09T07:46:34","slug":"izmirin-gobeginde-cop-daglari","status":"publish","type":"post","link":"http:\/\/www.tvturk.com\/index.php\/izmirin-gobeginde-cop-daglari\/","title":{"rendered":"\u0130zmir\u2019in g\u00f6be\u011finde \u00e7\u00f6p da\u011flar\u0131"},"content":{"rendered":"<p>\u0130zmir\u2019in g\u00f6be\u011finde toplanmayan \u00e7\u00f6plerden olu\u015fan \u00e7\u00f6p da\u011flar\u0131 vatanda\u015flar\u0131 isyan ettirdi. Kimyasal yan\u0131c\u0131 maddelerden olu\u015fan \u00e7\u00f6p y\u0131\u011f\u0131nlar\u0131nda defalarca yang\u0131n \u00e7\u0131kmas\u0131 sonucu d\u00fckkanlar\u0131n\u0131n yanma riskiyle kar\u015f\u0131 kar\u015f\u0131ya kald\u0131klar\u0131n\u0131 belirten esnaf, fare, sinek ve k\u00f6t\u00fc kokudan duramad\u0131klar\u0131n\u0131 belirterek yetkililere seslendi.<\/p>\n<p>Bornova il\u00e7esi I\u015f\u0131kkent\u2019te, Ayakkab\u0131c\u0131lar Sitesi\u2019nden \u00e7\u0131kan at\u0131klar\u0131n toplanmamas\u0131 esnaf\u0131n tepkisine neden oldu. \u00c7\u00f6pler toplanmad\u0131\u011f\u0131 i\u00e7in ortaya \u00e7\u0131kan g\u00f6r\u00fcnt\u00fcden, pis kokudan, fare ve sineklerden rahats\u0131z olduklar\u0131n\u0131 belirten vatanda\u015flar, \u00e7\u00f6plerin ham maddesinin kimyasal yan\u0131c\u0131 maddelerden olu\u015ftu\u011funu, defalarca yang\u0131n \u00e7\u0131kt\u0131\u011f\u0131n\u0131 ve \u00e7\u00f6p da\u011flar\u0131n\u0131n t\u00fcm esnaf\u0131 tehdit etti\u011fini ifade etti.<\/p>\n<p>Ayakkab\u0131c\u0131lar Sitesi esnaflar\u0131ndan Vedat Karan, \u201cBiz vergimizi veriyoruz ama \u00e7\u00f6pleri toplayan yok. Ba\u011fl\u0131 bulundu\u011fumuz belediye gelip de burada \u00e7\u00f6pleri toplam\u0131yor. Yetkili mercilerin gelip de bu \u00e7\u00f6pleri almas\u0131n\u0131 rica ediyoruz. \u00c7\u00f6plerin pis kokusundan, yang\u0131n \u00e7\u0131kmas\u0131ndan b\u0131kt\u0131k. Hem vergimizi veriyoruz ama bize hizmet edilmiyor\u201d dedi.<\/p>\n<p>\u201cHem \u00e7\u00f6p vergisi \u00f6d\u00fcyoruz hem hizmet alam\u0131yoruz\u201d<\/p>\n<p>\u00d6mer Adaba\u015f isimli esnaf da vergilerini vermelerine ra\u011fmen \u00e7\u00f6pleri vatanda\u015flar\u0131n kendilerinin mi toplayaca\u011f\u0131n\u0131 sorarak, \u201cHerkes burada vergisini \u00f6d\u00fcyor. Suyunu \u00f6d\u00fcyor, elektri\u011fini \u00f6d\u00fcyor. Ama \u00e7\u00f6p konusuna gelince kimse toplam\u0131yor. Kim toplayacak bunlar\u0131, vatanda\u015f kamyon tutup da m\u0131 g\u00f6t\u00fcrecek. Buras\u0131 neymi\u015f, sitenin d\u0131\u015f\u0131ndaym\u0131\u015f. B\u00f6yle bir \u015fey var m\u0131, sitenin \u00e7\u00f6pleri her g\u00fcn toplan\u0131yor, e bizimkiler neden toplanm\u0131yor. Herkes \u00e7\u00f6p vergisini \u00f6d\u00fcyor. Buradan gelen ge\u00e7en vatanda\u015f sigara izmariti at\u0131yor tutu\u015fuyor. Kimsenin kimseye kas\u0131t\u0131 yok ama \u00e7\u00f6pler zaten kuru ve bunlar petrolden meydana geliyor. En ufak bir k\u0131v\u0131lc\u0131m da alev al\u0131yor\u201d ifadelerini kulland\u0131.<\/p>\n<p>\u201cFare ve sinekten duram\u0131yoruz\u201d<\/p>\n<p>D\u00fckkan\u0131n\u0131n hemen kar\u015f\u0131s\u0131ndan \u00e7\u00f6p y\u0131\u011f\u0131nlar\u0131 olu\u015fan bir ba\u015fka esnaf ise sitede yakla\u015f\u0131k 10 bin ki\u015finin \u00e7al\u0131\u015ft\u0131\u011f\u0131n\u0131 ancak insana sekt\u00f6re de\u011fer verilmedi\u011fini dile getirerek, fare ve sinekten duramad\u0131klar\u0131n\u0131 her yerin pislik i\u00e7inde oldu\u011funu s\u00f6yledi.<\/p>\n<p>\u201cDefalarca yang\u0131n \u00e7\u0131kt\u0131, b\u00fct\u00fcn esnaflar yang\u0131ndan korkuyoruz\u201d<\/p>\n<p>\u00c7\u00f6plerden dolay\u0131 defalarca yang\u0131n \u00e7\u0131kt\u0131\u011f\u0131n\u0131 ifade eden site esnaflar\u0131ndan Kaan Kutlubay ise &#8220;Bir senedir u\u011fra\u015f\u0131yoruz. Ge\u00e7en sene bir d\u00f6nem belediye topluyordu. Fakat 5-6 ayd\u0131r hi\u00e7 toplanm\u0131yor. 4 -5 tane yang\u0131n g\u00f6rd\u00fcm 2 senede. 4 tane itfaiye geldi. G\u00fcnd\u00fcz oldu ki bu gece olabilir. Yakla\u015f\u0131k \u015fu binadan 15 -20 metre alevler \u00e7\u0131km\u0131\u015f. Bununla ilgili \u00e7\u00f6z\u00fcm \u00fcretilmesi istiyoruz. \u00c7\u00f6plerin hepsi petrol i\u00e7eren, kimyasal maddelerden olu\u015fuyor.  Bir yang\u0131n \u00e7\u0131ksa ve yang\u0131n\u0131n s\u0131\u00e7rayabilece\u011fi her yerde, her d\u00fckkanda zaten kimyasal yap\u0131\u015ft\u0131r\u0131c\u0131lar, ila\u00e7lar var. Bence bir g\u00fcn arkas\u0131 kesilemeyecek yang\u0131n gelecek. Yetkilileri defalarca uyard\u0131\u011f\u0131m\u0131z halde daha da uyarmak istiyoruz. Bir facian\u0131n \u00f6n\u00fcne ge\u00e7mek istiyoruz. Bu \u00e7\u00f6plerin i\u00e7inde \u015fi\u015fe at\u0131\u011f\u0131 da var hayvan le\u015fi de var. Bu ayr\u0131 bir \u015fey ama art\u0131k b\u00fct\u00fcn esnaflar yang\u0131ndan  korkuyor\u201d diye konu\u015ftu.<\/p>\n<p>\u201c\u00c7\u0131kan yang\u0131nda d\u00fckkan\u0131m yan\u0131yordu\u201d<\/p>\n<p>\u00c7\u00f6p y\u0131\u011f\u0131nlar\u0131nda zaman \u00e7\u0131kan yang\u0131nlardan birinin d\u00fckkan\u0131na s\u0131\u00e7rad\u0131\u011f\u0131n\u0131 ve klimas\u0131n\u0131n yand\u0131\u011f\u0131n\u0131 ifade eden bir ba\u015fka esnaf da \u201c15 g\u00fcnl\u00fck esnaf\u0131m ge\u00e7en g\u00fcn klimam yand\u0131, ma\u011fdur oldum. Reklam vergisi veriyorum, \u00e7\u00f6p vergimi veriyorum ve hizmet istiyorum. Sineklerden, kokudan duram\u0131yoruz. Onu ge\u00e7tim d\u00fckkan\u0131m yan\u0131yor. Sa\u011fl\u0131k y\u00f6n\u00fcnden de tehdit ediyor. Sineklerden m\u00fc\u015fterilerim \u00e7ok rahats\u0131z oluyor. Ak\u015fam eve gitti\u011fimde korkuyorum, birisi bir sigara atsa kimyasal madde d\u00fckkan\u0131m yanacak. \u00c7ok ma\u011fduruz yetkililere sesleniyoruz. Ge\u00e7en g\u00fcn 4 tane itfaiye geldi. Korkuyoruz. Vallahi korkuyorum, ne diyece\u011fimi bilmiyorum\u201d ifadelerini kulland\u0131.<\/p>\n","protected":false},"excerpt":{"rendered":"<p>\u0130ZM\u0130R\u2019\u0130N G\u00d6BE\u011e\u0130NDE TOPLANMAYAN \u00c7\u00d6PLERDEN OLU\u015eAN \u00c7\u00d6P DA\u011eLARI VATANDA\u015eLARI \u0130SYAN ETT\u0130RD\u0130.<\/p>\n","protected":false},"author":1,"featured_media":179669,"comment_status":"closed","ping_status":"open","sticky":false,"template":"","format":"standard","meta":{"jetpack_post_was_ever_published":false,"_jetpack_newsletter_access":"","_jetpack_dont_email_post_to_subs":false,"_jetpack_newsletter_tier_id":0,"_jetpack_memberships_contains_paywalled_content":false,"_jetpack_memberships_contains_paid_content":false,"footnotes":"","jetpack_publicize_message":"","jetpack_publicize_feature_enabled":true,"jetpack_social_post_already_shared":true,"jetpack_social_options":{"image_generator_settings":{"template":"highway","default_image_id":0,"font":"","enabled":false},"version":2}},"categories":[1],"tags":[5448,40232,22471,1342],"class_list":["post-179668","post","type-post","status-publish","format-standard","has-post-thumbnail","hentry","category-genel","tag-cop","tag-daglari","tag-gobeginde","tag-izmirin"],"jetpack_publicize_connections":[],"jetpack_featured_media_url":"https:\/\/i0.wp.com\/www.tvturk.com\/wp-content\/uploads\/2019\/07\/izmirin-gobeginde-cop-daglari_505cfd3.jpg?fit=1000%2C750","jetpack_sharing_enabled":true,"jetpack_shortlink":"https:\/\/wp.me\/paKIfm-KJS","_links":{"self":[{"href":"http:\/\/www.tvturk.com\/index.php\/wp-json\/wp\/v2\/posts\/179668","targetHints":{"allow":["GET"]}}],"collection":[{"href":"http:\/\/www.tvturk.com\/index.php\/wp-json\/wp\/v2\/posts"}],"about":[{"href":"http:\/\/www.tvturk.com\/index.php\/wp-json\/wp\/v2\/types\/post"}],"author":[{"embeddable":true,"href":"http:\/\/www.tvturk.com\/index.php\/wp-json\/wp\/v2\/users\/1"}],"replies":[{"embeddable":true,"href":"http:\/\/www.tvturk.com\/index.php\/wp-json\/wp\/v2\/comments?post=179668"}],"version-history":[{"count":0,"href":"http:\/\/www.tvturk.com\/index.php\/wp-json\/wp\/v2\/posts\/179668\/revisions"}],"wp:featuredmedia":[{"embeddable":true,"href":"http:\/\/www.tvturk.com\/index.php\/wp-json\/wp\/v2\/media\/179669"}],"wp:attachment":[{"href":"http:\/\/www.tvturk.com\/index.php\/wp-json\/wp\/v2\/media?parent=179668"}],"wp:term":[{"taxonomy":"category","embeddable":true,"href":"http:\/\/www.tvturk.com\/index.php\/wp-json\/wp\/v2\/categories?post=179668"},{"taxonomy":"post_tag","embeddable":true,"href":"http:\/\/www.tvturk.com\/index.php\/wp-json\/wp\/v2\/tags?post=179668"}],"curies":[{"name":"wp","href":"https:\/\/api.w.org\/{rel}","templated":true}]}}