{"id":17970,"date":"2019-02-10T12:48:51","date_gmt":"2019-02-10T09:48:51","guid":{"rendered":"http:\/\/www.tvturk.com\/index.php\/fazil-saydan-trabzona-beste-sozu\/"},"modified":"2019-02-10T12:48:55","modified_gmt":"2019-02-10T09:48:55","slug":"fazil-saydan-trabzona-beste-sozu","status":"publish","type":"post","link":"http:\/\/www.tvturk.com\/index.php\/fazil-saydan-trabzona-beste-sozu\/","title":{"rendered":"Faz\u0131l Say\u2019dan Trabzon\u2019a beste s\u00f6z\u00fc"},"content":{"rendered":"<p>D\u00fcnyaca \u00fcnl\u00fc piyanist ve besteci Faz\u0131l Say, Trabzon\u2019da bir konser verdi.<\/p>\n<p>Karadeniz Teknik \u00dcniversitesi (KT\u00dc) Atat\u00fcrk K\u00fclt\u00fcr Merkezi\u2019nde \u00e7ok say\u0131da klasik m\u00fczikseverin izledi\u011fi konser yakla\u015f\u0131k 1,5 saat s\u00fcrd\u00fc. Konseri izleyenler aras\u0131nda yer alan Ortahisar Belediye Ba\u015fkan\u0131 Ahmet Metin Gen\u00e7, konser sonras\u0131nda Faz\u0131l Say\u2019a \u00e7i\u00e7ek vererek konseri i\u00e7in te\u015fekk\u00fcr etti. Gen\u00e7, Say\u2019dan bestesi sadece Trabzon ile ilgili bir eser s\u00f6z\u00fc ald\u0131.<\/p>\n<p>Ba\u015fkan Gen\u00e7, konserle ilgili d\u00fc\u015f\u00fcncelerini ifade ederek \u201cKonseri e\u015fimle birlikte izledim. \u0130lk defa Faz\u0131l Say\u2019\u0131n konserini izleme imk\u00e2n\u0131m oldu. \u00c7ok b\u00fcy\u00fck bir keyif ald\u0131\u011f\u0131m\u0131 ifade etmek istiyorum. Faz\u0131l Say\u2019\u0131n T\u00fcrkiye\u2019nin yeti\u015ftirdi\u011fi en \u00f6nemli piyanistlerden biri oldu\u011funu bir kez daha g\u00f6rme f\u0131rsat\u0131m\u0131z oldu. Umar\u0131z bu t\u00fcr sanat etkinlikleri \u015fehrimizde daha \u00e7ok yap\u0131l\u0131r. Konsere kat\u0131l\u0131m\u0131n olduk\u00e7a yo\u011fundu. Bu da memnuniyet vericiydi. \u015eehrimizde demek ki, bu t\u00fcr etkinlikler yap\u0131lmas\u0131na y\u00f6nelik ciddi talep var. Kendisinden de bestesi sadece Trabzon\u2019la ilgili bir eser s\u00f6z\u00fc ald\u0131k\u201d dedi.<div class=\"tiled-gallery type-rectangular tiled-gallery-unresized\" data-original-width=\"500\" data-carousel-extra='null' itemscope itemtype=\"http:\/\/schema.org\/ImageGallery\" > <div class=\"gallery-row\" style=\"width: 500px; height: 228px;\" data-original-width=\"500\" data-original-height=\"228\" > <div class=\"gallery-group images-1\" style=\"width: 340px; height: 228px;\" data-original-width=\"340\" data-original-height=\"228\" > <div class=\"tiled-gallery-item tiled-gallery-item-large\" itemprop=\"associatedMedia\" itemscope itemtype=\"http:\/\/schema.org\/ImageObject\"> <a href=\"http:\/\/www.tvturk.com\/index.php\/fazil-saydan-trabzona-beste-sozu\/fazil-saydan-trabzona-beste-sozu-3\/\" border=\"0\" itemprop=\"url\"> <meta itemprop=\"width\" content=\"336\"> <meta itemprop=\"height\" content=\"224\"> <img decoding=\"async\" class=\"\" data-attachment-id=\"17972\" data-orig-file=\"http:\/\/www.tvturk.com\/wp-content\/uploads\/2019\/02\/fazil-saydan-trabzona-beste-sozu_ab7243b.jpg\" data-orig-size=\"1000,666\" data-comments-opened=\"\" data-image-meta=\"{&quot;aperture&quot;:&quot;0&quot;,&quot;credit&quot;:&quot;IHA&quot;,&quot;camera&quot;:&quot;&quot;,&quot;caption&quot;:&quot;D\\u00dcNYACA \\u00dcNL\\u00dc P\\u0130YAN\\u0130ST VE BESTEC\\u0130 FAZIL SAY, TRABZON\\u2019DA B\\u0130R KONSER VERD\\u0130. (\\u0130HA\\\/TRABZON-\\u0130HA)&quot;,&quot;created_timestamp&quot;:&quot;0&quot;,&quot;copyright&quot;:&quot;\\u0130HLAS HABER AJANSI, www.iha.com.tr&quot;,&quot;focal_length&quot;:&quot;0&quot;,&quot;iso&quot;:&quot;0&quot;,&quot;shutter_speed&quot;:&quot;0&quot;,&quot;title&quot;:&quot;FAZIL SAY\\u2019DAN TRABZON\\u2019A BESTE S\\u00d6Z\\u00dc&quot;,&quot;orientation&quot;:&quot;0&quot;}\" data-image-title=\"Faz\u0131l Say\u2019dan Trabzon\u2019a beste s\u00f6z\u00fc\" data-image-description=\"&lt;p&gt;Faz\u0131l Say\u2019dan Trabzon\u2019a beste s\u00f6z\u00fc&lt;\/p&gt; \" data-medium-file=\"https:\/\/i0.wp.com\/www.tvturk.com\/wp-content\/uploads\/2019\/02\/fazil-saydan-trabzona-beste-sozu_ab7243b.jpg?fit=300%2C200\" data-large-file=\"https:\/\/i0.wp.com\/www.tvturk.com\/wp-content\/uploads\/2019\/02\/fazil-saydan-trabzona-beste-sozu_ab7243b.jpg?fit=1000%2C666\" src=\"https:\/\/i0.wp.com\/www.tvturk.com\/wp-content\/uploads\/2019\/02\/fazil-saydan-trabzona-beste-sozu_ab7243b.jpg?w=336&#038;h=224\" srcset=\"https:\/\/i0.wp.com\/www.tvturk.com\/wp-content\/uploads\/2019\/02\/fazil-saydan-trabzona-beste-sozu_ab7243b.jpg?w=1000 1000w, https:\/\/i0.wp.com\/www.tvturk.com\/wp-content\/uploads\/2019\/02\/fazil-saydan-trabzona-beste-sozu_ab7243b.jpg?resize=150%2C100 150w, https:\/\/i0.wp.com\/www.tvturk.com\/wp-content\/uploads\/2019\/02\/fazil-saydan-trabzona-beste-sozu_ab7243b.jpg?resize=300%2C200 300w, https:\/\/i0.wp.com\/www.tvturk.com\/wp-content\/uploads\/2019\/02\/fazil-saydan-trabzona-beste-sozu_ab7243b.jpg?resize=768%2C511 768w, https:\/\/i0.wp.com\/www.tvturk.com\/wp-content\/uploads\/2019\/02\/fazil-saydan-trabzona-beste-sozu_ab7243b.jpg?resize=170%2C113 170w, https:\/\/i0.wp.com\/www.tvturk.com\/wp-content\/uploads\/2019\/02\/fazil-saydan-trabzona-beste-sozu_ab7243b.jpg?resize=120%2C80 120w\" width=\"336\" height=\"224\" loading=\"lazy\" data-original-width=\"336\" data-original-height=\"224\" itemprop=\"http:\/\/schema.org\/image\" title=\"Faz\u0131l Say\u2019dan Trabzon\u2019a beste s\u00f6z\u00fc\" alt=\"Faz\u0131l Say\u2019dan Trabzon\u2019a beste s\u00f6z\u00fc\" style=\"width: 336px; height: 224px;\" \/> <\/a> <\/div> <\/div> <!-- close group --> <div class=\"gallery-group images-2\" style=\"width: 160px; height: 228px;\" data-original-width=\"160\" data-original-height=\"228\" > <div class=\"tiled-gallery-item tiled-gallery-item-small\" itemprop=\"associatedMedia\" itemscope itemtype=\"http:\/\/schema.org\/ImageObject\"> <a href=\"http:\/\/www.tvturk.com\/index.php\/fazil-saydan-trabzona-beste-sozu\/fazil-saydan-trabzona-beste-sozu-4\/\" border=\"0\" itemprop=\"url\"> <meta itemprop=\"width\" content=\"156\"> <meta itemprop=\"height\" content=\"116\"> <img decoding=\"async\" class=\"\" data-attachment-id=\"17973\" data-orig-file=\"http:\/\/www.tvturk.com\/wp-content\/uploads\/2019\/02\/fazil-saydan-trabzona-beste-sozu_e1164a8.jpg\" data-orig-size=\"1000,746\" data-comments-opened=\"\" data-image-meta=\"{&quot;aperture&quot;:&quot;0&quot;,&quot;credit&quot;:&quot;IHA&quot;,&quot;camera&quot;:&quot;&quot;,&quot;caption&quot;:&quot;KONSER\\u0130 \\u0130ZLEYENLER ARASINDA YER ALAN ORTAH\\u0130SAR BELED\\u0130YE BA\\u015eKANI AHMET MET\\u0130N GEN\\u00c7, KONSER SONRASINDA FAZIL SAY\\u0027A \\u00c7\\u0130\\u00c7EK VEREREK KONSER\\u0130 \\u0130\\u00c7\\u0130N TE\\u015eEKK\\u00dcR ETT\\u0130. GEN\\u00c7, SAY\\u2019DAN BESTES\\u0130 SADECE TRABZON \\u0130LE \\u0130LG\\u0130L\\u0130 B\\u0130R ESER S\\u00d6Z\\u00dc ALDI. (\\u0130HA\\\/TRABZON-\\u0130HA)&quot;,&quot;created_timestamp&quot;:&quot;0&quot;,&quot;copyright&quot;:&quot;\\u0130HLAS HABER AJANSI, www.iha.com.tr&quot;,&quot;focal_length&quot;:&quot;0&quot;,&quot;iso&quot;:&quot;0&quot;,&quot;shutter_speed&quot;:&quot;0&quot;,&quot;title&quot;:&quot;FAZIL SAY\\u2019DAN TRABZON\\u2019A BESTE S\\u00d6Z\\u00dc&quot;,&quot;orientation&quot;:&quot;0&quot;}\" data-image-title=\"Faz\u0131l Say\u2019dan Trabzon\u2019a beste s\u00f6z\u00fc\" data-image-description=\"&lt;p&gt;Faz\u0131l Say\u2019dan Trabzon\u2019a beste s\u00f6z\u00fc&lt;\/p&gt; \" data-medium-file=\"https:\/\/i0.wp.com\/www.tvturk.com\/wp-content\/uploads\/2019\/02\/fazil-saydan-trabzona-beste-sozu_e1164a8.jpg?fit=300%2C224\" data-large-file=\"https:\/\/i0.wp.com\/www.tvturk.com\/wp-content\/uploads\/2019\/02\/fazil-saydan-trabzona-beste-sozu_e1164a8.jpg?fit=1000%2C746\" src=\"https:\/\/i0.wp.com\/www.tvturk.com\/wp-content\/uploads\/2019\/02\/fazil-saydan-trabzona-beste-sozu_e1164a8.jpg?w=156&#038;h=116\" srcset=\"https:\/\/i0.wp.com\/www.tvturk.com\/wp-content\/uploads\/2019\/02\/fazil-saydan-trabzona-beste-sozu_e1164a8.jpg?w=1000 1000w, https:\/\/i0.wp.com\/www.tvturk.com\/wp-content\/uploads\/2019\/02\/fazil-saydan-trabzona-beste-sozu_e1164a8.jpg?resize=150%2C112 150w, https:\/\/i0.wp.com\/www.tvturk.com\/wp-content\/uploads\/2019\/02\/fazil-saydan-trabzona-beste-sozu_e1164a8.jpg?resize=300%2C224 300w, https:\/\/i0.wp.com\/www.tvturk.com\/wp-content\/uploads\/2019\/02\/fazil-saydan-trabzona-beste-sozu_e1164a8.jpg?resize=768%2C573 768w\" width=\"156\" height=\"116\" loading=\"lazy\" data-original-width=\"156\" data-original-height=\"116\" itemprop=\"http:\/\/schema.org\/image\" title=\"Faz\u0131l Say\u2019dan Trabzon\u2019a beste s\u00f6z\u00fc\" alt=\"Faz\u0131l Say\u2019dan Trabzon\u2019a beste s\u00f6z\u00fc\" style=\"width: 156px; height: 116px;\" \/> <\/a> <\/div> <div class=\"tiled-gallery-item tiled-gallery-item-small\" itemprop=\"associatedMedia\" itemscope itemtype=\"http:\/\/schema.org\/ImageObject\"> <a href=\"http:\/\/www.tvturk.com\/index.php\/fazil-saydan-trabzona-beste-sozu\/fazil-saydan-trabzona-beste-sozu-5\/\" border=\"0\" itemprop=\"url\"> <meta itemprop=\"width\" content=\"156\"> <meta itemprop=\"height\" content=\"104\"> <img decoding=\"async\" class=\"\" data-attachment-id=\"17974\" data-orig-file=\"http:\/\/www.tvturk.com\/wp-content\/uploads\/2019\/02\/fazil-saydan-trabzona-beste-sozu_f65e0b2.jpg\" data-orig-size=\"1000,666\" data-comments-opened=\"\" data-image-meta=\"{&quot;aperture&quot;:&quot;0&quot;,&quot;credit&quot;:&quot;IHA&quot;,&quot;camera&quot;:&quot;&quot;,&quot;caption&quot;:&quot;ARADEN\\u0130Z TEKN\\u0130K \\u00dcN\\u0130VERS\\u0130TES\\u0130 (KT\\u00dc) ATAT\\u00dcRK K\\u00dcLT\\u00dcR MERKEZ\\u0130\\u2019NDE \\u00c7OK SAYIDA KLAS\\u0130K M\\u00dcZ\\u0130KSEVER\\u0130N \\u0130ZLED\\u0130\\u011e\\u0130 KONSER YAKLA\\u015eIK 1,5 SAAT S\\u00dcRD\\u00dc (\\u0130HA\\\/TRABZON-\\u0130HA)&quot;,&quot;created_timestamp&quot;:&quot;0&quot;,&quot;copyright&quot;:&quot;\\u0130HLAS HABER AJANSI, www.iha.com.tr&quot;,&quot;focal_length&quot;:&quot;0&quot;,&quot;iso&quot;:&quot;0&quot;,&quot;shutter_speed&quot;:&quot;0&quot;,&quot;title&quot;:&quot;FAZIL SAY\\u2019DAN TRABZON\\u2019A BESTE S\\u00d6Z\\u00dc&quot;,&quot;orientation&quot;:&quot;0&quot;}\" data-image-title=\"Faz\u0131l Say\u2019dan Trabzon\u2019a beste s\u00f6z\u00fc\" data-image-description=\"&lt;p&gt;Faz\u0131l Say\u2019dan Trabzon\u2019a beste s\u00f6z\u00fc&lt;\/p&gt; \" data-medium-file=\"https:\/\/i0.wp.com\/www.tvturk.com\/wp-content\/uploads\/2019\/02\/fazil-saydan-trabzona-beste-sozu_f65e0b2.jpg?fit=300%2C200\" data-large-file=\"https:\/\/i0.wp.com\/www.tvturk.com\/wp-content\/uploads\/2019\/02\/fazil-saydan-trabzona-beste-sozu_f65e0b2.jpg?fit=1000%2C666\" src=\"https:\/\/i0.wp.com\/www.tvturk.com\/wp-content\/uploads\/2019\/02\/fazil-saydan-trabzona-beste-sozu_f65e0b2.jpg?w=156&#038;h=104\" srcset=\"https:\/\/i0.wp.com\/www.tvturk.com\/wp-content\/uploads\/2019\/02\/fazil-saydan-trabzona-beste-sozu_f65e0b2.jpg?w=1000 1000w, https:\/\/i0.wp.com\/www.tvturk.com\/wp-content\/uploads\/2019\/02\/fazil-saydan-trabzona-beste-sozu_f65e0b2.jpg?resize=150%2C100 150w, https:\/\/i0.wp.com\/www.tvturk.com\/wp-content\/uploads\/2019\/02\/fazil-saydan-trabzona-beste-sozu_f65e0b2.jpg?resize=300%2C200 300w, https:\/\/i0.wp.com\/www.tvturk.com\/wp-content\/uploads\/2019\/02\/fazil-saydan-trabzona-beste-sozu_f65e0b2.jpg?resize=768%2C511 768w, https:\/\/i0.wp.com\/www.tvturk.com\/wp-content\/uploads\/2019\/02\/fazil-saydan-trabzona-beste-sozu_f65e0b2.jpg?resize=170%2C113 170w, https:\/\/i0.wp.com\/www.tvturk.com\/wp-content\/uploads\/2019\/02\/fazil-saydan-trabzona-beste-sozu_f65e0b2.jpg?resize=120%2C80 120w\" width=\"156\" height=\"104\" loading=\"lazy\" data-original-width=\"156\" data-original-height=\"104\" itemprop=\"http:\/\/schema.org\/image\" title=\"Faz\u0131l Say\u2019dan Trabzon\u2019a beste s\u00f6z\u00fc\" alt=\"Faz\u0131l Say\u2019dan Trabzon\u2019a beste s\u00f6z\u00fc\" style=\"width: 156px; height: 104px;\" \/> <\/a> <\/div> <\/div> <!-- close group --> <\/div> <!-- close row --> <div class=\"gallery-row\" style=\"width: 500px; height: 334px;\" data-original-width=\"500\" data-original-height=\"334\" > <div class=\"gallery-group images-1\" style=\"width: 500px; height: 334px;\" data-original-width=\"500\" data-original-height=\"334\" > <div class=\"tiled-gallery-item tiled-gallery-item-large\" itemprop=\"associatedMedia\" itemscope itemtype=\"http:\/\/schema.org\/ImageObject\"> <a href=\"http:\/\/www.tvturk.com\/index.php\/fazil-saydan-trabzona-beste-sozu\/fazil-saydan-trabzona-beste-sozu-6\/\" border=\"0\" itemprop=\"url\"> <meta itemprop=\"width\" content=\"496\"> <meta itemprop=\"height\" content=\"330\"> <img decoding=\"async\" class=\"\" data-attachment-id=\"17975\" data-orig-file=\"http:\/\/www.tvturk.com\/wp-content\/uploads\/2019\/02\/fazil-saydan-trabzona-beste-sozu_27f8758.jpg\" data-orig-size=\"1000,666\" data-comments-opened=\"\" data-image-meta=\"{&quot;aperture&quot;:&quot;0&quot;,&quot;credit&quot;:&quot;IHA&quot;,&quot;camera&quot;:&quot;&quot;,&quot;caption&quot;:&quot;ARADEN\\u0130Z TEKN\\u0130K \\u00dcN\\u0130VERS\\u0130TES\\u0130 (KT\\u00dc) ATAT\\u00dcRK K\\u00dcLT\\u00dcR MERKEZ\\u0130\\u2019NDE \\u00c7OK SAYIDA KLAS\\u0130K M\\u00dcZ\\u0130KSEVER\\u0130N \\u0130ZLED\\u0130\\u011e\\u0130 KONSER YAKLA\\u015eIK 1,5 SAAT S\\u00dcRD\\u00dc (\\u0130HA\\\/TRABZON-\\u0130HA)&quot;,&quot;created_timestamp&quot;:&quot;0&quot;,&quot;copyright&quot;:&quot;\\u0130HLAS HABER AJANSI, www.iha.com.tr&quot;,&quot;focal_length&quot;:&quot;0&quot;,&quot;iso&quot;:&quot;0&quot;,&quot;shutter_speed&quot;:&quot;0&quot;,&quot;title&quot;:&quot;FAZIL SAY\\u2019DAN TRABZON\\u2019A BESTE S\\u00d6Z\\u00dc&quot;,&quot;orientation&quot;:&quot;0&quot;}\" data-image-title=\"Faz\u0131l Say\u2019dan Trabzon\u2019a beste s\u00f6z\u00fc\" data-image-description=\"&lt;p&gt;Faz\u0131l Say\u2019dan Trabzon\u2019a beste s\u00f6z\u00fc&lt;\/p&gt; \" data-medium-file=\"https:\/\/i0.wp.com\/www.tvturk.com\/wp-content\/uploads\/2019\/02\/fazil-saydan-trabzona-beste-sozu_27f8758.jpg?fit=300%2C200\" data-large-file=\"https:\/\/i0.wp.com\/www.tvturk.com\/wp-content\/uploads\/2019\/02\/fazil-saydan-trabzona-beste-sozu_27f8758.jpg?fit=1000%2C666\" src=\"https:\/\/i0.wp.com\/www.tvturk.com\/wp-content\/uploads\/2019\/02\/fazil-saydan-trabzona-beste-sozu_27f8758.jpg?w=496&#038;h=330\" srcset=\"https:\/\/i0.wp.com\/www.tvturk.com\/wp-content\/uploads\/2019\/02\/fazil-saydan-trabzona-beste-sozu_27f8758.jpg?w=1000 1000w, https:\/\/i0.wp.com\/www.tvturk.com\/wp-content\/uploads\/2019\/02\/fazil-saydan-trabzona-beste-sozu_27f8758.jpg?resize=150%2C100 150w, https:\/\/i0.wp.com\/www.tvturk.com\/wp-content\/uploads\/2019\/02\/fazil-saydan-trabzona-beste-sozu_27f8758.jpg?resize=300%2C200 300w, https:\/\/i0.wp.com\/www.tvturk.com\/wp-content\/uploads\/2019\/02\/fazil-saydan-trabzona-beste-sozu_27f8758.jpg?resize=768%2C511 768w, https:\/\/i0.wp.com\/www.tvturk.com\/wp-content\/uploads\/2019\/02\/fazil-saydan-trabzona-beste-sozu_27f8758.jpg?resize=170%2C113 170w, https:\/\/i0.wp.com\/www.tvturk.com\/wp-content\/uploads\/2019\/02\/fazil-saydan-trabzona-beste-sozu_27f8758.jpg?resize=120%2C80 120w\" width=\"496\" height=\"330\" loading=\"lazy\" data-original-width=\"496\" data-original-height=\"330\" itemprop=\"http:\/\/schema.org\/image\" title=\"Faz\u0131l Say\u2019dan Trabzon\u2019a beste s\u00f6z\u00fc\" alt=\"Faz\u0131l Say\u2019dan Trabzon\u2019a beste s\u00f6z\u00fc\" style=\"width: 496px; height: 330px;\" \/> <\/a> <\/div> <\/div> <!-- close group --> <\/div> <!-- close row --> <\/div><\/p>\n","protected":false},"excerpt":{"rendered":"<p>D\u00dcNYACA \u00dcNL\u00dc P\u0130YAN\u0130ST VE BESTEC\u0130 FAZIL SAY, TRABZON\u2019DA B\u0130R KONSER VERD\u0130.<\/p>\n","protected":false},"author":1,"featured_media":17971,"comment_status":"closed","ping_status":"open","sticky":false,"template":"","format":"standard","meta":{"jetpack_post_was_ever_published":false,"_jetpack_newsletter_access":"","_jetpack_dont_email_post_to_subs":false,"_jetpack_newsletter_tier_id":0,"_jetpack_memberships_contains_paywalled_content":false,"_jetpack_memberships_contains_paid_content":false,"footnotes":"","jetpack_publicize_message":"","jetpack_publicize_feature_enabled":true,"jetpack_social_post_already_shared":false,"jetpack_social_options":{"image_generator_settings":{"template":"highway","default_image_id":0,"font":"","enabled":false},"version":2}},"categories":[656],"tags":[8271,8268,8269,198,8270],"class_list":["post-17970","post","type-post","status-publish","format-standard","has-post-thumbnail","hentry","category-kultur-sanat","tag-beste","tag-fazil","tag-saydan","tag-sozu","tag-trabzona"],"jetpack_publicize_connections":[],"jetpack_featured_media_url":"https:\/\/i0.wp.com\/www.tvturk.com\/wp-content\/uploads\/2019\/02\/fazil-saydan-trabzona-beste-sozu_b864598.jpg?fit=1000%2C666","jetpack_sharing_enabled":true,"jetpack_shortlink":"https:\/\/wp.me\/paKIfm-4FQ","_links":{"self":[{"href":"http:\/\/www.tvturk.com\/index.php\/wp-json\/wp\/v2\/posts\/17970","targetHints":{"allow":["GET"]}}],"collection":[{"href":"http:\/\/www.tvturk.com\/index.php\/wp-json\/wp\/v2\/posts"}],"about":[{"href":"http:\/\/www.tvturk.com\/index.php\/wp-json\/wp\/v2\/types\/post"}],"author":[{"embeddable":true,"href":"http:\/\/www.tvturk.com\/index.php\/wp-json\/wp\/v2\/users\/1"}],"replies":[{"embeddable":true,"href":"http:\/\/www.tvturk.com\/index.php\/wp-json\/wp\/v2\/comments?post=17970"}],"version-history":[{"count":1,"href":"http:\/\/www.tvturk.com\/index.php\/wp-json\/wp\/v2\/posts\/17970\/revisions"}],"predecessor-version":[{"id":17976,"href":"http:\/\/www.tvturk.com\/index.php\/wp-json\/wp\/v2\/posts\/17970\/revisions\/17976"}],"wp:featuredmedia":[{"embeddable":true,"href":"http:\/\/www.tvturk.com\/index.php\/wp-json\/wp\/v2\/media\/17971"}],"wp:attachment":[{"href":"http:\/\/www.tvturk.com\/index.php\/wp-json\/wp\/v2\/media?parent=17970"}],"wp:term":[{"taxonomy":"category","embeddable":true,"href":"http:\/\/www.tvturk.com\/index.php\/wp-json\/wp\/v2\/categories?post=17970"},{"taxonomy":"post_tag","embeddable":true,"href":"http:\/\/www.tvturk.com\/index.php\/wp-json\/wp\/v2\/tags?post=17970"}],"curies":[{"name":"wp","href":"https:\/\/api.w.org\/{rel}","templated":true}]}}