{"id":179718,"date":"2019-07-09T11:31:54","date_gmt":"2019-07-09T08:31:54","guid":{"rendered":"http:\/\/www.tvturk.com\/index.php\/ozel-maden-deresi-nitelikli-dogal-koruma-alani-oldu\/"},"modified":"2019-07-09T11:31:54","modified_gmt":"2019-07-09T08:31:54","slug":"ozel-maden-deresi-nitelikli-dogal-koruma-alani-oldu","status":"publish","type":"post","link":"http:\/\/www.tvturk.com\/index.php\/ozel-maden-deresi-nitelikli-dogal-koruma-alani-oldu\/","title":{"rendered":"(\u00d6ZEL) Maden Deresi \u2018Nitelikli Do\u011fal Koruma alan\u0131\u2019 oldu"},"content":{"rendered":"<p>Sakarya\u2019n\u0131n Karasu ve Kocaali il\u00e7eleri aras\u0131nda bulunan Maden Deresi\u2019nin korunmas\u0131 i\u00e7in haz\u0131rlanan \u2018Nitelikli koruma alan\u0131\u2019 karar\u0131 \u00c7evre ve \u015eehircilik Bakanl\u0131\u011f\u0131 taraf\u0131ndan onayland\u0131.<\/p>\n<p>Kocaeli Tabiat Varl\u0131klar\u0131n\u0131 Koruma B\u00f6lge Komisyonu \u00fcyeleri, Sakarya\u2019n\u0131n Karasu ve Kocaali il\u00e7eleri aras\u0131nda 1. ve 2. derece do\u011fal sit alan\u0131 stat\u00fcs\u00fcnde bulunan Maden Deresini do\u011fal sit alan\u0131n\u0131n koruma stat\u00fcs\u00fcn\u00fcn \u2018Nitelikli Do\u011fal Koruma Alan\u0131\u2019 olarak tescilledi. Komisyon \u00fcyeleri bu karar\u0131 onaylanmas\u0131 i\u00e7in \u00c7evre ve \u015eehircilik Bakanl\u0131\u011f\u0131na g\u00f6nderdi. Bakanl\u0131k komisyon karar\u0131n\u0131 onayarak, Maden Deresinin koruma stat\u00fcs\u00fcn\u00fc \u2018Nitelikli Do\u011fal Koruma alan\u0131\u2019 olarak ilan etti.<\/p>\n<p>Maden Deresi s\u0131k bir ormanl\u0131k alanda derin bir vadinin i\u00e7inde yer almas\u0131, dinlenme alanlar\u0131, mesire yerleri, do\u011fal alabal\u0131k tesisleri, \u015felalesi ve akarsuyu olmas\u0131 sebebiyle vatanda\u015flar\u0131n u\u011frak yeri haline getiriyor.<\/p>\n","protected":false},"excerpt":{"rendered":"<p>SAKARYA\u2019NIN KARASU VE KOCAAL\u0130 \u0130L\u00c7ELER\u0130 ARASINDA BULUNAN MADEN DERES\u0130\u2019N\u0130N KORUNMASI \u0130\u00c7\u0130N HAZIRLANAN \u2018N\u0130TEL\u0130KL\u0130 KORUMA ALANI\u2019 KARARI \u00c7EVRE VE \u015eEH\u0130RC\u0130L\u0130K BAKANLI\u011eI TARAFINDAN ONAYLANDI.<\/p>\n","protected":false},"author":1,"featured_media":179719,"comment_status":"closed","ping_status":"open","sticky":false,"template":"","format":"standard","meta":{"jetpack_post_was_ever_published":false,"_jetpack_newsletter_access":"","_jetpack_dont_email_post_to_subs":false,"_jetpack_newsletter_tier_id":0,"_jetpack_memberships_contains_paywalled_content":false,"_jetpack_memberships_contains_paid_content":false,"footnotes":"","jetpack_publicize_message":"","jetpack_publicize_feature_enabled":true,"jetpack_social_post_already_shared":true,"jetpack_social_options":{"image_generator_settings":{"template":"highway","default_image_id":0,"font":"","enabled":false},"version":2}},"categories":[1],"tags":[1073,3386,15257,1084,1185,4622,4533,77],"class_list":["post-179718","post","type-post","status-publish","format-standard","has-post-thumbnail","hentry","category-genel","tag-ozel","tag-alani","tag-deresi","tag-dogal","tag-koruma","tag-maden","tag-nitelikli","tag-oldu"],"jetpack_publicize_connections":[],"jetpack_featured_media_url":"https:\/\/i0.wp.com\/www.tvturk.com\/wp-content\/uploads\/2019\/07\/ozel-maden-deresi-nitelikli-dogal-koruma-alani-oldu_a03b685.jpg?fit=1000%2C666","jetpack_sharing_enabled":true,"jetpack_shortlink":"https:\/\/wp.me\/paKIfm-KKG","_links":{"self":[{"href":"http:\/\/www.tvturk.com\/index.php\/wp-json\/wp\/v2\/posts\/179718","targetHints":{"allow":["GET"]}}],"collection":[{"href":"http:\/\/www.tvturk.com\/index.php\/wp-json\/wp\/v2\/posts"}],"about":[{"href":"http:\/\/www.tvturk.com\/index.php\/wp-json\/wp\/v2\/types\/post"}],"author":[{"embeddable":true,"href":"http:\/\/www.tvturk.com\/index.php\/wp-json\/wp\/v2\/users\/1"}],"replies":[{"embeddable":true,"href":"http:\/\/www.tvturk.com\/index.php\/wp-json\/wp\/v2\/comments?post=179718"}],"version-history":[{"count":0,"href":"http:\/\/www.tvturk.com\/index.php\/wp-json\/wp\/v2\/posts\/179718\/revisions"}],"wp:featuredmedia":[{"embeddable":true,"href":"http:\/\/www.tvturk.com\/index.php\/wp-json\/wp\/v2\/media\/179719"}],"wp:attachment":[{"href":"http:\/\/www.tvturk.com\/index.php\/wp-json\/wp\/v2\/media?parent=179718"}],"wp:term":[{"taxonomy":"category","embeddable":true,"href":"http:\/\/www.tvturk.com\/index.php\/wp-json\/wp\/v2\/categories?post=179718"},{"taxonomy":"post_tag","embeddable":true,"href":"http:\/\/www.tvturk.com\/index.php\/wp-json\/wp\/v2\/tags?post=179718"}],"curies":[{"name":"wp","href":"https:\/\/api.w.org\/{rel}","templated":true}]}}