{"id":179742,"date":"2019-07-09T12:16:15","date_gmt":"2019-07-09T09:16:15","guid":{"rendered":"http:\/\/www.tvturk.com\/index.php\/mersinde-uzum-hasadi-devam-ediyor\/"},"modified":"2019-07-09T12:16:15","modified_gmt":"2019-07-09T09:16:15","slug":"mersinde-uzum-hasadi-devam-ediyor","status":"publish","type":"post","link":"http:\/\/www.tvturk.com\/index.php\/mersinde-uzum-hasadi-devam-ediyor\/","title":{"rendered":"Mersin\u2019de \u00fcz\u00fcm hasad\u0131 devam ediyor"},"content":{"rendered":"<p>T\u00fcrkiye\u2019nin \u00f6nde gelen \u00fcz\u00fcm \u00fcretim merkezlerinden biri olan  Mersin\u2019in Tarsus il\u00e7esindeki \u00fcreticilerin \u00fcz\u00fcm hasad\u0131 t\u00fcm h\u0131z\u0131yla s\u00fcr\u00fcyor.<\/p>\n<p>Bereketin ve bollu\u011fun sembol\u00fc olan \u00fcz\u00fcm hasad\u0131, T\u00fcrkiye\u2019nin \u00fcz\u00fcm ihtiyac\u0131n\u0131n  y\u00fczde 5\u2019ini kar\u015f\u0131layan Tarsus\u2019ta bir s\u00fcre \u00f6nce ba\u015flad\u0131. Mersin B\u00fcy\u00fck\u015fehir  Belediyesi Tar\u0131msal Hizmetler Dairesi Ba\u015fkanl\u0131\u011f\u0131 ekipleri de il\u00e7edeki \u00fcreticilerle  bulu\u015farak hasat heyecan\u0131na ortak oldu.<\/p>\n<p>Tarsus Sayk\u00f6y Mahallesi\u2019nde ba\u015flayan \u00fcz\u00fcm hasad\u0131nda \u2019Yalova \u0130ncisi ve Trakya  \u0130lkeren\u2019 \u00e7e\u015fidi \u00fcz\u00fcmlerin hasad\u0131 yap\u0131ld\u0131. B\u00fcy\u00fck\u015fehir Belediyesi Tar\u0131msal Hizmetler  Dairesi Ba\u015fkanl\u0131\u011f\u0131 ekiplerinin de \u00fcreticilere e\u015flik etti\u011fi hasatta, hem \u00fcz\u00fcmler hasat  edildi hem de ekipler taraf\u0131ndan \u00fcreticilerin sorunlar\u0131 ve taleplerini dinlendi.<\/p>\n<p>Rapor haz\u0131rlad\u0131lar<\/p>\n<p>Hasat s\u0131ras\u0131nda \u00fcreticilerin talep ve sorunlar\u0131n\u0131 dinleyen Tar\u0131msal Hizmetler  Dairesi Ba\u015fkanl\u0131\u011f\u0131 ekipleri, \u00fcz\u00fcm hasad\u0131yla ilgili de rapor haz\u0131rlad\u0131. Raporda,  ge\u00e7ti\u011fimiz y\u0131l yap\u0131lan \u00fcz\u00fcm hasad\u0131yla ilgili kar\u015f\u0131la\u015ft\u0131rmalara ve \u00fcr\u00fcn verim  de\u011ferlendirilmelerine yer verildi.<\/p>\n<p>Hasat 20 g\u00fcn ge\u00e7 ba\u015flad\u0131<\/p>\n<p>Ge\u00e7en y\u0131l haziran ay\u0131n\u0131n ba\u015flar\u0131nda yap\u0131lan hasad\u0131n, bu y\u0131l 20 g\u00fcn ge\u00e7  ba\u015flad\u0131\u011f\u0131n\u0131n kaydedildi\u011fi raporda, y\u0131l i\u00e7inde ya\u015fanan dolu ya\u011f\u0131\u015flar\u0131n\u0131n bir \u00f6nceki  y\u0131la g\u00f6re verimin d\u00fc\u015fmesine sebep oldu\u011fu, \u00fcz\u00fcmde kalite kayb\u0131 ya\u015fanmad\u0131\u011f\u0131, ancak  rekoltede y\u00fczde 40\u2019a yak\u0131n d\u00fc\u015f\u00fc\u015f oldu\u011fu bilgisi yer ald\u0131.<\/p>\n<p>Raporda, ayr\u0131ca 2018 y\u0131l\u0131nda ortalama dekar ba\u015f\u0131na 2-3 ton \u00fcr\u00fcn alan \u00fcreticilerin  2019 y\u0131l\u0131 Haziran ay\u0131nda ortalama 1.5-2 ton \u00fcr\u00fcn alabildikleri bilgisine yer verildi.<\/p>\n","protected":false},"excerpt":{"rendered":"<p>MERS\u0130N&#8217;\u0130N TARSUS \u0130L\u00c7ES\u0130NDEK\u0130 \u00dcRET\u0130C\u0130LER\u0130N \u00dcZ\u00dcM HASADI T\u00dcM HIZIYLA S\u00dcR\u00dcYOR.<\/p>\n","protected":false},"author":1,"featured_media":179743,"comment_status":"closed","ping_status":"open","sticky":false,"template":"","format":"standard","meta":{"jetpack_post_was_ever_published":false,"_jetpack_newsletter_access":"","_jetpack_dont_email_post_to_subs":false,"_jetpack_newsletter_tier_id":0,"_jetpack_memberships_contains_paywalled_content":false,"_jetpack_memberships_contains_paid_content":false,"footnotes":"","jetpack_publicize_message":"","jetpack_publicize_feature_enabled":true,"jetpack_social_post_already_shared":true,"jetpack_social_options":{"image_generator_settings":{"template":"highway","default_image_id":0,"font":"","enabled":false},"version":2}},"categories":[19],"tags":[522,523,17522,2218,1108],"class_list":["post-179742","post","type-post","status-publish","format-standard","has-post-thumbnail","hentry","category-ekonomi","tag-devam","tag-ediyor","tag-hasadi","tag-mersinde","tag-uzum"],"jetpack_publicize_connections":[],"jetpack_featured_media_url":"https:\/\/i0.wp.com\/www.tvturk.com\/wp-content\/uploads\/2019\/07\/mersinde-uzum-hasadi-devam-ediyor_e040464.jpg?fit=1000%2C666","jetpack_sharing_enabled":true,"jetpack_shortlink":"https:\/\/wp.me\/paKIfm-KL4","_links":{"self":[{"href":"http:\/\/www.tvturk.com\/index.php\/wp-json\/wp\/v2\/posts\/179742","targetHints":{"allow":["GET"]}}],"collection":[{"href":"http:\/\/www.tvturk.com\/index.php\/wp-json\/wp\/v2\/posts"}],"about":[{"href":"http:\/\/www.tvturk.com\/index.php\/wp-json\/wp\/v2\/types\/post"}],"author":[{"embeddable":true,"href":"http:\/\/www.tvturk.com\/index.php\/wp-json\/wp\/v2\/users\/1"}],"replies":[{"embeddable":true,"href":"http:\/\/www.tvturk.com\/index.php\/wp-json\/wp\/v2\/comments?post=179742"}],"version-history":[{"count":0,"href":"http:\/\/www.tvturk.com\/index.php\/wp-json\/wp\/v2\/posts\/179742\/revisions"}],"wp:featuredmedia":[{"embeddable":true,"href":"http:\/\/www.tvturk.com\/index.php\/wp-json\/wp\/v2\/media\/179743"}],"wp:attachment":[{"href":"http:\/\/www.tvturk.com\/index.php\/wp-json\/wp\/v2\/media?parent=179742"}],"wp:term":[{"taxonomy":"category","embeddable":true,"href":"http:\/\/www.tvturk.com\/index.php\/wp-json\/wp\/v2\/categories?post=179742"},{"taxonomy":"post_tag","embeddable":true,"href":"http:\/\/www.tvturk.com\/index.php\/wp-json\/wp\/v2\/tags?post=179742"}],"curies":[{"name":"wp","href":"https:\/\/api.w.org\/{rel}","templated":true}]}}