{"id":179782,"date":"2019-07-09T13:01:57","date_gmt":"2019-07-09T10:01:57","guid":{"rendered":"http:\/\/www.tvturk.com\/index.php\/ayvalikta-jandarma-iki-ayri-operasyonda-65-gocmen-ele-gecirildi\/"},"modified":"2019-07-09T13:01:57","modified_gmt":"2019-07-09T10:01:57","slug":"ayvalikta-jandarma-iki-ayri-operasyonda-65-gocmen-ele-gecirildi","status":"publish","type":"post","link":"http:\/\/www.tvturk.com\/index.php\/ayvalikta-jandarma-iki-ayri-operasyonda-65-gocmen-ele-gecirildi\/","title":{"rendered":"Ayval\u0131k\u2019ta jandarma iki ayr\u0131 operasyonda 65 g\u00f6\u00e7men ele ge\u00e7irildi"},"content":{"rendered":"<p>Bal\u0131kesir\u2019in Ayval\u0131k il\u00e7esinde, yasa d\u0131\u015f\u0131 yollarla Yunanistan\u2019\u0131n Midilli Adas\u0131\u2019na gitmek isteyen 65 g\u00f6\u00e7men jandarma ekipleri taraf\u0131ndan yakaland\u0131.<\/p>\n<p>Al\u0131nan bilgiye g\u00f6re;  Ayval\u0131k \u0130l\u00e7e Jandarma Komutanl\u0131\u011f\u0131 b\u00fcnyesindeki K\u00fc\u00e7\u00fckk\u00f6y Jandarma Karakol Komutanl\u0131\u011f\u0131\u2019na ba\u011fl\u0131 ekipler; Ayval\u0131k\u2019\u0131n K\u00fc\u00e7\u00fckk\u00f6y Mahallesi s\u0131n\u0131rlar\u0131 i\u00e7erisinde bulunan \u015eeytan Sofras\u0131 yolu \u00fczerinde \u015f\u00fcphelendikleri bir kapal\u0131 kasal\u0131 bir kamyoneti durdurmak istedi.<\/p>\n<p>Ancak \u0130stanbul plakal\u0131 kamyonet jandarma ekiplerinin \u2018dur\u2019 ihtar\u0131na uymay\u0131p ka\u00e7maya \u00e7al\u0131\u015ft\u0131.  Jandarma ekiplerinin k\u0131sa s\u00fcreli takibi sonras\u0131nda kamyonet Muratreis mevkii kav\u015fa\u011f\u0131nda durduruldu.  Kamyonetin kapal\u0131 kasas\u0131n\u0131 a\u00e7an ekipler; 11\u2019i \u00e7ocuk, 7\u2019si kad\u0131n, 34 Afganistan uyruklu g\u00f6\u00e7men ile kar\u015f\u0131la\u015ft\u0131.<\/p>\n<p>Ekiplerin yapt\u0131klar\u0131 operasyonla M.K. isimli organizat\u00f6r ise yaya olarak olay yerinden ka\u00e7maya \u00e7al\u0131\u015f\u0131rken, b\u00f6lgedeki bir sitede yakaland\u0131.<\/p>\n<p>Ayval\u0131k \u0130l\u00e7e Jandarma Komutanl\u0131\u011f\u0131 b\u00fcnyesindeki ekiplerin ayn\u0131 g\u00fcn ger\u00e7ekle\u015ftirdikleri bir ba\u015fka operasyonda ise K\u00fc\u00e7\u00fckk\u00f6y Mahallesi s\u0131n\u0131rlar\u0131 i\u00e7erisindeki Tuzla mevkiinde sal\u0131k bir alanda saklanan 23\u2019\u00fc Suriye, 5\u2019i Kongo Cumhuriyeti, 2\u2019si Filistin, 1\u2019i Tanzanya uyruklu olduklar\u0131 \u00f6\u011frenilen 31 g\u00f6\u00e7men daha yakaland\u0131.<\/p>\n<p>20\u2019si \u00e7ocuk, 5\u2019i kad\u0131n olan 31 g\u00f6\u00e7menin yan\u0131 s\u0131ra 1 adet lastik bot, 1 adet tekne motoru da ele ge\u00e7iren jandarma ekipleri, her iki operasyon yakalanan toplam 65 g\u00f6\u00e7men hakk\u0131n da yasal i\u015flemler ba\u015flat\u0131ld\u0131.<\/p>\n<p>M.K. isimli organizat\u00f6r ise g\u00f6zalt\u0131na al\u0131nd\u0131.<\/p>\n","protected":false},"excerpt":{"rendered":"<p>G\u00d6\u00c7MEN<\/p>\n","protected":false},"author":1,"featured_media":179783,"comment_status":"closed","ping_status":"open","sticky":false,"template":"","format":"standard","meta":{"jetpack_post_was_ever_published":false,"_jetpack_newsletter_access":"","_jetpack_dont_email_post_to_subs":false,"_jetpack_newsletter_tier_id":0,"_jetpack_memberships_contains_paywalled_content":false,"_jetpack_memberships_contains_paid_content":false,"footnotes":"","jetpack_publicize_message":"","jetpack_publicize_feature_enabled":true,"jetpack_social_post_already_shared":true,"jetpack_social_options":{"image_generator_settings":{"template":"highway","default_image_id":0,"font":"","enabled":false},"version":2}},"categories":[1],"tags":[2597,929,385,1813,1009,1220,942,10013],"class_list":["post-179782","post","type-post","status-publish","format-standard","has-post-thumbnail","hentry","category-genel","tag-ayri","tag-ayvalikta","tag-ele","tag-gecirildi","tag-gocmen","tag-iki","tag-jandarma","tag-operasyonda"],"jetpack_publicize_connections":[],"jetpack_featured_media_url":"https:\/\/i0.wp.com\/www.tvturk.com\/wp-content\/uploads\/2019\/07\/ayvalikta-jandarma-iki-ayri-operasyonda-65-gocmen-ele-gecirildi_284b743.jpg?fit=1000%2C562","jetpack_sharing_enabled":true,"jetpack_shortlink":"https:\/\/wp.me\/paKIfm-KLI","_links":{"self":[{"href":"http:\/\/www.tvturk.com\/index.php\/wp-json\/wp\/v2\/posts\/179782","targetHints":{"allow":["GET"]}}],"collection":[{"href":"http:\/\/www.tvturk.com\/index.php\/wp-json\/wp\/v2\/posts"}],"about":[{"href":"http:\/\/www.tvturk.com\/index.php\/wp-json\/wp\/v2\/types\/post"}],"author":[{"embeddable":true,"href":"http:\/\/www.tvturk.com\/index.php\/wp-json\/wp\/v2\/users\/1"}],"replies":[{"embeddable":true,"href":"http:\/\/www.tvturk.com\/index.php\/wp-json\/wp\/v2\/comments?post=179782"}],"version-history":[{"count":0,"href":"http:\/\/www.tvturk.com\/index.php\/wp-json\/wp\/v2\/posts\/179782\/revisions"}],"wp:featuredmedia":[{"embeddable":true,"href":"http:\/\/www.tvturk.com\/index.php\/wp-json\/wp\/v2\/media\/179783"}],"wp:attachment":[{"href":"http:\/\/www.tvturk.com\/index.php\/wp-json\/wp\/v2\/media?parent=179782"}],"wp:term":[{"taxonomy":"category","embeddable":true,"href":"http:\/\/www.tvturk.com\/index.php\/wp-json\/wp\/v2\/categories?post=179782"},{"taxonomy":"post_tag","embeddable":true,"href":"http:\/\/www.tvturk.com\/index.php\/wp-json\/wp\/v2\/tags?post=179782"}],"curies":[{"name":"wp","href":"https:\/\/api.w.org\/{rel}","templated":true}]}}